{"id":23556,"date":"2020-10-17T11:48:59","date_gmt":"2020-10-17T09:48:59","guid":{"rendered":"https:\/\/www.lintelligentdabidjan.info\/news\/?p=23556"},"modified":"2020-10-17T11:48:59","modified_gmt":"2020-10-17T09:48:59","slug":"boycott-actif-affi-nous-sommes-candidats-nous-maintenons-notre-candidature","status":"publish","type":"post","link":"https:\/\/www.lintelligentdabidjan.info\/news\/boycott-actif-affi-nous-sommes-candidats-nous-maintenons-notre-candidature\/","title":{"rendered":"Boycott actif, Affi : \u00ab Nous sommes candidats, nous maintenons notre candidature \u00bb"},"content":{"rendered":"<p><em><strong>Pascal Affi N\u2019Guessan, porte-parole de la plateforme de la d\u00e9sob\u00e9issance civile et candidat du Front populaire ivoirien (Fpi) \u00e0 l\u2019\u00e9lection pr\u00e9sidentielle, a anim\u00e9 une conf\u00e9rence de presse le vendredi 16 octobre 2020, au si\u00e8ge du Pdci-Rda, Abidjan-Cocody, pour annoncer l&#8217;entr\u00e9e en vigueur de l&#8217;acte 2 de la d\u00e9sob\u00e9issance civile.<\/strong><\/em><\/p>\n<p>Justifiant cela, il a indiqu\u00e9 que le pouvoir est rest\u00e9 jusque l\u00e0, sourd aux appels au dialogue traduits, entre autres par le meeting du samedi 10 octobre 2020<br \/>\nau stade F\u00e9lix Houphou\u00ebt-Boigny. Pour lui, Alassane Ouattara porterait seul la responsabilit\u00e9 des violences qui pourraient en d\u00e9couler.<\/p>\n<p>\u00ab Pour nous, le F\u00e9licia se voulait une main tendue, un appel \u00e0 la discussion, l\u2019expression de notre volont\u00e9 de n\u00e9gocier. Nous esp\u00e9rions que ce raz de mar\u00e9e humain, refusant de mani\u00e8re \u00e0 la fois tranquille et r\u00e9solue le tripatouillage \u00e9lectoral, l\u2019exclusion de plusieurs candidats dont certains sont \u00e0 mes c\u00f4t\u00e9s, la forfaiture du 3\u00e8me mandat, contraindrait le pouvoir au dialogue.<\/p>\n<p>Nous l\u2019esp\u00e9rions parce que, \u00e0 nos yeux, le r\u00e8glement pacifique des conflits doit \u00eatre la norme dans une C\u00f4te d\u2019Ivoire mature. Nous avons tous dans ce pays suffisamment souffert, collectivement, individuellement, pour connaitre le prix de la guerre et la valeur de la paix, pour savoir aussi que l\u2019on ne perd jamais la face en donnant une chance \u00e0 la paix (\u2026) Ce qui est en cours ne s\u2019appelle pas une \u00e9lection pr\u00e9sidentielle. Cela s\u2019appelle au choix : un coup de force, un coup d\u2019\u00c9tat, un braquage, une imposture, un simulacre. C\u2019est \u00e0 coup s\u00fbr une forfaiture ! Cela ne peut d\u2019ailleurs pas s\u2019appeler une \u00e9lection pr\u00e9sidentielle puisque celle-ci est rendue impossible par l\u2019absence de repr\u00e9sentants de l\u2019opposition au sein de la CEI. Comme cela ne s\u2019appelle pas une \u00e9lection pr\u00e9sidentielle, le pr\u00e9sident Henri Konan B\u00e9di\u00e9 et moi-m\u00eame avons pr\u00e9cis\u00e9 hier (Ndlr : jeudi 15 octobre 2020) que le processus en cours ne nous concernait pas \u00bb, a-t-il dit dans ses propos liminaires.<\/p>\n<p>Il a fait cette pr\u00e9cision : \u00ab Nous sommes candidats, nous maintenons notre candidature. Nous voulons gagner les \u00e9lections, mais il y a des obstacles sur la voie. Nous nous battons pour pouvoir les lever. De mani\u00e8re \u00e0 ce que notre candidature puisse prosp\u00e9rer. Retirer sa candidature parce qu&#8217;on n&#8217;est pas d&#8217;accord, ce serait d\u00e9missionner par rapport \u00e0 ses ambitions, ce serait renoncer. Or nous ne renon\u00e7ons pas \u00bb.<\/p>\n<p>Il a \u00e9galement soutenu que le bilan actuel de la d\u00e9sob\u00e9issance civile est positif. Car, selon lui, la premi\u00e8re phase a \u00e9t\u00e9 un succ\u00e8s. Il a soulign\u00e9 qu&#8217;ils vont mener pacifiquement ce combat.<\/p>\n<p>Puis de pr\u00e9venir : \u00ab Mais si nous sommes attaqu\u00e9s, nous nous d\u00e9fendrons. Si nous sommes agress\u00e9s, nous nous d\u00e9fendrons parce que nous serons en situation de l\u00e9gitime d\u00e9fense \u00bb.<\/p>\n<p><strong><br \/>\nTAB <\/strong><\/p>\n<p>Pour acheter votre journal du jour en PDF &#8211; les archives et les num\u00e9ros r\u00e9cents, cliquer \u00a0&#8230;..<\/p>\n<p><a href=\"https:\/\/www.lintelligentdabidjan.info\/client\/produit\/n3749-4\/\">https:\/\/www.lintelligentdabidjan.info\/client\/produit\/n3749-4\/<\/a><\/p>\n","protected":false},"excerpt":{"rendered":"<p>Pascal Affi N\u2019Guessan, porte-parole de la plateforme de la d\u00e9sob\u00e9issance civile et candidat du Front populaire ivoirien (Fpi) \u00e0 l\u2019\u00e9lection pr\u00e9sidentielle, a anim\u00e9 une conf\u00e9rence de presse le vendredi 16 octobre 2020, au si\u00e8ge du Pdci-Rda, Abidjan-Cocody, pour annoncer l&#8217;entr\u00e9e en vigueur de l&#8217;acte 2 de la d\u00e9sob\u00e9issance civile. Justifiant cela, il a indiqu\u00e9 que [&hellip;]<\/p>\n","protected":false},"author":3,"featured_media":23557,"comment_status":"closed","ping_status":"closed","sticky":false,"template":"","format":"standard","meta":{"_monsterinsights_skip_tracking":false,"_monsterinsights_sitenote_active":false,"_monsterinsights_sitenote_note":"","_monsterinsights_sitenote_category":0,"footnotes":""},"categories":[2,17],"tags":[],"class_list":["post-23556","post","type-post","status-publish","format-standard","has-post-thumbnail","hentry","category-featured","category-politique"],"_links":{"self":[{"href":"https:\/\/www.lintelligentdabidjan.info\/news\/wp-json\/wp\/v2\/posts\/23556","targetHints":{"allow":["GET"]}}],"collection":[{"href":"https:\/\/www.lintelligentdabidjan.info\/news\/wp-json\/wp\/v2\/posts"}],"about":[{"href":"https:\/\/www.lintelligentdabidjan.info\/news\/wp-json\/wp\/v2\/types\/post"}],"author":[{"embeddable":true,"href":"https:\/\/www.lintelligentdabidjan.info\/news\/wp-json\/wp\/v2\/users\/3"}],"replies":[{"embeddable":true,"href":"https:\/\/www.lintelligentdabidjan.info\/news\/wp-json\/wp\/v2\/comments?post=23556"}],"version-history":[{"count":1,"href":"https:\/\/www.lintelligentdabidjan.info\/news\/wp-json\/wp\/v2\/posts\/23556\/revisions"}],"predecessor-version":[{"id":23558,"href":"https:\/\/www.lintelligentdabidjan.info\/news\/wp-json\/wp\/v2\/posts\/23556\/revisions\/23558"}],"wp:featuredmedia":[{"embeddable":true,"href":"https:\/\/www.lintelligentdabidjan.info\/news\/wp-json\/wp\/v2\/media\/23557"}],"wp:attachment":[{"href":"https:\/\/www.lintelligentdabidjan.info\/news\/wp-json\/wp\/v2\/media?parent=23556"}],"wp:term":[{"taxonomy":"category","embeddable":true,"href":"https:\/\/www.lintelligentdabidjan.info\/news\/wp-json\/wp\/v2\/categories?post=23556"},{"taxonomy":"post_tag","embeddable":true,"href":"https:\/\/www.lintelligentdabidjan.info\/news\/wp-json\/wp\/v2\/tags?post=23556"}],"curies":[{"name":"wp","href":"https:\/\/api.w.org\/{rel}","templated":true}]}}