{"id":23619,"date":"2020-10-21T16:58:31","date_gmt":"2020-10-21T14:58:31","guid":{"rendered":"https:\/\/www.lintelligentdabidjan.info\/news\/?p=23619"},"modified":"2020-10-21T17:07:14","modified_gmt":"2020-10-21T15:07:14","slug":"boycott-actif-des-elections-degats-materiels-de-plus-de-milliards-fcfa-et-victimes-humaines","status":"publish","type":"post","link":"https:\/\/www.lintelligentdabidjan.info\/news\/boycott-actif-des-elections-degats-materiels-de-plus-de-milliards-fcfa-et-victimes-humaines\/","title":{"rendered":"Boycott actif des \u00e9lections: d\u00e9g\u00e2ts mat\u00e9riels de plus de milliards Fcfa et  victimes humaines"},"content":{"rendered":"<p><strong><strong>Selon un communiqu\u00e9 du minist\u00e8re ivoirien des transports diffus\u00e9 mercredi 21 octobre 2020 , les d\u00e9g\u00e2ts mat\u00e9riels li\u00e9s \u00e0 l\u2019incendie des bus de la Soci\u00e9t\u00e9 de transports abidjanais ( Sotra ) , et des v\u00e9hicules de particuliers, suite aux manifestations li\u00e9es au boycott actif et \u00e0 la d\u00e9sob\u00e9issance civile, vont au del\u00e0 de deux milliards de Fcfa. <\/strong><\/strong><\/p>\n<p>Dans le m\u00eame communiqu\u00e9, Amadou Kon\u00e9 indique que force restera \u00e0 la loi , invite \u00e0 ne pas c\u00e9der \u00e0 la tentation de se faire justice , et assure les acteurs du secteur des transports du soutien de l\u2019\u00c9tat. Ci dessous le communiqu\u00e9.<\/p>\n<p>\u00ab Le Ministre des Transports, \u00e0 l&#8217;instar de la communaut\u00e9 nationale et internationale, constate avec amertume des attaques perp\u00e9tr\u00e9es de mani\u00e8re r\u00e9p\u00e9t\u00e9e, contre des autobus de la Soci\u00e9t\u00e9 de Transport Abidjanais (SOTRA) et des v\u00e9hicules de transport public de marchandises et de voyageurs. Ces attaques sont ouvertement revendiqu\u00e9es par des individus agissant sous le couvert du mot d&#8217;ordre de d\u00e9sob\u00e9issance civile lanc\u00e9 par des partis politiques membres de l&#8217;opposition ivoirienne.<\/p>\n<p>Le bilan \u00e0 ce jour fait \u00e9tat de plusieurs autobus et v\u00e9hicules de transport public de marchandises et de voyageurs endommag\u00e9s et d\u00e9truits ; des accidents de la route, provoqu\u00e9s nuitamment par des troncs d\u2019arbres pos\u00e9s sur la voie publique, occasionnant 83 bless\u00e9s dont certains cas graves.<\/p>\n<p>Le pr\u00e9judice caus\u00e9 s\u2019\u00e9l\u00e8ve \u00e0 plus de Deux (02) milliards de franc FCFA pour les autobus SOTRA d\u00e9truits et plusieurs centaines de millions de francs CFA pour les v\u00e9hicules de transport public de marchandises et de voyageurs.<\/p>\n<p>Le Ministre des Transports condamne avec la plus grande fermet\u00e9 ces actes d\u2019incivisme et de vandalisme. Il tient \u00e0 rappeler que les autobus de la SOTRA et les v\u00e9hicules de transport public de marchandises et de voyageurs servent au bien-\u00eatre des <a href=\"https:\/\/www.lintelligentdabidjan.info\/client\/produit\/n3749-4\/\" target=\"_blank\">populations<\/a>, en facilitant leurs d\u00e9placements. Ils ne doivent en aucun cas et sous aucun pr\u00e9texte, faire l&#8217;objet de destruction.<\/p>\n<p>Le Ministre des Transports rappelle par ailleurs que face \u00e0 cette situation, force restera \u00e0 la loi. Il exhorte enfin, les transporteurs et l\u2019ensemble des acteurs du monde des transports au calme, \u00e0 ne pas c\u00e9der \u00e0 la provocation. Il tient \u00e0 les rassurer qu\u2019en tout \u00e9tat de cause, le Gouvernement sera toujours \u00e0 leurs c\u00f4t\u00e9s.<\/p>\n<p>Fait \u00e0 Abidjan, le 21 octobre 2020<\/p>\n<p><strong>Le Ministre des Transports<\/strong><\/p>\n<p><strong>Amadou Kon\u00e9<\/strong><\/p>\n<p>&nbsp;<\/p>\n<p>Pour acheter votre journal du jour en PDF &#8211; les archives et les num\u00e9ros r\u00e9cents, cliquer \u00a0&#8230;..<\/p>\n<p><a href=\"https:\/\/www.lintelligentdabidjan.info\/client\/produit\/n3749-4\/\">https:\/\/www.lintelligentdabidjan.info\/client\/produit\/n3749-4\/<\/a><\/p>\n","protected":false},"excerpt":{"rendered":"<p>Selon un communiqu\u00e9 du minist\u00e8re ivoirien des transports diffus\u00e9 mercredi 21 octobre 2020 , les d\u00e9g\u00e2ts mat\u00e9riels li\u00e9s \u00e0 l\u2019incendie des bus de la Soci\u00e9t\u00e9 de transports abidjanais ( Sotra ) , et des v\u00e9hicules de particuliers, suite aux manifestations li\u00e9es au boycott actif et \u00e0 la d\u00e9sob\u00e9issance civile, vont au del\u00e0 de deux milliards [&hellip;]<\/p>\n","protected":false},"author":3,"featured_media":23620,"comment_status":"closed","ping_status":"closed","sticky":false,"template":"","format":"standard","meta":{"_monsterinsights_skip_tracking":false,"_monsterinsights_sitenote_active":false,"_monsterinsights_sitenote_note":"","_monsterinsights_sitenote_category":0,"footnotes":""},"categories":[2,18,17],"tags":[],"class_list":["post-23619","post","type-post","status-publish","format-standard","has-post-thumbnail","hentry","category-featured","category-economie","category-politique"],"_links":{"self":[{"href":"https:\/\/www.lintelligentdabidjan.info\/news\/wp-json\/wp\/v2\/posts\/23619","targetHints":{"allow":["GET"]}}],"collection":[{"href":"https:\/\/www.lintelligentdabidjan.info\/news\/wp-json\/wp\/v2\/posts"}],"about":[{"href":"https:\/\/www.lintelligentdabidjan.info\/news\/wp-json\/wp\/v2\/types\/post"}],"author":[{"embeddable":true,"href":"https:\/\/www.lintelligentdabidjan.info\/news\/wp-json\/wp\/v2\/users\/3"}],"replies":[{"embeddable":true,"href":"https:\/\/www.lintelligentdabidjan.info\/news\/wp-json\/wp\/v2\/comments?post=23619"}],"version-history":[{"count":4,"href":"https:\/\/www.lintelligentdabidjan.info\/news\/wp-json\/wp\/v2\/posts\/23619\/revisions"}],"predecessor-version":[{"id":23624,"href":"https:\/\/www.lintelligentdabidjan.info\/news\/wp-json\/wp\/v2\/posts\/23619\/revisions\/23624"}],"wp:featuredmedia":[{"embeddable":true,"href":"https:\/\/www.lintelligentdabidjan.info\/news\/wp-json\/wp\/v2\/media\/23620"}],"wp:attachment":[{"href":"https:\/\/www.lintelligentdabidjan.info\/news\/wp-json\/wp\/v2\/media?parent=23619"}],"wp:term":[{"taxonomy":"category","embeddable":true,"href":"https:\/\/www.lintelligentdabidjan.info\/news\/wp-json\/wp\/v2\/categories?post=23619"},{"taxonomy":"post_tag","embeddable":true,"href":"https:\/\/www.lintelligentdabidjan.info\/news\/wp-json\/wp\/v2\/tags?post=23619"}],"curies":[{"name":"wp","href":"https:\/\/api.w.org\/{rel}","templated":true}]}}