{"id":23636,"date":"2020-10-22T00:38:53","date_gmt":"2020-10-21T22:38:53","guid":{"rendered":"https:\/\/www.lintelligentdabidjan.info\/news\/?p=23636"},"modified":"2020-10-22T00:39:29","modified_gmt":"2020-10-21T22:39:29","slug":"region-du-cavally-i-nsre-gervais-porte-parole-des-directeurs-et-chefs-de-service-a-anne-ouloto-avec-alassane-ouattara-nous-aurons-une-cote-divoire-solidaire-et-rassemblee","status":"publish","type":"post","link":"https:\/\/www.lintelligentdabidjan.info\/news\/region-du-cavally-i-nsre-gervais-porte-parole-des-directeurs-et-chefs-de-service-a-anne-ouloto-avec-alassane-ouattara-nous-aurons-une-cote-divoire-solidaire-et-rassemblee\/","title":{"rendered":"R\u00e9gion du Cavally  I N&#8217;Sr\u00e9 Gervais, porte-parole des directeurs et chefs de service \u00e0 Anne Ouloto : \u201cAvec Alassane Ouattara, nous aurons une C\u00f4te d&#8217;Ivoire solidaire et rassembl\u00e9e\u201d"},"content":{"rendered":"<p><em><strong>Le mardi 20 octobre 2020, la ministre Anne D\u00e9sir\u00e9e Ouloto, coordonnateur r\u00e9gional de la campagne du candidat-Rhdp dans le Cavally a \u00e9chang\u00e9 avec les diff\u00e9rents directeurs et chef des services publics de la r\u00e9gion \u00e0 sa r\u00e9sidence \u00e0 Guiglo.<\/strong><\/em><\/p>\n<p>Au cours de la rencontre, Anne Ouloto a dit : \u00ab Je suis l\u00e0 pour \u00e9changer avec vous aujourd&#8217;hui pour conna\u00eetre vos pr\u00e9occupations. Vous me connaissez en tant que votre s\u0153ur, pr\u00e9sidente de r\u00e9gion et aussi membre du gouvernement. Nous sommes dans un contexte d\u00e9mocratique et vous savez chaque 5 ans, nous partons aux \u00e9lections pr\u00e9sidentielles. Ces \u00e9lections sont ouvertes \u00e0 tous citoyens lambda et sont inclusives parce que tout le monde doit y participer. L&#8217;objet de notre rencontre autour de ce d\u00e9jeuner-d\u00e9bat, c&#8217;est parce-que je suis membre du Rhdp, le grand parti qui vous fait l&#8217;honneur et qui rend fort, pr\u00e9sid\u00e9 par le candidat Alassane Ouattara. Vous \u00eates ici dans le Cavally en tant que des agents de l&#8217;administration et vous \u00eates t\u00e9moins des actions du pr\u00e9sident Alassane Ouattara durant sa gouvernance sur 9 ann\u00e9es. Vous \u00eates tous t\u00e9moins qu&#8217;il a un bilan positif. C&#8217;est pourquoi, votre cible est particuli\u00e8re et doit garantir la vie des Ivoiriens. Je suis venue vous partager l&#8217;\u00e9ditorial de son livret qui s&#8217;inscrit dans la vie d&#8217;une C\u00f4te d&#8217;Ivoire solidaire et sa vision d&#8217;ici 2025.\u00bb, a indiqu\u00e9 Anne Ouloto.<br \/>\nApr\u00e8s avoir institu\u00e9 le cadre de la rencontre, la ministre a donn\u00e9 la parole \u00e0 ses invit\u00e9s. N&#8217;Sr\u00e9 Gervais, directeur de la Culture et de la Francophonie de la r\u00e9gion du Cavally, porte-parole des directeurs et chefs de service a rassur\u00e9 la ministre Anne Ouloto de leur soutien total au candidat Alassane Ouattara.<br \/>\n\u00abJe vous dirai pas madame la ministre, mais vous pouvez dormir tranquille . Le meilleur viendra dans une dizaine de jours. Le travail que vous faites dans votre r\u00e9gion en tant que femme, vous pouvez compter sur nous. Tout ce que nous cherchons, c&#8217;est la paix et la stabilit\u00e9 de la C\u00f4te d&#8217;Ivoire. Or, avec le pr\u00e9sident Alassane Ouattara, nous aurons une C\u00f4te d&#8217;Ivoire solidaire et rassembl\u00e9e. De 2002 en passant par 2010 , c&#8217;est nous qui avons tous perdu. Mais gr\u00e2ce au pr\u00e9sident Alassane, nous avons regagn\u00e9 la vie et nous sommes devenus encore plus forts \u00bb .<\/p>\n<p><strong>Konhon Dominique, correspondant r\u00e9gional dans le Cavally.<\/strong><\/p>\n<p>Pour acheter votre journal du jour en PDF &#8211; les archives et les num\u00e9ros r\u00e9cents, cliquer \u00a0&#8230;..<\/p>\n<p><a href=\"https:\/\/www.lintelligentdabidjan.info\/client\/produit\/n3749-4\/\">https:\/\/www.lintelligentdabidjan.info\/client\/produit\/n3749-4\/<\/a><\/p>\n","protected":false},"excerpt":{"rendered":"<p>Le mardi 20 octobre 2020, la ministre Anne D\u00e9sir\u00e9e Ouloto, coordonnateur r\u00e9gional de la campagne du candidat-Rhdp dans le Cavally a \u00e9chang\u00e9 avec les diff\u00e9rents directeurs et chef des services publics de la r\u00e9gion \u00e0 sa r\u00e9sidence \u00e0 Guiglo. Au cours de la rencontre, Anne Ouloto a dit : \u00ab Je suis l\u00e0 pour \u00e9changer [&hellip;]<\/p>\n","protected":false},"author":3,"featured_media":23637,"comment_status":"closed","ping_status":"closed","sticky":false,"template":"","format":"standard","meta":{"footnotes":""},"categories":[2,17],"tags":[],"class_list":["post-23636","post","type-post","status-publish","format-standard","has-post-thumbnail","hentry","category-featured","category-politique"],"_links":{"self":[{"href":"https:\/\/www.lintelligentdabidjan.info\/news\/wp-json\/wp\/v2\/posts\/23636","targetHints":{"allow":["GET"]}}],"collection":[{"href":"https:\/\/www.lintelligentdabidjan.info\/news\/wp-json\/wp\/v2\/posts"}],"about":[{"href":"https:\/\/www.lintelligentdabidjan.info\/news\/wp-json\/wp\/v2\/types\/post"}],"author":[{"embeddable":true,"href":"https:\/\/www.lintelligentdabidjan.info\/news\/wp-json\/wp\/v2\/users\/3"}],"replies":[{"embeddable":true,"href":"https:\/\/www.lintelligentdabidjan.info\/news\/wp-json\/wp\/v2\/comments?post=23636"}],"version-history":[{"count":1,"href":"https:\/\/www.lintelligentdabidjan.info\/news\/wp-json\/wp\/v2\/posts\/23636\/revisions"}],"predecessor-version":[{"id":23638,"href":"https:\/\/www.lintelligentdabidjan.info\/news\/wp-json\/wp\/v2\/posts\/23636\/revisions\/23638"}],"wp:featuredmedia":[{"embeddable":true,"href":"https:\/\/www.lintelligentdabidjan.info\/news\/wp-json\/wp\/v2\/media\/23637"}],"wp:attachment":[{"href":"https:\/\/www.lintelligentdabidjan.info\/news\/wp-json\/wp\/v2\/media?parent=23636"}],"wp:term":[{"taxonomy":"category","embeddable":true,"href":"https:\/\/www.lintelligentdabidjan.info\/news\/wp-json\/wp\/v2\/categories?post=23636"},{"taxonomy":"post_tag","embeddable":true,"href":"https:\/\/www.lintelligentdabidjan.info\/news\/wp-json\/wp\/v2\/tags?post=23636"}],"curies":[{"name":"wp","href":"https:\/\/api.w.org\/{rel}","templated":true}]}}