{"id":23731,"date":"2020-10-28T20:32:18","date_gmt":"2020-10-28T19:32:18","guid":{"rendered":"https:\/\/www.lintelligentdabidjan.info\/news\/?p=23731"},"modified":"2020-10-28T20:37:47","modified_gmt":"2020-10-28T19:37:47","slug":"scrutin-du-31-octobre-2020-la-mission-dobservation-de-la-cedeao-sinforme-aupres-du-conseil-constitutionnel-cote-divoire","status":"publish","type":"post","link":"https:\/\/www.lintelligentdabidjan.info\/news\/scrutin-du-31-octobre-2020-la-mission-dobservation-de-la-cedeao-sinforme-aupres-du-conseil-constitutionnel-cote-divoire\/","title":{"rendered":"Scrutin du 31 octobre 2020 : la mission d\u2019observation de la Cedeao s&#8217;informe aupr\u00e8s du Conseil constitutionnel (C\u00f4te d\u2019Ivoire)"},"content":{"rendered":"<p><em><strong>Dans le cadre de l&#8217;\u00e9lection pr\u00e9sidentielle du 31 octobre 2020 en C\u00f4te d&#8217;Ivoire, le pr\u00e9sident du Conseil constitutionnel, Mamadou Kon\u00e9, a re\u00e7u le mercredi 28 octobre 2020 au si\u00e8ge de l&#8217;institution \u00e0 Abidjan-Plateau, la mission d&#8217;observation \u00e9lectorale de la Communaut\u00e9 \u00e9conomique des \u00c9tats de l&#8217;Afrique de l&#8217;ouest (Cedeao).<\/strong><\/em><\/p>\n<p>Au terme de la rencontre, le chef de la division d&#8217;assistance \u00e9lectorale de la Cedeao et chef de mission, Francis Ok\u00e9, a dit : \u00abL&#8217;objet de cette rencontre, c&#8217;est de pr\u00e9senter d&#8217;abord la mission d&#8217;observation \u00e0 long terme au pr\u00e9sident du Conseil constitutionnel. Parce nous sommes l\u00e0 depuis plus d&#8217;une semaine, et nous avons eu \u00e0 rencontrer certains acteurs qui contribuent \u00e0 l&#8217;organisation de cette \u00e9lection. Donc, le pr\u00e9sident du Conseil constitutionnel nous a d&#8217;abord expliqu\u00e9 le r\u00f4le de l&#8217;institution et toutes les actions, le fond des d\u00e9cisions. Et les experts ont compris. C&#8217;\u00e9tait \u00e7a l&#8217;objet essentiel de notre rencontre \u00bb.<\/p>\n<p>La mission d&#8217;observation est compos\u00e9e entre autres d&#8217;experts en pr\u00e9vention de conflit et de juristes.<\/p>\n<p><strong><br \/>\nMO avec KN<\/strong><\/p>\n<p>Pour acheter votre journal du jour en PDF &#8211; les archives et les num\u00e9ros r\u00e9cents, cliquer \u00a0&#8230;..<\/p>\n<p><a href=\"https:\/\/www.lintelligentdabidjan.info\/client\/produit\/n3749-4\/\">https:\/\/www.lintelligentdabidjan.info\/client\/produit\/n3749-4\/<\/a><\/p>\n","protected":false},"excerpt":{"rendered":"<p>Dans le cadre de l&#8217;\u00e9lection pr\u00e9sidentielle du 31 octobre 2020 en C\u00f4te d&#8217;Ivoire, le pr\u00e9sident du Conseil constitutionnel, Mamadou Kon\u00e9, a re\u00e7u le mercredi 28 octobre 2020 au si\u00e8ge de l&#8217;institution \u00e0 Abidjan-Plateau, la mission d&#8217;observation \u00e9lectorale de la Communaut\u00e9 \u00e9conomique des \u00c9tats de l&#8217;Afrique de l&#8217;ouest (Cedeao). Au terme de la rencontre, le chef [&hellip;]<\/p>\n","protected":false},"author":3,"featured_media":23732,"comment_status":"closed","ping_status":"closed","sticky":false,"template":"","format":"standard","meta":{"_monsterinsights_skip_tracking":false,"_monsterinsights_sitenote_active":false,"_monsterinsights_sitenote_note":"","_monsterinsights_sitenote_category":0,"footnotes":""},"categories":[2,1,17],"tags":[],"class_list":["post-23731","post","type-post","status-publish","format-standard","has-post-thumbnail","hentry","category-featured","category-actualites","category-politique"],"_links":{"self":[{"href":"https:\/\/www.lintelligentdabidjan.info\/news\/wp-json\/wp\/v2\/posts\/23731","targetHints":{"allow":["GET"]}}],"collection":[{"href":"https:\/\/www.lintelligentdabidjan.info\/news\/wp-json\/wp\/v2\/posts"}],"about":[{"href":"https:\/\/www.lintelligentdabidjan.info\/news\/wp-json\/wp\/v2\/types\/post"}],"author":[{"embeddable":true,"href":"https:\/\/www.lintelligentdabidjan.info\/news\/wp-json\/wp\/v2\/users\/3"}],"replies":[{"embeddable":true,"href":"https:\/\/www.lintelligentdabidjan.info\/news\/wp-json\/wp\/v2\/comments?post=23731"}],"version-history":[{"count":1,"href":"https:\/\/www.lintelligentdabidjan.info\/news\/wp-json\/wp\/v2\/posts\/23731\/revisions"}],"predecessor-version":[{"id":23733,"href":"https:\/\/www.lintelligentdabidjan.info\/news\/wp-json\/wp\/v2\/posts\/23731\/revisions\/23733"}],"wp:featuredmedia":[{"embeddable":true,"href":"https:\/\/www.lintelligentdabidjan.info\/news\/wp-json\/wp\/v2\/media\/23732"}],"wp:attachment":[{"href":"https:\/\/www.lintelligentdabidjan.info\/news\/wp-json\/wp\/v2\/media?parent=23731"}],"wp:term":[{"taxonomy":"category","embeddable":true,"href":"https:\/\/www.lintelligentdabidjan.info\/news\/wp-json\/wp\/v2\/categories?post=23731"},{"taxonomy":"post_tag","embeddable":true,"href":"https:\/\/www.lintelligentdabidjan.info\/news\/wp-json\/wp\/v2\/tags?post=23731"}],"curies":[{"name":"wp","href":"https:\/\/api.w.org\/{rel}","templated":true}]}}