{"id":23734,"date":"2020-10-28T20:44:03","date_gmt":"2020-10-28T19:44:03","guid":{"rendered":"https:\/\/www.lintelligentdabidjan.info\/news\/?p=23734"},"modified":"2020-10-28T20:44:03","modified_gmt":"2020-10-28T19:44:03","slug":"scrutin-du-31-octobre-2020-les-attentes-des-observateurs-de-lua-dileita-mohamed-cote-divoire","status":"publish","type":"post","link":"https:\/\/www.lintelligentdabidjan.info\/news\/scrutin-du-31-octobre-2020-les-attentes-des-observateurs-de-lua-dileita-mohamed-cote-divoire\/","title":{"rendered":"Scrutin du 31 octobre 2020 : les attentes des observateurs de l&#8217;Ua (Dileita Mohamed, C\u00f4te d\u2019Ivoire)"},"content":{"rendered":"<p><em><strong>Dans le cadre de l&#8217;\u00e9lection pr\u00e9sidentielle du samedi 31 octobre 2020, le pr\u00e9sident du Conseil constitutionnel, Mamadou Kon\u00e9,a re\u00e7u le mercredi 28 octobre 2020 au si\u00e8ge de l&#8217;institution \u00e0 Abidjan-Plateau, la mission d&#8217;observation \u00e9lectorale de l&#8217;Union africaine(Ua) conduite par Dileita Mohamed Dileita, ancien premier ministre de la R\u00e9publique de Djibouti.<\/strong><\/em><\/p>\n<p>Au sortir de cette rencontre, Dileita Mohamed Dileita, chef de la mission d&#8217;observation de l&#8217;Ua de la pr\u00e9sidentielle de 2020 en C\u00f4te d&#8217;Ivoire, a dit : \u00ab Je suis ici depuis quelques jours. Ma mission consiste \u00e0 prendre d&#8217;abord contact avec les autorit\u00e9s. Aujourd&#8217;hui, nous sommes heureux d&#8217;\u00eatre accueillis par le pr\u00e9sident du Conseil Constitutionnel et l&#8217;ensemble des \u00e9quipes qui sont ici. Nous avons surtout parl\u00e9 de bien s\u00fbr comme vous le savez, des \u00e9lections qui vont se d\u00e9rouler le 31 octobre et surtout les dispositions qui ont \u00e9t\u00e9 prises par le Conseil avant et apr\u00e8s les \u00e9lections. Nous pensons que les choses seront faites de mani\u00e8re extraordinaire. Nous encourageons le Conseil \u00e0 aller de l&#8217;avant pour que cette \u00e9lection puisse se terminer dans de tr\u00e8s bonnes conditions. Et ce matin m\u00eame, j&#8217;\u00e9tais avec le ministre de la s\u00e9curit\u00e9. Je crois que les choses au niveau s\u00e9curitaire sont bien. C&#8217;est ainsi que l&#8217;Union africaine est venue ici pour accompagner le peuple ivoirien et notre souhait le plus cher, bien s\u00fbr c&#8217;est que cette \u00e9lection se passe de mani\u00e8re apais\u00e9e sur l&#8217;ensemble du territoire et nous souhaitons que toute la population soit \u00e0 nos c\u00f4t\u00e9s \u00e9galement pour encourager ceci \u00bb.<\/p>\n<p>Il \u00e9tait accompagn\u00e9 de plusieurs autres personnes dont Jos\u00e9phine Charlotte Mayuma Kala, repr\u00e9sentante sp\u00e9ciale du pr\u00e9sident de la Commission de l&#8217;Ua en C\u00f4te d&#8217;Ivoire.<\/p>\n<p><strong><br \/>\nMO avec KN<\/strong><\/p>\n<p>Pour acheter votre journal du jour en PDF &#8211; les archives et les num\u00e9ros r\u00e9cents, cliquer \u00a0&#8230;..<\/p>\n<p><a href=\"https:\/\/www.lintelligentdabidjan.info\/client\/produit\/n3749-4\/\">https:\/\/www.lintelligentdabidjan.info\/client\/produit\/n3749-4\/<\/a><\/p>\n","protected":false},"excerpt":{"rendered":"<p>Dans le cadre de l&#8217;\u00e9lection pr\u00e9sidentielle du samedi 31 octobre 2020, le pr\u00e9sident du Conseil constitutionnel, Mamadou Kon\u00e9,a re\u00e7u le mercredi 28 octobre 2020 au si\u00e8ge de l&#8217;institution \u00e0 Abidjan-Plateau, la mission d&#8217;observation \u00e9lectorale de l&#8217;Union africaine(Ua) conduite par Dileita Mohamed Dileita, ancien premier ministre de la R\u00e9publique de Djibouti. Au sortir de cette rencontre, [&hellip;]<\/p>\n","protected":false},"author":3,"featured_media":23735,"comment_status":"closed","ping_status":"closed","sticky":false,"template":"","format":"standard","meta":{"_monsterinsights_skip_tracking":false,"_monsterinsights_sitenote_active":false,"_monsterinsights_sitenote_note":"","_monsterinsights_sitenote_category":0,"footnotes":""},"categories":[2,1,17],"tags":[],"class_list":["post-23734","post","type-post","status-publish","format-standard","has-post-thumbnail","hentry","category-featured","category-actualites","category-politique"],"_links":{"self":[{"href":"https:\/\/www.lintelligentdabidjan.info\/news\/wp-json\/wp\/v2\/posts\/23734","targetHints":{"allow":["GET"]}}],"collection":[{"href":"https:\/\/www.lintelligentdabidjan.info\/news\/wp-json\/wp\/v2\/posts"}],"about":[{"href":"https:\/\/www.lintelligentdabidjan.info\/news\/wp-json\/wp\/v2\/types\/post"}],"author":[{"embeddable":true,"href":"https:\/\/www.lintelligentdabidjan.info\/news\/wp-json\/wp\/v2\/users\/3"}],"replies":[{"embeddable":true,"href":"https:\/\/www.lintelligentdabidjan.info\/news\/wp-json\/wp\/v2\/comments?post=23734"}],"version-history":[{"count":1,"href":"https:\/\/www.lintelligentdabidjan.info\/news\/wp-json\/wp\/v2\/posts\/23734\/revisions"}],"predecessor-version":[{"id":23736,"href":"https:\/\/www.lintelligentdabidjan.info\/news\/wp-json\/wp\/v2\/posts\/23734\/revisions\/23736"}],"wp:featuredmedia":[{"embeddable":true,"href":"https:\/\/www.lintelligentdabidjan.info\/news\/wp-json\/wp\/v2\/media\/23735"}],"wp:attachment":[{"href":"https:\/\/www.lintelligentdabidjan.info\/news\/wp-json\/wp\/v2\/media?parent=23734"}],"wp:term":[{"taxonomy":"category","embeddable":true,"href":"https:\/\/www.lintelligentdabidjan.info\/news\/wp-json\/wp\/v2\/categories?post=23734"},{"taxonomy":"post_tag","embeddable":true,"href":"https:\/\/www.lintelligentdabidjan.info\/news\/wp-json\/wp\/v2\/tags?post=23734"}],"curies":[{"name":"wp","href":"https:\/\/api.w.org\/{rel}","templated":true}]}}