{"id":2380,"date":"2017-01-18T12:54:58","date_gmt":"2017-01-18T11:54:58","guid":{"rendered":"http:\/\/www.lintelligentdabidjan.info\/news\/?p=2380"},"modified":"2017-01-18T12:54:58","modified_gmt":"2017-01-18T11:54:58","slug":"dimbokro-lecole-primaire-de-soungassou-a-nouvelle-une-cantine","status":"publish","type":"post","link":"https:\/\/www.lintelligentdabidjan.info\/news\/dimbokro-lecole-primaire-de-soungassou-a-nouvelle-une-cantine\/","title":{"rendered":"Dimbokro: L\u2019\u00e9cole primaire de Soungassou a nouvelle une cantine"},"content":{"rendered":"<p>L\u2019\u00e9cole primaire publique de Soungassou aura une nouvelle cantines en remplacement \u00e0 l\u2019ancienne construite en banco. Elle sera inaugur\u00e9e le 21 Janvier.<!--more--><\/p>\n<p> C\u2019est le fruit du partenariat de l\u2019ONG Mosa\u00efque avec la mairie de Dimbokro.<!--more--><\/p>\n<p> C\u2019est l\u2019ONG Mosa\u00efque qui l\u2019a b\u00e2tie, toute moderne. Cette cantine a une valeur de plus de 10 millions de francs CFA et \u00e9tendue sur une superficie de 400 m2 avec d\u2019une capacit\u00e9 de 400 couverts. Toute chose qui permettra  aux \u00e9coliers locaux de se restaurer d\u00e9sormais dans des conditions d\u00e9centes. C\u2019est pourquoi, Mme Aly Kouam\u00e9 Konan-N\u2019da, pr\u00e9sidente de l\u2019ONG Mosa\u00efque pr\u00e9cise : \u00abnotre action vise \u00e0 soutenir le d\u00e9veloppement de la commune en appuyant les initiatives de la mairie sur le terrain par des actes concrets\u00bb. Et d\u2019ajouter : \u00ab cette cantine dont l\u2019inauguration se fera en pr\u00e9sence de toutes les autorit\u00e9s politiques, administratives et coutumi\u00e8res de Dimbokro, est un b\u00e2timent de 5 pi\u00e8ces comprenant une salle \u00e0 manger, deux bureaux et un magasin \u00bb. Puis, elle a rappel\u00e9 que c\u2019est plus de 500 \u00e9coliers des 3 \u00e9coles primaires publiques du village qui sont b\u00e9n\u00e9ficiaires de ce don auquel s\u2019ajouteront d\u2019autres dons r\u00e9guliers en vivres.<br \/>\nPlusieurs prestations artistiques ainsi que des sketches et chants des \u00e9coliers seront au menu de cette c\u00e9r\u00e9monie  qui s\u2019annonce festive  et  haute en couleurs\u2026<br \/>\nM.O \/Source Sercom ONG Mosa\u00efque<\/p>\n","protected":false},"excerpt":{"rendered":"<p>L\u2019\u00e9cole primaire publique de Soungassou aura une nouvelle cantines en remplacement \u00e0 l\u2019ancienne construite en banco. Elle sera inaugur\u00e9e le 21 Janvier.<\/p>\n","protected":false},"author":2,"featured_media":0,"comment_status":"closed","ping_status":"closed","sticky":false,"template":"","format":"standard","meta":{"_monsterinsights_skip_tracking":false,"_monsterinsights_sitenote_active":false,"_monsterinsights_sitenote_note":"","_monsterinsights_sitenote_category":0,"footnotes":""},"categories":[3],"tags":[],"class_list":["post-2380","post","type-post","status-publish","format-standard","hentry","category-societe"],"_links":{"self":[{"href":"https:\/\/www.lintelligentdabidjan.info\/news\/wp-json\/wp\/v2\/posts\/2380","targetHints":{"allow":["GET"]}}],"collection":[{"href":"https:\/\/www.lintelligentdabidjan.info\/news\/wp-json\/wp\/v2\/posts"}],"about":[{"href":"https:\/\/www.lintelligentdabidjan.info\/news\/wp-json\/wp\/v2\/types\/post"}],"author":[{"embeddable":true,"href":"https:\/\/www.lintelligentdabidjan.info\/news\/wp-json\/wp\/v2\/users\/2"}],"replies":[{"embeddable":true,"href":"https:\/\/www.lintelligentdabidjan.info\/news\/wp-json\/wp\/v2\/comments?post=2380"}],"version-history":[{"count":1,"href":"https:\/\/www.lintelligentdabidjan.info\/news\/wp-json\/wp\/v2\/posts\/2380\/revisions"}],"predecessor-version":[{"id":2381,"href":"https:\/\/www.lintelligentdabidjan.info\/news\/wp-json\/wp\/v2\/posts\/2380\/revisions\/2381"}],"wp:attachment":[{"href":"https:\/\/www.lintelligentdabidjan.info\/news\/wp-json\/wp\/v2\/media?parent=2380"}],"wp:term":[{"taxonomy":"category","embeddable":true,"href":"https:\/\/www.lintelligentdabidjan.info\/news\/wp-json\/wp\/v2\/categories?post=2380"},{"taxonomy":"post_tag","embeddable":true,"href":"https:\/\/www.lintelligentdabidjan.info\/news\/wp-json\/wp\/v2\/tags?post=2380"}],"curies":[{"name":"wp","href":"https:\/\/api.w.org\/{rel}","templated":true}]}}