{"id":23869,"date":"2020-11-04T00:02:36","date_gmt":"2020-11-03T23:02:36","guid":{"rendered":"https:\/\/www.lintelligentdabidjan.info\/news\/?p=23869"},"modified":"2020-11-04T00:03:26","modified_gmt":"2020-11-03T23:03:26","slug":"desobeissance-civile-i-serge-kolea-super-ebony-a-dimbokro-et-bocanda-barrer-les-routes-fait-plus-de-tort-a","status":"publish","type":"post","link":"https:\/\/www.lintelligentdabidjan.info\/news\/desobeissance-civile-i-serge-kolea-super-ebony-a-dimbokro-et-bocanda-barrer-les-routes-fait-plus-de-tort-a\/","title":{"rendered":"D\u00e9sob\u00e9issance civile -Serge Kol\u00e9a (Super Ebony) \u00e0 Dimbokro et Bocanda: \u201cBarrer les routes fait plus de tort \u00e0 &#8230;.\u201d"},"content":{"rendered":"<p><em><strong>Serge Kol\u00e9a, le Super Ebony 2019 et son \u00e9quipe ont \u00e9t\u00e9 dans la r\u00e9gion du N\u2019Zi, quelques jours avant la pr\u00e9sidentielle pour v\u00e9hiculer les valeurs de paix, d\u2019unit\u00e9 et de coh\u00e9sion sociale.<\/strong><\/em><\/p>\n<p>Le Super Ebony 2019 s\u2019est adress\u00e9 essentiellement aux jeunes avec la bienveillance des cadres du N\u2019Zi, notamment la ministre Ramata Ly Bakayoko et Dramane Coulibaly, Dg de la Lonaci qui ont apport\u00e9 leur soutien \u00e0 la caravane du Super Ebony pour des \u00e9lections apais\u00e9es. \u00ab Je voudrais saluer ces personnalit\u00e9s qui se sont engag\u00e9es r\u00e9solument pour la paix et la coh\u00e9sion sociale dans leur r\u00e9gion. Si nous sommes \u00e0 Bocanda et Dimbokro pour dire \u00e0 nos jeunes que leur avenir ne r\u00e9side pas dans la violence, c\u2019est bien parce que les autorit\u00e9s du N\u2019Zi l\u2019ont voulu. Aux c\u00f4t\u00e9s du pr\u00e9fet de R\u00e9gion, pr\u00e9fet du D\u00e9partement de Dimbokro qui nous a re\u00e7us, elles \u0153uvrent quotidiennement \u00e0 l\u2019instauration d\u2019un climat apais\u00e9, dans le respect des diff\u00e9rences mais surtout dans la pr\u00e9servation de l\u2019\u00e9quilibre social.\u00bb, a indiqu\u00e9 l\u2019initiateur de cette caravane. Et d\u2019ajouter : \u00ab Nous ne reculerons devant rien pour offrir \u00e0 notre pays la paix. Vous, les jeunes, ne soyez plus des vecteurs de violence. Soyez des acteurs de paix. Vous n\u2019avez aucun int\u00e9r\u00eat \u00e0 \u00eatre au-devant des destructions de biens publics ou priv\u00e9s. Barrer les routes fait plus de tort \u00e0 vos parents qu\u2019\u00e0 ceux qui vivent \u00e0 Abidjan dans le confort de leurs r\u00e9sidences. Votre place n\u2019est pas dans les rues, \u00e0 la t\u00eate d\u2019affrontements violents et meurtriers. Vous devez vivre. Vous devez construire votre avenir. C\u2019est pourquoi, vous devez vous inscrire sur la voie de l\u2019apaisement, du vivre-ensemble\u00bb.<br \/>\n\u00c0 Bocanda, les leaders d\u2019associations et chefs de communaut\u00e9s ont promis de relayer le message aupr\u00e8s de ceux qui sont encore \u00e0 l\u2019\u00e9coute des mots d\u2019ordre de d\u00e9sob\u00e9issance civile qui prennent depuis quelques temps des allures de conflits intercommunautaires ou interethniques. Dans une ambiance festive, les artistes venus d\u2019Abidjan ont \u00e9gay\u00e9 le public essentiellement jeune.<br \/>\nSerges Kol\u00e9a a recommand\u00e9 \u00e0 la jeunesse de refuser d\u2019\u00eatre l\u2019instrument de pression des hommes politiques dans leur lutte pour la conqu\u00eate du pouvoir. \u00abJeune de Dimbokro, n\u2019accepte pas de descendre dans les rues pour casser les urnes, pour barrer les voies \u00bb, leur a-t-il conseill\u00e9. \u00ab J\u2019ai \u00e9t\u00e9 particuli\u00e8rement touch\u00e9 par le discours de notre a\u00een\u00e9 Serge Kol\u00e9a. Le Super Ebony nous a d\u00e9montr\u00e9 comment nous pouvons \u00eatre manipul\u00e9s et perdre nos vies pour des questions politiques \u00bb, a dit Mohamed Sangar\u00e9, un jeune de Bocanda.<\/p>\n<p><strong> M.O avec sercom<\/strong><\/p>\n<p>Pour acheter votre journal du jour en PDF &#8211; les archives et les num\u00e9ros r\u00e9cents, cliquer \u00a0&#8230;..<\/p>\n<p><a href=\"https:\/\/www.lintelligentdabidjan.info\/client\/produit\/n3749-4\/\">https:\/\/www.lintelligentdabidjan.info\/client\/produit\/n3749-4\/<\/a><\/p>\n","protected":false},"excerpt":{"rendered":"<p>Serge Kol\u00e9a, le Super Ebony 2019 et son \u00e9quipe ont \u00e9t\u00e9 dans la r\u00e9gion du N\u2019Zi, quelques jours avant la pr\u00e9sidentielle pour v\u00e9hiculer les valeurs de paix, d\u2019unit\u00e9 et de coh\u00e9sion sociale. Le Super Ebony 2019 s\u2019est adress\u00e9 essentiellement aux jeunes avec la bienveillance des cadres du N\u2019Zi, notamment la ministre Ramata Ly Bakayoko et [&hellip;]<\/p>\n","protected":false},"author":3,"featured_media":23870,"comment_status":"closed","ping_status":"closed","sticky":false,"template":"","format":"standard","meta":{"_monsterinsights_skip_tracking":false,"_monsterinsights_sitenote_active":false,"_monsterinsights_sitenote_note":"","_monsterinsights_sitenote_category":0,"footnotes":""},"categories":[2,17],"tags":[],"class_list":["post-23869","post","type-post","status-publish","format-standard","has-post-thumbnail","hentry","category-featured","category-politique"],"_links":{"self":[{"href":"https:\/\/www.lintelligentdabidjan.info\/news\/wp-json\/wp\/v2\/posts\/23869","targetHints":{"allow":["GET"]}}],"collection":[{"href":"https:\/\/www.lintelligentdabidjan.info\/news\/wp-json\/wp\/v2\/posts"}],"about":[{"href":"https:\/\/www.lintelligentdabidjan.info\/news\/wp-json\/wp\/v2\/types\/post"}],"author":[{"embeddable":true,"href":"https:\/\/www.lintelligentdabidjan.info\/news\/wp-json\/wp\/v2\/users\/3"}],"replies":[{"embeddable":true,"href":"https:\/\/www.lintelligentdabidjan.info\/news\/wp-json\/wp\/v2\/comments?post=23869"}],"version-history":[{"count":2,"href":"https:\/\/www.lintelligentdabidjan.info\/news\/wp-json\/wp\/v2\/posts\/23869\/revisions"}],"predecessor-version":[{"id":23872,"href":"https:\/\/www.lintelligentdabidjan.info\/news\/wp-json\/wp\/v2\/posts\/23869\/revisions\/23872"}],"wp:featuredmedia":[{"embeddable":true,"href":"https:\/\/www.lintelligentdabidjan.info\/news\/wp-json\/wp\/v2\/media\/23870"}],"wp:attachment":[{"href":"https:\/\/www.lintelligentdabidjan.info\/news\/wp-json\/wp\/v2\/media?parent=23869"}],"wp:term":[{"taxonomy":"category","embeddable":true,"href":"https:\/\/www.lintelligentdabidjan.info\/news\/wp-json\/wp\/v2\/categories?post=23869"},{"taxonomy":"post_tag","embeddable":true,"href":"https:\/\/www.lintelligentdabidjan.info\/news\/wp-json\/wp\/v2\/tags?post=23869"}],"curies":[{"name":"wp","href":"https:\/\/api.w.org\/{rel}","templated":true}]}}