{"id":23905,"date":"2020-11-08T23:13:30","date_gmt":"2020-11-08T22:13:30","guid":{"rendered":"https:\/\/www.lintelligentdabidjan.info\/news\/?p=23905"},"modified":"2020-11-08T23:13:58","modified_gmt":"2020-11-08T22:13:58","slug":"la-chronique-du-lundi-reelection-du-president-alassane-ouattara-une-page-nouvelle-souvre-t-elle-pour-la-scene-politique-ivoirienne","status":"publish","type":"post","link":"https:\/\/www.lintelligentdabidjan.info\/news\/la-chronique-du-lundi-reelection-du-president-alassane-ouattara-une-page-nouvelle-souvre-t-elle-pour-la-scene-politique-ivoirienne\/","title":{"rendered":"LA CHRONIQUE DU LUNDI-R\u00e9\u00e9lection du Pr\u00e9sident Alassane Ouattara: une page nouvelle s&#8217;ouvre-t-elle pour la sc\u00e8ne politique ivoirienne?"},"content":{"rendered":"<p><em><strong>Dans l\u2019esprit d\u2019Alassane Ouattara, sa r\u00e9\u00e9lection ne pr\u00e9pare-t-elle pas un profond bouleversement de la sc\u00e8ne politique ivoirienne en \u00e9tant le dernier \u00e9pisode de la pr\u00e9sence au pouvoir depuis des d\u00e9cennies de sa g\u00e9n\u00e9ration ? <\/strong><\/em><\/p>\n<p>Depuis 1993, la distribution du pouvoir politique s\u2019est faite, entre les m\u00eames acteurs : B\u00e9di\u00e9, 86 ans (Pdci), Gbagbo, 76 ans (Fpi), Ouattara, 78 ans (Rdr, puis Rhdp). En 2020, ces trois figures occupent toujours le devant de la sc\u00e8ne politique ivoirienne. Incontournables, ils personnifient le pouvoir et incarnent dans leur parti, pour des raisons multiples, la figure du chef. Apr\u00e8s la brutale disparition d\u2019Amadou Gon Coulibaly, la candidature d\u2019Alassane Ouattara est apparue comme une \u00e9vidence pour le Rhdp ; B\u00e9di\u00e9 a \u00e9t\u00e9 pl\u00e9biscit\u00e9 par le Pdci-Rda. Au Fpi, la situation est moins confortable pour Pascal Affi N\u2019Guessan, qui s\u2019est \u00e9puis\u00e9, depuis des ann\u00e9es, \u00e0 se battre contre un FPI rest\u00e9 fid\u00e8le \u00e0 Laurent Gbagbo. Interdit de l\u00e9gitimit\u00e9 par la figure tut\u00e9laire de Gbagbo, Affi s\u2019est radicalis\u00e9, ce qu\u2019il ne souhaitait probablement pas.<br \/>\nL\u2019opposition voit dans la r\u00e9\u00e9lection d\u2019Alassane Ouattara une confiscation du pouvoir par un homme. Cette r\u00e9\u00e9lection ouvre en r\u00e9alit\u00e9, pour la sc\u00e8ne politique ivoirienne, le champ d\u2019une profonde transformation. Alassane Ouattara voudra mettre \u00e0 profit ce mandat pour pr\u00e9parer l\u2019arriv\u00e9e au pouvoir d\u2019une nouvelle g\u00e9n\u00e9ration, ce que vient de refuser, par avance, Laurent Gbagbo et, implicitement, Henri Konan B\u00e9di\u00e9, qui n\u2019avait pas voulu l\u2019organisation de primaires ouvertes au sein de la coalition du Rhdp. Monsieur Henri Konan B\u00e9di\u00e9, \u00e0 86 ans, voulait \u00eatre ce candidat unique en 2020. \u00ab Transf\u00e9rer le pouvoir \u00e0 une jeune g\u00e9n\u00e9ration \u00bb, est une id\u00e9e qui ne quitte pas Ouattara. Il voudra probablement r\u00e9introduire dans la constitution une limite d\u2019\u00e2ge \u00e0 75 ans pour \u00eatre candidat \u00e0 la pr\u00e9sidentielle.<\/p>\n<p><strong>Le contenu du nouveau mandat d\u2019Alassane Ouattara<\/strong><\/p>\n<p>La question n\u2019est pas celle des grandes orientations des politiques publiques au cours de ce mandat, ces orientations sont connues.<br \/>\n1) Au plan \u00e9conomique &#8211; Ouattara voudra poursuivre sur la voie de la consolidation de l\u2019\u00e9conomie. Un nouveau chantier s\u2019ouvre \u00e0 lui : infl\u00e9chir la d\u00e9pendance de la croissance ivoirienne \u00e0 la commande publique en acc\u00e9l\u00e9rant le d\u00e9veloppement d\u2019un secteur priv\u00e9 capable de prendre le relais de l\u2019Etat investisseur, cr\u00e9er des champions nationaux et des emplois. Autre d\u00e9fi de taille : d\u00e9localiser le d\u00e9veloppement, Abidjan concentrant l\u2019essentiel des richesses que produit le pays.<br \/>\n2) Au plan social \u2013 La r\u00e9ussite \u00e9conomique permet d\u2019aller vers une croissance plus inclusive avec, comme objectifs, la r\u00e9duction de la pauvret\u00e9, l\u2019augmentation du pouvoir d\u2019achat, et l\u2019am\u00e9lioration des conditions de vie. Pour Ouattara, la promesse de 2011, qui a \u00e9t\u00e9 de faire de la C\u00f4te d\u2019Ivoire un pays \u00e9mergent, ne se limite pas \u00e0 l\u2019\u00e9conomie, elle inclut la mise en \u0153uvre des politiques sociales qui vont permettre l\u2019acc\u00e8s aux services de base pour tous les Ivoiriens.<br \/>\n3) Au plan politique \u2013 Le retour \u00e0 la stabilit\u00e9 politique a \u00e9t\u00e9 l\u2019un des acquis de la d\u00e9cennie Ouattara. La pr\u00e9sidentielle de 2020 a montr\u00e9 combien cette stabilit\u00e9 reste menac\u00e9e. Si les divisions r\u00e9apparaissent au moment des \u00e9lections, est-ce par la faute des Ivoiriens ou celle de certains politiciens qui les r\u00e9activent ? Plus d\u2019une centaine de discours de haine ont \u00e9t\u00e9 relay\u00e9s sur les r\u00e9seaux sociaux par des groupes, des pages et des profils.<br \/>\n4) Au plan de la r\u00e9conciliation nationale \u2013 Ouattara a construit une premi\u00e8re \u00e9tape indispensable dans la marche vers la r\u00e9conciliation et une paix durable en retrouvant, de 2011 \u00e0 2019, le chemin d\u2019une croissance forte et durable. La r\u00e9ussite \u00e9conomique permet de promouvoir le \u00ab produire et consommer ensemble \u00bb, un des \u00e9l\u00e9ments du \u00ab vivre ensemble \u00bb. Il reste \u00e0 r\u00e9activer les instances de dialogue au plan national et localement.<\/p>\n<p><strong>Conserver l\u2019unit\u00e9 du Rhdp<\/strong><\/p>\n<p>L\u2019une des raisons qui ont conduit Ouattara \u00e0 \u00eatre candidat, c\u2019est une volont\u00e9 de pr\u00e9server l\u2019unit\u00e9 de sa famille politique. Le Rhdp, qui est assur\u00e9 de conserver la majorit\u00e9 \u00e0 l\u2019assembl\u00e9e nationale, restera sous le contr\u00f4le du Pr\u00e9sident de la R\u00e9publique, sa r\u00e9\u00e9lection donnant un poids politique et une dimension suppl\u00e9mentaires \u00e0 son prestige. Il est celui qui aura permis au Rdr d\u2019acc\u00e9der au pouvoir en 2011 et au Rhdp de conserver ce pouvoir pendant 10 ans (2015-2025). Nul doute que, comme il l\u2019avait fait avec Amadou Gon Coulibaly, il voudra intervenir dans le choix de son successeur, qui aura pour mission de poursuive l\u2019\u0153uvre engag\u00e9e en 2011. Les ruses du destin et les r\u00e9alit\u00e9s politiques l\u2019ont conduit \u00e0 \u00eatre candidat en 2020, ce n\u2019\u00e9tait ni son d\u00e9sir, ni sa volont\u00e9, encore moins le besoin d\u2019assouvir une soif de pouvoir.<\/p>\n<p><strong>Les partis d\u2019opposition au d\u00e9fi de la reconstruction<\/strong><\/p>\n<p>En boycottant l\u2019\u00e9lection pr\u00e9sidentielle de 2020 et si elle boycotte les \u00e9lections l\u00e9gislatives qui vont suivre, l\u2019opposition prendra un retard difficile \u00e0 combler dans sa marche vers la conqu\u00eate du pouvoir. Beaucoup plus que la poursuite d\u2019alliances de circonstances, dans lesquelles chacun trahira, \u00e0 un moment ou \u00e0 un autre, ses alli\u00e9s, le v\u00e9ritable chantier est, pour chaque parti, sa propre reconstruction. Les nouvelles g\u00e9n\u00e9rations du Pdci voudront-elles pousser B\u00e9di\u00e9 vers la sortie ? En faisant savoir son refus de soutenir la cr\u00e9ation du Conseil national de transition et en lan\u00e7ant un appel au dialogue, l\u2019ex pr\u00e9sident Laurent Gbagbo d\u00e9savoue B\u00e9di\u00e9 et Affi, et il confirme son intention de revenir dans le champ de la politique ivoirienne. La r\u00e9\u00e9lection d\u2019Alassane Ouattara se traduit, pour les partis d\u2019opposition, par la n\u00e9cessit\u00e9 de se reconstruire. Ils risquent ainsi de se retrouver sous une double menace : les guerres internes que ne manqueront pas de se livrer celles et ceux qui voudront \u00eatre candidats \u00e0 l\u2019\u00e9lection pr\u00e9sidentielle de 2025 ; les trahisons qui se produisent entre des alli\u00e9s de pure circonstance que rien ne rassemble en r\u00e9alit\u00e9.<\/p>\n<p><strong>Christian GAMBOTTI<\/strong>,<br \/>\nAgr\u00e9g\u00e9 de l\u2019Universit\u00e9,<br \/>\nPr\u00e9sident du think tank<br \/>\nAfrique &amp; Partage-<br \/>\nCEO du CERAD (Centre d\u2019Etudes et de Recherches sur l\u2019Afrique de Demain) &#8211;<br \/>\nDirecteur des Collections L\u2019Afrique en Marche, Plan\u00e8te francophone &#8211;<br \/>\nDirecteur de la r\u00e9daction<br \/>\ndu magazine Parlements &amp; Pouvoirs africains.<\/p>\n<p>&nbsp;<\/p>\n<p>Pour acheter votre journal du jour en PDF &#8211; les archives et les num\u00e9ros r\u00e9cents, cliquer \u00a0&#8230;..<\/p>\n<p><a href=\"https:\/\/www.lintelligentdabidjan.info\/client\/produit\/n3749-4\/\">https:\/\/www.lintelligentdabidjan.info\/client\/produit\/n3749-4\/<\/a><\/p>\n","protected":false},"excerpt":{"rendered":"<p>Dans l\u2019esprit d\u2019Alassane Ouattara, sa r\u00e9\u00e9lection ne pr\u00e9pare-t-elle pas un profond bouleversement de la sc\u00e8ne politique ivoirienne en \u00e9tant le dernier \u00e9pisode de la pr\u00e9sence au pouvoir depuis des d\u00e9cennies de sa g\u00e9n\u00e9ration ? Depuis 1993, la distribution du pouvoir politique s\u2019est faite, entre les m\u00eames acteurs : B\u00e9di\u00e9, 86 ans (Pdci), Gbagbo, 76 ans [&hellip;]<\/p>\n","protected":false},"author":3,"featured_media":23906,"comment_status":"closed","ping_status":"closed","sticky":false,"template":"","format":"standard","meta":{"footnotes":""},"categories":[2,17],"tags":[],"class_list":["post-23905","post","type-post","status-publish","format-standard","has-post-thumbnail","hentry","category-featured","category-politique"],"_links":{"self":[{"href":"https:\/\/www.lintelligentdabidjan.info\/news\/wp-json\/wp\/v2\/posts\/23905","targetHints":{"allow":["GET"]}}],"collection":[{"href":"https:\/\/www.lintelligentdabidjan.info\/news\/wp-json\/wp\/v2\/posts"}],"about":[{"href":"https:\/\/www.lintelligentdabidjan.info\/news\/wp-json\/wp\/v2\/types\/post"}],"author":[{"embeddable":true,"href":"https:\/\/www.lintelligentdabidjan.info\/news\/wp-json\/wp\/v2\/users\/3"}],"replies":[{"embeddable":true,"href":"https:\/\/www.lintelligentdabidjan.info\/news\/wp-json\/wp\/v2\/comments?post=23905"}],"version-history":[{"count":1,"href":"https:\/\/www.lintelligentdabidjan.info\/news\/wp-json\/wp\/v2\/posts\/23905\/revisions"}],"predecessor-version":[{"id":23907,"href":"https:\/\/www.lintelligentdabidjan.info\/news\/wp-json\/wp\/v2\/posts\/23905\/revisions\/23907"}],"wp:featuredmedia":[{"embeddable":true,"href":"https:\/\/www.lintelligentdabidjan.info\/news\/wp-json\/wp\/v2\/media\/23906"}],"wp:attachment":[{"href":"https:\/\/www.lintelligentdabidjan.info\/news\/wp-json\/wp\/v2\/media?parent=23905"}],"wp:term":[{"taxonomy":"category","embeddable":true,"href":"https:\/\/www.lintelligentdabidjan.info\/news\/wp-json\/wp\/v2\/categories?post=23905"},{"taxonomy":"post_tag","embeddable":true,"href":"https:\/\/www.lintelligentdabidjan.info\/news\/wp-json\/wp\/v2\/tags?post=23905"}],"curies":[{"name":"wp","href":"https:\/\/api.w.org\/{rel}","templated":true}]}}