{"id":24013,"date":"2020-11-22T11:18:07","date_gmt":"2020-11-22T10:18:07","guid":{"rendered":"https:\/\/www.lintelligentdabidjan.info\/news\/?p=24013"},"modified":"2020-11-22T11:18:07","modified_gmt":"2020-11-22T10:18:07","slug":"31e-edition-de-la-journee-internationale-de-lenfance-bakayoko-ly-ramata-il-faut-reinventer-une-cote-divoire-ou-il-y-a-zero-violence-faite-aux-enfants","status":"publish","type":"post","link":"https:\/\/www.lintelligentdabidjan.info\/news\/31e-edition-de-la-journee-internationale-de-lenfance-bakayoko-ly-ramata-il-faut-reinventer-une-cote-divoire-ou-il-y-a-zero-violence-faite-aux-enfants\/","title":{"rendered":"31e \u00e9dition de la Journ\u00e9e internationale de l\u2019enfance- Bakayoko-Ly Ramata : \u00ab Il faut r\u00e9inventer une C\u00f4te d\u2019Ivoire o\u00f9  il y a z\u00e9ro violence faite aux enfants \u00bb"},"content":{"rendered":"<p><em><strong>Vendredi 20 novembre &#8211; La 31e \u00e9dition de la Journ\u00e9e internationale de l\u2019enfance, a \u00e9t\u00e9 l\u2019occasion pour le Professeur <a href=\"https:\/\/www.lintelligentdabidjan.info\/news\/uvci-journee-de-lexcellence-bakayoko-ly-ramata-la-promotion-du-genre-est-une-priorite-pour-le-gouvernement\/\" target=\"_blank\">Bakayoko-Ly Ramata<\/a>, de lancer un appel pour que tous s\u2019engagent \u00e0 r\u00e9inventer une C\u00f4te d\u2019Ivoire sans violence faite aux enfants.<\/strong><\/em><\/p>\n<p>\u00ab Il faut r\u00e9inventer une C\u00f4te d\u2019Ivoire o\u00f9 il fait bon vivre pour les enfants et o\u00f9 il y a z\u00e9ro violence faite aux enfants. Agissons de sorte \u00e0 mieux d\u00e9fendre les droits des enfants et \u00e0 mieux assurer leur protection. Il y va de la survie de notre soci\u00e9t\u00e9 \u00bb, a d\u00e9clar\u00e9 la ministre de la Femme, de la Famille, et de l\u2019Enfant devant un parterre de personnalit\u00e9s, dont de nombreux enfants, \u00e0 la c\u00e9r\u00e9monie officielle tenue sur l&#8217;esplanade de l&#8217;h\u00f4tel du District du Plateau avec pour th\u00e8me: \u00ab Ensemble, r\u00e9inventons une C\u00f4te d\u2019Ivoire sans violences faites aux enfants \u00bb. Cette journ\u00e9e, a ajout\u00e9 la ministre, offre l\u2019opportunit\u00e9 aux \u00c9tats de faire le point sur la situation des droits de l\u2019enfant conform\u00e9ment \u00e0 la convention des Nations Unies relative \u00e0 ces droits.<br \/>\n\u00ab L\u2019objectif est de proposer un nouveau cadre de protection o\u00f9 tous se donnent les moyens de garantir aux enfants de notre pays, un espace s\u00e9curis\u00e9 pour leur d\u00e9veloppement \u00bb, a affirm\u00e9 la ministre, puis de relever que plusieurs actions en faveur des droits des enfants ont \u00e9t\u00e9 r\u00e9alis\u00e9es dont la plus r\u00e9cente est la cr\u00e9ation de l\u2019Autorit\u00e9 centrale pour l\u2019adoption en C\u00f4te d\u2019Ivoire : \u00ab une avanc\u00e9e notable pour prot\u00e9ger l\u2019enfant adoptable au niveau national et international \u00bb, a-t-elle soulign\u00e9.<br \/>\nPour le Repr\u00e9sentant r\u00e9sident de l\u2019UNICEF, Marc Vincent, la journ\u00e9e internationale de l\u2019enfance appelle \u00e0 une prise de conscience et montre surtout que des solutions sont possibles. \u00ab Le respect des droits des enfants devrait \u00eatre une \u00e9vidence, de m\u00eame que leur promotion. Ce 20 novembre marque encore notre engagement commun pour la protection de l\u2019enfant \u00bb, a-t-il d\u00e9clar\u00e9.<\/p>\n<p>Soulignons que l\u2019UNICEF a remis des ch\u00e8ques d\u2019un montant global de 145,524 millions FCFA \u00e0 huit structures de protection de l\u2019enfant et remplacement qui accueillent des enfants en situation de rue.<br \/>\n\u00ab Nous sommes heureux de remettre ce ch\u00e8que. Notre but \u00e0 terme est de permettre \u00e0 ces enfants de retourner en famille et d\u2019y rester, de repartir \u00e0 l\u2019\u00e9cole pour certains et d\u2019apprendre un m\u00e9tier pour d\u2019autres \u00bb, a dit le Repr\u00e9sentant r\u00e9sident de l\u2019UNICEF, Marc Vincent, au cours de la c\u00e9l\u00e9bration de cette 31e \u00e9dition de la Journ\u00e9e mondiale de l\u2019enfant, au Plateau.<br \/>\nPour leur r\u00e9insertion durable en famille, l\u2019UNICEF compte continuer son appui aux familles de ces enfants pour un montant de 300 millions FCFA.<br \/>\n\u00ab Ces familles ont d\u00e9j\u00e0 re\u00e7u 130 millions FCFA. Depuis le d\u00e9clenchement de la crise sanitaire de Covid-19, l\u2019UNICEF a contribu\u00e9 \u00e0 hauteur de plus de 650 millions FCFA au titre du <a href=\"https:\/\/www.lintelligentdabidjan.info\/news\/onu-resolution-1325-la-ministre-bakayoko-ly-jexhorte-les-femmes-a-etre-de-veritables-artisans-dune-paix-durable-en-cote-divoire\/\" target=\"_blank\">minist\u00e8re de la Femme<\/a>, de la Famille et de l\u2019Enfant pour r\u00e9duire l\u2019impact du Covid-19 sur les populations vuln\u00e9rables notamment les enfants \u00bb, a-t-il signifi\u00e9.<br \/>\nAu nom des b\u00e9n\u00e9ficiaires, le P\u00e8re Elie Assogba, a traduit leur reconnaissance pour cet appui. \u00ab Nous sommes touch\u00e9s, \u00e9mus de ce geste. Quand il s\u2019agit de la protection de l\u2019enfant, il n\u2019y a pas de fronti\u00e8re, de religion, de couleur de peau \u00bb, a-t-il dit en assurant de la bonne gestion des montants re\u00e7us.<\/p>\n<p><strong>Sercom<\/strong><\/p>\n<p>&nbsp;<\/p>\n<p>Pour acheter votre journal du jour en PDF &#8211; les archives et les num\u00e9ros r\u00e9cents, cliquer \u00a0&#8230;..<\/p>\n<p><a href=\"https:\/\/www.lintelligentdabidjan.info\/client\/produit\/n3749-4\/\">https:\/\/www.lintelligentdabidjan.info\/client\/produit\/n3749-4\/<\/a><\/p>\n","protected":false},"excerpt":{"rendered":"<p>Vendredi 20 novembre &#8211; La 31e \u00e9dition de la Journ\u00e9e internationale de l\u2019enfance, a \u00e9t\u00e9 l\u2019occasion pour le Professeur Bakayoko-Ly Ramata, de lancer un appel pour que tous s\u2019engagent \u00e0 r\u00e9inventer une C\u00f4te d\u2019Ivoire sans violence faite aux enfants. \u00ab Il faut r\u00e9inventer une C\u00f4te d\u2019Ivoire o\u00f9 il fait bon vivre pour les enfants et [&hellip;]<\/p>\n","protected":false},"author":3,"featured_media":24014,"comment_status":"closed","ping_status":"closed","sticky":false,"template":"","format":"standard","meta":{"_monsterinsights_skip_tracking":false,"_monsterinsights_sitenote_active":false,"_monsterinsights_sitenote_note":"","_monsterinsights_sitenote_category":0,"footnotes":""},"categories":[2,3],"tags":[77,497,660,545],"class_list":["post-24013","post","type-post","status-publish","format-standard","has-post-thumbnail","hentry","category-featured","category-societe","tag-cote-divoire","tag-enfants","tag-ly-ramata","tag-violences"],"_links":{"self":[{"href":"https:\/\/www.lintelligentdabidjan.info\/news\/wp-json\/wp\/v2\/posts\/24013","targetHints":{"allow":["GET"]}}],"collection":[{"href":"https:\/\/www.lintelligentdabidjan.info\/news\/wp-json\/wp\/v2\/posts"}],"about":[{"href":"https:\/\/www.lintelligentdabidjan.info\/news\/wp-json\/wp\/v2\/types\/post"}],"author":[{"embeddable":true,"href":"https:\/\/www.lintelligentdabidjan.info\/news\/wp-json\/wp\/v2\/users\/3"}],"replies":[{"embeddable":true,"href":"https:\/\/www.lintelligentdabidjan.info\/news\/wp-json\/wp\/v2\/comments?post=24013"}],"version-history":[{"count":1,"href":"https:\/\/www.lintelligentdabidjan.info\/news\/wp-json\/wp\/v2\/posts\/24013\/revisions"}],"predecessor-version":[{"id":24015,"href":"https:\/\/www.lintelligentdabidjan.info\/news\/wp-json\/wp\/v2\/posts\/24013\/revisions\/24015"}],"wp:featuredmedia":[{"embeddable":true,"href":"https:\/\/www.lintelligentdabidjan.info\/news\/wp-json\/wp\/v2\/media\/24014"}],"wp:attachment":[{"href":"https:\/\/www.lintelligentdabidjan.info\/news\/wp-json\/wp\/v2\/media?parent=24013"}],"wp:term":[{"taxonomy":"category","embeddable":true,"href":"https:\/\/www.lintelligentdabidjan.info\/news\/wp-json\/wp\/v2\/categories?post=24013"},{"taxonomy":"post_tag","embeddable":true,"href":"https:\/\/www.lintelligentdabidjan.info\/news\/wp-json\/wp\/v2\/tags?post=24013"}],"curies":[{"name":"wp","href":"https:\/\/api.w.org\/{rel}","templated":true}]}}