{"id":24044,"date":"2020-11-24T11:19:05","date_gmt":"2020-11-24T10:19:05","guid":{"rendered":"https:\/\/www.lintelligentdabidjan.info\/news\/?p=24044"},"modified":"2020-11-24T11:26:26","modified_gmt":"2020-11-24T10:26:26","slug":"parlement-des-enfants-mlle-kouakou-ange-marie-grace-papa-ado-nous-savons-que-vous-etes-pret-pour-nous","status":"publish","type":"post","link":"https:\/\/www.lintelligentdabidjan.info\/news\/parlement-des-enfants-mlle-kouakou-ange-marie-grace-papa-ado-nous-savons-que-vous-etes-pret-pour-nous\/","title":{"rendered":"Parlement des enfants  Mlle Kouakou Ange Marie-Gr\u00e2ce : \u00ab Papa ADO, nous savons que vous \u00eates pr\u00eat pour nous \u00bb"},"content":{"rendered":"<p><em><strong>Au minist\u00e8re de la Femme, de la Famille, et de l\u2019Enfant, le parlement des enfants a exprim\u00e9, lundi 23 novembre 2020, sa gratitude au chef de l\u2019Etat et \u00e0 son gouvernement pour les actions men\u00e9es en leur faveur notamment au niveau de l\u2019\u00e9ducation, de la sant\u00e9 et de la nutrition.<\/strong><\/em><\/p>\n<p>\u00ab Le pr\u00e9sident de la R\u00e9publique et son gouvernement pensent beaucoup \u00e0 nous et \u00e0 notre protection, notamment \u00e0 notre \u00e9ducation, \u00e0 notre sant\u00e9, notre nutrition. Il a fait de la lutte contre ceux qui nous exploitent une priorit\u00e9 car nous sommes encore des enfants qui avons besoin de grandir et d\u2019\u00e9viter des travaux qui ne nous conviennent pas \u00bb, a dit la porte-parole du Parlement des enfants, Mlle Kouakou Ange Marie-Gr\u00e2ce, dans la d\u00e9claration qu\u2019elle a lu devant le Prof. <a href=\"https:\/\/www.lintelligentdabidjan.info\/news\/31e-edition-de-la-journee-internationale-de-lenfance-bakayoko-ly-ramata-il-faut-reinventer-une-cote-divoire-ou-il-y-a-zero-violence-faite-aux-enfants\/\" target=\"_blank\">Bakayoko-Ly Ramata<\/a>, ministre de la Femme, de la Famille et de l\u2019Enfant.<br \/>\nEn effet, dans le prolongement de la Journ\u00e9e internationale des droits de l\u2019enfant, l\u2019honorable Kouakou Ange Marie-Gr\u00e2ce, \u00e2g\u00e9e de 15 ans et \u00e9l\u00e8ve en classe de 2nde C, a tenu, en compagnie de ses pairs, \u00e0 t\u00e9moigner \u00e0 \u00ab P\u00e9p\u00e9 ADO \u00bb leur reconnaissance pour les efforts fournis en mati\u00e8re de protection de l\u2019enfant. Au nombre des actions, elle a relev\u00e9 la d\u00e9claration des naissances, la mise \u00e0 disposition d\u2019un num\u00e9ro vert (116) pour d\u00e9noncer les violences faites aux enfants, la lutte contre la traite et le travail des enfants.<br \/>\n\u00ab Papa ADO, P\u00e9p\u00e9 ADO, nous ne cesserons de vous solliciter pour tout besoin en mati\u00e8re de protection des enfants de C\u00f4te d\u2019Ivoire, car nous ne voulons plus que des violences soient exerc\u00e9es sur nous et aussi parce que nous savons que vous \u00eates pr\u00eat pour nous. Merci Papa ADO, merci cher P\u00e9p\u00e9 \u00bb, a-t-elle ajout\u00e9.<br \/>\nLa parlementaire a aussi remerci\u00e9 la Premi\u00e8re dame, Dominique Ouattara, pour son engagement total dans la lutte contre la traite des enfants, notamment dans la cacaoculture et ses nombreuses actions pour am\u00e9liorer leur quotidien. Pour son ministre de tutelle, elle a eu ces mots : \u00ab Aujourd\u2019hui, avec le Chef de l\u2019\u00c9tat et la Premi\u00e8re Dame, vous et votre \u00e9quipe offrez aux enfants, un avenir prometteur, une C\u00f4te d\u2019Ivoire o\u00f9 il fait bon vivre pour l\u2019enfant. Et votre engagement a permis l\u2019aboutissement de plaidoyer en notre faveur \u00bb, a d\u00e9clar\u00e9 Mlle Kouakou Ange.<br \/>\nPour sa part, le Prof. Bakayoko-Ly a dit sa joie de recevoir ces enfants dans leur maison qui est le minist\u00e8re de la Femme, de la Famille et de l\u2019Enfant et les a rassur\u00e9s du soutien ind\u00e9fectible du gouvernement. \u00ab Le gouvernement est toujours l\u00e0 pour vous, et sera toujours pr\u00e9sent pour assurer votre protection. Toute l\u2019\u0153uvre gigantesque de votre Papa ADO, toutes ses actions, tout ce qu\u2019il construit dans ce pays, il le fait pour vous, car vous \u00eates l\u2019avenir de la C\u00f4te d\u2019Ivoire et il vous aime. Je remettrai en mains propres au destinataire, c\u2019est-\u00e0-dire au Pr\u00e9sident de la R\u00e9publique, votre <a href=\"https:\/\/www.lintelligentdabidjan.info\/news\/uvci-journee-de-lexcellence-bakayoko-ly-ramata-la-promotion-du-genre-est-une-priorite-pour-le-gouvernement\/\" target=\"_blank\">d\u00e9claration<\/a>. Soyez rassur\u00e9s, Papa ADO et Maman Dominique, comme vous les appelez si affectueusement, vous aiment. Nous vous aimons et comptons sur vous pour une rel\u00e8ve qui aime la C\u00f4te d\u2019Ivoire \u00bb a-t-elle d\u00e9clar\u00e9.<\/p>\n<p>La C\u00f4te d\u2019Ivoire, rappelons-le, \u00e0 l\u2019instar des autres pays, a c\u00e9l\u00e9br\u00e9 vendredi 20 novembre la Journ\u00e9e internationale des droits de l\u2019enfant autour du th\u00e8me \u00ab Ensemble, r\u00e9inventons une C\u00f4te d\u2019Ivoire sans violences faites aux enfants \u00bb.<\/p>\n<p><strong>Sercom<\/strong><\/p>\n<p>Pour acheter votre journal du jour en PDF &#8211; les archives et les num\u00e9ros r\u00e9cents, cliquer \u00a0&#8230;..<\/p>\n<p><a href=\"https:\/\/www.lintelligentdabidjan.info\/client\/produit\/n3749-4\/\">https:\/\/www.lintelligentdabidjan.info\/client\/produit\/n3749-4\/<\/a><\/p>\n","protected":false},"excerpt":{"rendered":"<p>Au minist\u00e8re de la Femme, de la Famille, et de l\u2019Enfant, le parlement des enfants a exprim\u00e9, lundi 23 novembre 2020, sa gratitude au chef de l\u2019Etat et \u00e0 son gouvernement pour les actions men\u00e9es en leur faveur notamment au niveau de l\u2019\u00e9ducation, de la sant\u00e9 et de la nutrition. \u00ab Le pr\u00e9sident de la [&hellip;]<\/p>\n","protected":false},"author":3,"featured_media":24045,"comment_status":"closed","ping_status":"closed","sticky":false,"template":"","format":"standard","meta":{"_monsterinsights_skip_tracking":false,"_monsterinsights_sitenote_active":false,"_monsterinsights_sitenote_note":"","_monsterinsights_sitenote_category":0,"footnotes":""},"categories":[2,3],"tags":[677,676,660,678],"class_list":["post-24044","post","type-post","status-publish","format-standard","has-post-thumbnail","hentry","category-featured","category-societe","tag-ado","tag-kouakou-ange-marie-grace","tag-ly-ramata","tag-parlement-des-enfants"],"_links":{"self":[{"href":"https:\/\/www.lintelligentdabidjan.info\/news\/wp-json\/wp\/v2\/posts\/24044","targetHints":{"allow":["GET"]}}],"collection":[{"href":"https:\/\/www.lintelligentdabidjan.info\/news\/wp-json\/wp\/v2\/posts"}],"about":[{"href":"https:\/\/www.lintelligentdabidjan.info\/news\/wp-json\/wp\/v2\/types\/post"}],"author":[{"embeddable":true,"href":"https:\/\/www.lintelligentdabidjan.info\/news\/wp-json\/wp\/v2\/users\/3"}],"replies":[{"embeddable":true,"href":"https:\/\/www.lintelligentdabidjan.info\/news\/wp-json\/wp\/v2\/comments?post=24044"}],"version-history":[{"count":3,"href":"https:\/\/www.lintelligentdabidjan.info\/news\/wp-json\/wp\/v2\/posts\/24044\/revisions"}],"predecessor-version":[{"id":24048,"href":"https:\/\/www.lintelligentdabidjan.info\/news\/wp-json\/wp\/v2\/posts\/24044\/revisions\/24048"}],"wp:featuredmedia":[{"embeddable":true,"href":"https:\/\/www.lintelligentdabidjan.info\/news\/wp-json\/wp\/v2\/media\/24045"}],"wp:attachment":[{"href":"https:\/\/www.lintelligentdabidjan.info\/news\/wp-json\/wp\/v2\/media?parent=24044"}],"wp:term":[{"taxonomy":"category","embeddable":true,"href":"https:\/\/www.lintelligentdabidjan.info\/news\/wp-json\/wp\/v2\/categories?post=24044"},{"taxonomy":"post_tag","embeddable":true,"href":"https:\/\/www.lintelligentdabidjan.info\/news\/wp-json\/wp\/v2\/tags?post=24044"}],"curies":[{"name":"wp","href":"https:\/\/api.w.org\/{rel}","templated":true}]}}