{"id":24087,"date":"2020-11-27T00:08:17","date_gmt":"2020-11-26T23:08:17","guid":{"rendered":"https:\/\/www.lintelligentdabidjan.info\/news\/?p=24087"},"modified":"2020-11-27T00:08:17","modified_gmt":"2020-11-26T23:08:17","slug":"31e-edition-des-16-jours-dactivisme-contre-les-vbg-bakayoko-ly-ramata-ensemble-faisons-front-contre-les-violences-a-legard-des-femmes-et-des-filles","status":"publish","type":"post","link":"https:\/\/www.lintelligentdabidjan.info\/news\/31e-edition-des-16-jours-dactivisme-contre-les-vbg-bakayoko-ly-ramata-ensemble-faisons-front-contre-les-violences-a-legard-des-femmes-et-des-filles\/","title":{"rendered":"31e \u00e9dition des 16 jours d&#8217;activisme contre les VBG-   Bakayoko-Ly Ramata: &#8221; Ensemble, faisons front contre  les violences \u00e0 l\u2019\u00e9gard des femmes et des filles&#8221;"},"content":{"rendered":"<p><em><strong>Jeudi 26 novembre 2020,le r\u00e9sultat des enqu\u00eates portant sur les violences exerc\u00e9es sur les femmes, malgr\u00e9 la forte implication du gouvernement et des organisations de la soci\u00e9t\u00e9 civile, montre la triste r\u00e9alit\u00e9 des difficult\u00e9s auxquelles sont confront\u00e9es les femmes en Cote d&#8217;Ivoire. En effet, dans sa d\u00e9claration lue ce matin devant la presse, la ministre de la Femme, de la Famille, et de l&#8217;Enfant, a donn\u00e9 des r\u00e9sultats des enqu\u00eates men\u00e9es sur les violences exerc\u00e9es sur les femmes et les filles qui \u00e9tablissent que 67% des auteurs des violences bas\u00e9es sur le genre ou VBG ont lieu dans le cercle familial qui devrait, selon le Prof. <a href=\"https:\/\/www.lintelligentdabidjan.info\/news\/31e-edition-de-la-journee-internationale-de-lenfance-bakayoko-ly-ramata-il-faut-reinventer-une-cote-divoire-ou-il-y-a-zero-violence-faite-aux-enfants\/\" target=\"_blank\">Bakayoko-Ly<\/a>, &#8221; \u00eatre le cadre le plus s\u00fbr pour le d\u00e9veloppement harmonieux de la m\u00e8re et de l\u2019enfant.&#8221; Puis, elle a lanc\u00e9 un appel: &#8220;nous devons faire face \u00e0 ces violences avec plus de d\u00e9termination. Elles portent pr\u00e9judices aux droits de la femme et de la fille \u00e0 la vie \u00bb.<\/strong><\/em><\/p>\n<p>En C\u00f4te d\u2019Ivoire, la crise sanitaire li\u00e9e \u00e0 la pand\u00e9mie mondiale de la Covid-19 a entra\u00een\u00e9 une augmentation des violences au sein des foyers. Selon les r\u00e9sultats du syst\u00e8me de gestion des donn\u00e9es sur les violences bas\u00e9es sur le genre (GBVIMS) de 2019, sur 3.184 cas pris en charge, 2.168 sont des cas de violences domestiques, ce qui repr\u00e9sente un taux de 68,09% Pour le ministre, la persistance de certaines pratiques n\u00e9fastes \u00e0 l\u2019\u00e9gard des femmes est due \u00e0 une certaine perception des communaut\u00e9s sur le statut, le r\u00f4le de la femme ainsi que de la fille dans la soci\u00e9t\u00e9 en g\u00e9n\u00e9ral et dans les m\u00e9nages en particulier.<\/p>\n<p>\u00ab Cette campagne des 16 jours d\u2019activisme rev\u00eat une importance capitale car, elle donne l\u2019occasion de porter un regard critique sur les conditions des femmes et des filles dans leurs rapports avec leurs conjoints, leurs familles, leur entourage et avec la soci\u00e9t\u00e9 en g\u00e9n\u00e9ral \u00bb, a-t-elle signifi\u00e9.<\/p>\n<p>Elle a exhort\u00e9 particuli\u00e8rement les forces de d\u00e9fense et de s\u00e9curit\u00e9, les travailleurs sociaux, les professionnels de la sant\u00e9, les acteurs judiciaires, les professionnels de la communication, les organisations de la soci\u00e9t\u00e9 civile \u00e0 s\u2019impliquer activement dans l\u2019organisation de ces 16 jours d\u2019activisme contre les violences qui ont commenc\u00e9 le mercredi 25 novembre.<\/p>\n<p>\u00ab Le gouvernement, \u00e0 travers le minist\u00e8re de la Femme, de la Famille et de l\u2019Enfant, continuera de travailler de fa\u00e7on synergique avec tous les partenaires nationaux et internationaux de sorte \u00e0 apporter les r\u00e9ponses n\u00e9cessaires pour que cessent les violences \u00e0 l\u2019\u00e9gard des femmes et des enfants. C\u2019est ensemble que nous constituerons le socle de pr\u00e9vention des violences \u00e0 l\u2019\u00e9gard des femmes et des filles \u00bb, a assur\u00e9 Prof. Bakayoko-Ly.<\/p>\n<p>Cette 31e \u00e9dition de ces journ\u00e9es d&#8217;activisme a pour th\u00e8me au niveau international \u00ab\u202fTous unis\u202f\u00bb 2020 : \u00ab\u202fOrangez le monde : financez, intervenez, pr\u00e9venez, collectez\u202f!\u202f\u00bb.<\/p>\n<p>La C\u00f4te d\u2019Ivoire a port\u00e9 son choix cette ann\u00e9e sur le th\u00e8me : \u00ab Z\u00e9ro violence domestique : Je m\u2019engage \u00bb.<\/p>\n<p><strong>Sercom<\/strong><\/p>\n<p>Pour acheter votre journal du jour en PDF &#8211; les archives et les num\u00e9ros r\u00e9cents, cliquer \u00a0&#8230;..<\/p>\n<p><a href=\"https:\/\/www.lintelligentdabidjan.info\/client\/produit\/n3749-4\/\">https:\/\/www.lintelligentdabidjan.info\/client\/produit\/n3749-4\/<\/a><\/p>\n","protected":false},"excerpt":{"rendered":"<p>Jeudi 26 novembre 2020,le r\u00e9sultat des enqu\u00eates portant sur les violences exerc\u00e9es sur les femmes, malgr\u00e9 la forte implication du gouvernement et des organisations de la soci\u00e9t\u00e9 civile, montre la triste r\u00e9alit\u00e9 des difficult\u00e9s auxquelles sont confront\u00e9es les femmes en Cote d&#8217;Ivoire. En effet, dans sa d\u00e9claration lue ce matin devant la presse, la ministre [&hellip;]<\/p>\n","protected":false},"author":3,"featured_media":24088,"comment_status":"closed","ping_status":"closed","sticky":false,"template":"","format":"standard","meta":{"_monsterinsights_skip_tracking":false,"_monsterinsights_sitenote_active":false,"_monsterinsights_sitenote_note":"","_monsterinsights_sitenote_category":0,"footnotes":""},"categories":[2,3],"tags":[],"class_list":["post-24087","post","type-post","status-publish","format-standard","has-post-thumbnail","hentry","category-featured","category-societe"],"_links":{"self":[{"href":"https:\/\/www.lintelligentdabidjan.info\/news\/wp-json\/wp\/v2\/posts\/24087","targetHints":{"allow":["GET"]}}],"collection":[{"href":"https:\/\/www.lintelligentdabidjan.info\/news\/wp-json\/wp\/v2\/posts"}],"about":[{"href":"https:\/\/www.lintelligentdabidjan.info\/news\/wp-json\/wp\/v2\/types\/post"}],"author":[{"embeddable":true,"href":"https:\/\/www.lintelligentdabidjan.info\/news\/wp-json\/wp\/v2\/users\/3"}],"replies":[{"embeddable":true,"href":"https:\/\/www.lintelligentdabidjan.info\/news\/wp-json\/wp\/v2\/comments?post=24087"}],"version-history":[{"count":1,"href":"https:\/\/www.lintelligentdabidjan.info\/news\/wp-json\/wp\/v2\/posts\/24087\/revisions"}],"predecessor-version":[{"id":24089,"href":"https:\/\/www.lintelligentdabidjan.info\/news\/wp-json\/wp\/v2\/posts\/24087\/revisions\/24089"}],"wp:featuredmedia":[{"embeddable":true,"href":"https:\/\/www.lintelligentdabidjan.info\/news\/wp-json\/wp\/v2\/media\/24088"}],"wp:attachment":[{"href":"https:\/\/www.lintelligentdabidjan.info\/news\/wp-json\/wp\/v2\/media?parent=24087"}],"wp:term":[{"taxonomy":"category","embeddable":true,"href":"https:\/\/www.lintelligentdabidjan.info\/news\/wp-json\/wp\/v2\/categories?post=24087"},{"taxonomy":"post_tag","embeddable":true,"href":"https:\/\/www.lintelligentdabidjan.info\/news\/wp-json\/wp\/v2\/tags?post=24087"}],"curies":[{"name":"wp","href":"https:\/\/api.w.org\/{rel}","templated":true}]}}