{"id":24130,"date":"2020-12-01T09:45:13","date_gmt":"2020-12-01T08:45:13","guid":{"rendered":"https:\/\/www.lintelligentdabidjan.info\/news\/?p=24130"},"modified":"2020-12-01T09:45:13","modified_gmt":"2020-12-01T08:45:13","slug":"cavally-linterview-verite-de-la-ministre-ouloto-qui-fait-trembler-lopposition-locale","status":"publish","type":"post","link":"https:\/\/www.lintelligentdabidjan.info\/news\/cavally-linterview-verite-de-la-ministre-ouloto-qui-fait-trembler-lopposition-locale\/","title":{"rendered":"Cavally : l\u2019interview v\u00e9rit\u00e9 de la ministre Ouloto qui fait trembler  l\u2019opposition locale"},"content":{"rendered":"<p><em><strong>De retour d\u2019une mission dans le Cavally, des journalistes de la presse nationale ont \u00e9chang\u00e9 avec Anne D\u00e9sir\u00e9e Ouloto, pr\u00e9sidente du Conseil r\u00e9gional pour faire le faire sur la gestion de la situation durant la p\u00e9riode \u00e9lectorale, et sur les <a href=\"https:\/\/www.lintelligentdabidjan.info\/news\/blolequin-anne-ouloto-aux-populations-le-president-ouattara-vous-confie-sa-candidature\/\" target=\"_blank\">perpectives<\/a> actuelles d\u2019apr\u00e8s 31 octobre 2020. Ci dessous l\u2019int\u00e9gralit\u00e9 de l\u2019interview parue dans le lundi 30 novembre 2020 dans plusieurs quotidiens ivoiriens , et qui d\u00e9range et fait d\u00e9j\u00e0 trembler l\u2019opposition locale, alors que l\u00e0 ministre s\u2019est voulu conciliante et apaisante , malgr\u00e9 les v\u00e9rit\u00e9s qu\u2019elle a d\u00e9voil\u00e9es sur certains agissements et la calomnie !<\/strong><\/em><\/p>\n<p>&nbsp;<\/p>\n<p><strong>Au cours de la p\u00e9riode pr\u00e9 \u00e9lectorale, \u00e9lectorale et post \u00e9lectorale, il y\u2019a eu des rumeurs de tout genre . Comment \u00eates-vous parvenue \u00e0 g\u00e9rer la rumeur, avec vos \u00e9quipes ? Qu&#8217;elle a \u00e9t\u00e9 votre recette pour pr\u00e9venir les violences dans la r\u00e9gion ?<\/strong><\/p>\n<p>Je vous remercie. Je voudrais dire que la rumeur a \u00e9t\u00e9 malheureusement au rendez-vous. Elle \u00e9tait violente et j&#8217;insiste l\u00e0-dessus. Elle avait un caract\u00e8re inhumain. Parce que les cons\u00e9quences \u00e9taient dramatiques pour les populations, quand je prends par exemple le cas de cette rumeur qui fait \u00e9tat de cargos de microbes que nous aurons d\u00e9vers\u00e9s pour tuer les populations comme \u00e0 Dabou. Dans une zone aussi fragile, o\u00f9 les populations sont traumatis\u00e9es par diff\u00e9rentes crises, surtout celle de la crise post-\u00e9lectorale de 2010, il est totalement irresponsable d\u2019agir de la sorte.<\/p>\n<p>Ces populations n&#8217;ont pas attendu qui que ce soit pour chercher \u00e0 savoir si c&#8217;est vrai ou faux. Elles ont pris la route des champs, des campements, d&#8217;autres ont franchi la fronti\u00e8re pour aller au Lib\u00e9ria, ou quitter simplement la r\u00e9gion pour aller ailleurs. \u00c7a, j&#8217;ai trouv\u00e9 que c&#8217;\u00e9tait particuli\u00e8rement m\u00e9chant. Ce qui nous a sauv\u00e9 en premier face \u00e0 cette rumeur, c&#8217;est que tous les responsables du parti \u00e9tions solidaires et confiants, parce que notre mission n&#8217;\u00e9tait pas d&#8217;aller terroriser la population, ni tuer qui que ce soit, ou aller arr\u00eater qui que ce soit. Notre mission \u00e9tait de pacifier la r\u00e9gion, convaincre les populations \u00e0 aller voter et \u00e0 voter massivement pour Alassane Ouattara. C&#8217;\u00e9tait un imp\u00e9ratif. Et comme notre mission \u00e9tait de gagner, on n&#8217;avait d&#8217;autre choix que la proximit\u00e9 des populations. Chaque responsable du parti se d\u00e9pla\u00e7ait. Quelle que soit l&#8217;heure, on partait vers la population.<\/p>\n<p>Comme un travail avait \u00e9t\u00e9 d\u00e9j\u00e0 fait en amont, il y a eu maillage avec les jeunes des partis et les jeunes de la soci\u00e9t\u00e9 civile, un maillage avec les religieux, les femmes et m\u00eame les gardiens de nos traditions. Au point o\u00f9 quand nous \u00e9tions confront\u00e9s \u00e0 une situation, chacun dans sa sph\u00e8re de comp\u00e9tences appelait les responsables de ces entit\u00e9s-l\u00e0 ; qui, eux aussi, vu que nous avons \u00e9tabli un pacte de confiance, n&#8217;h\u00e9sitaient pas \u00e0 nous dire la v\u00e9rit\u00e9 et \u00e0 \u00e9voquer les vrais probl\u00e8mes.<\/p>\n<p>On avait r\u00e9ussi \u00e0 faire comprendre aux populations que nous n&#8217;avons pas deux Cavally, deux Guiglo, deux Ta\u00ef, deux Blol\u00e9quin, deux Toul\u00e9pleu et qu&#8217;on avait que notre r\u00e9gion. On avait r\u00e9ussi \u00e0 leur dire que qu\u2019en 2010 d\u00e9j\u00e0 , le Cavally s&#8217;\u00e9tait vid\u00e9, les maisons avaient \u00e9t\u00e9 br\u00fbl\u00e9es, il y a eu des centaines de morts, dans certaines localit\u00e9s, alors qu\u2019ailleurs il n&#8217;y a rien eu.<\/p>\n<p>Nous avons pris l\u2019exemple de Gagnoa o\u00f9 il n&#8217;y a pas eu une seule maison qui a \u00e9t\u00e9 br\u00fbl\u00e9e. On leur a donn\u00e9 cet exemple. Ils ont compris. Pour me r\u00e9sumer, notre solidarit\u00e9, notre proximit\u00e9 avec la population, la confiance qu&#8217;on a su \u00e9tablir avec la population, l&#8217;organisation structurelle de toutes parties prenantes, la proximit\u00e9 avec le corps pr\u00e9fectoral, avec les forces de d\u00e9fense et de s\u00e9curit\u00e9, tout cela a contribu\u00e9 \u00e0 \u00e9tablir un pacte de confiance entre les \u00e9lus, le Rhdp et toutes les composantes sociales de la r\u00e9gion. Et le Rhdp en d\u00e9finitive a fait jouer son leadership dans la r\u00e9gion.<\/p>\n<p>En ce qui concerne les \u00e9lus du Rhdp, nous avons deux s\u00e9nateurs sur deux, trois maires sur quatre, quatre d\u00e9put\u00e9s sur six, donc nous sommes majoritaires dans la r\u00e9gion. Et nous comptons rafler les deux postes de d\u00e9put\u00e9s restants aux prochaines l\u00e9gislatives pour faire six sur six postes. Le poste de maire \u00e9galement, on le prendra pour faire quatre sur quatre. Et les s\u00e9nateurs, on les conserve.<\/p>\n<p>Dans la r\u00e9gion o\u00f9 nous sommes, notre pied est sur cailloux. Donc le Rhdp va assurer un leadership total sur la r\u00e9gion. Et \u00e7a, \u00e7a se n\u00e9gocie. Notre offre, c&#8217;est la paix, le d\u00e9veloppement, et le respect de nos populations. Je crois que c&#8217;est ce qui a jou\u00e9 en faveur, non pas du Rhdp, mais en faveur de la paix dans la r\u00e9gion du Cavally, relativement \u00e0 ces rumeurs visant \u00e0 intoxiquer et \u00e0 manipuler.<\/p>\n<p><strong><br \/>\nQuelles strat\u00e9gies allez-vous mettre en place pour \u00e9teindre d\u00e9finitivement et \u00e0 l\u2019avenir la rumeur qui, comme vous venez de l\u2019expliquer, fait mal aux populations, ans oublier les attaques d\u2019ordre personnel, et m\u00eame des all\u00e9gations de terrorisme ?<\/strong><\/p>\n<p>En ce qui concerne les attaques dont ma famille et moi-m\u00eame avons \u00e9t\u00e9 l\u2019objet, c\u2019est tout simplement triste. Nous savons que bien souvent, lorsque l\u2019adversaire n\u2019a plus d\u2019argument, il verse dans la m\u00e9diocrit\u00e9, la haine et dans la m\u00e9chancet\u00e9. Je ne voudrais pas m\u2019attarder sur ces d\u00e9tails-l\u00e0. L\u2019\u00e9ducation que nous avons re\u00e7ue dans notre famille, c\u2019est l\u2019amour du prochain, le respect de l\u2019autre, de la loi, de la l\u00e9galit\u00e9 constitutionnelle, et c\u2019est d\u2019\u00eatre toujours dans la droiture.<\/p>\n<p>Je voudrais rappeler que mes fr\u00e8res et moi sommes des enfants d\u2019un officier sup\u00e9rieur de l\u2019arm\u00e9e \u00e0 la retraite. Ce dernier nous a inculqu\u00e9 l\u2019\u00e9ducation militaire, donc la discipline. Mon p\u00e8re n\u2019a jamais \u00e9t\u00e9 terroriste, pour cela ses enfants ne peuvent pas \u00eatre des terroristes. Mon p\u00e8re est l\u2019\u00e9l\u00e8ve de feu le g\u00e9n\u00e9ral Thomas D\u2019Aquin, et je porte le pr\u00e9nom de l\u2019\u00e9pouse de celui-ci. On ne peut pas \u00eatre de cette lign\u00e9e \u00e9ducationnelle et devenir terroriste. Je crois que ce sont ceux qui adh\u00e8rent \u00e0 des organisations anticonstitutionnelles et hors la loi qui sont bien des terroristes. Ceux qui arment les jeunes pour combattre leurs fr\u00e8res et s\u0153urs qui vont voter, ce sont eux les terroristes. Ceux qui poussent nos parents \u00e0 fuir en mettant leur s\u00e9curit\u00e9 en danger, en pleine nuit dans la for\u00eat, sur la base de rien du tout, ce sont eux les terroristes.<\/p>\n<p>Nous savons d\u2019o\u00f9 tout \u00e7a l\u00e0 provient. Ce n\u2019est pas ma pr\u00e9occupation tout \u00e7a. Je veux simplement leur dire que mon travail va continuer dans la r\u00e9gion. Par la gr\u00e2ce de Dieu, tous les cadres du Cavally ne sont pas de mauvaise foi et la majorit\u00e9 d\u2019entre eux sont de bonne foi. Ils ont une bonne \u00e9ducation et respectent l\u2019autre. Ils respectent la l\u00e9galit\u00e9 constitutionnelle avec les cadres du Rhdp. Avec eux, nous allons continuer la pacification de notre r\u00e9gion.<\/p>\n<p><strong>Les r\u00e9fugi\u00e9s au Lib\u00e9ria demandent votre aide pour rentrer au pays. Etes-vous disponible \u00e0 l\u2019aider ?<\/strong><\/p>\n<p>Le gouvernement travaille \u00e0 cela. Au niveau du Conseil r\u00e9gional, nous travaillons \u00e0 cela d\u00e9j\u00e0. Nous avions fait partir des v\u00e9hicules pour demander aux populations de rentrer. Certains sont revenus pour voter, mais malheureusement ils sont repartis. Les colporteurs de rumeurs leur demandent d\u2019attendre apr\u00e8s le 14 le d\u00e9cembre 2020. On nous annonce des choses encore pour le 14 d\u00e9cembre 2020 parce que le Pr\u00e9sident n\u2019aurait pas encore pr\u00eat\u00e9 serment. Ils disent que ce n\u2019est pas encore fini. Et ce sont les populations qui payent les cons\u00e9quences. C\u2019est malheureux tout \u00e7a ! Nous allons continuer la sensibilisation. Avec nos fr\u00e8res et s\u0153urs \u00e9lus nous avons pens\u00e9 qu\u2019il serait certainement bon d\u2019envoy\u00e9 des missions. Nous l\u2019avions fait en son temps.<\/p>\n<p>Nous avions envoy\u00e9 des missions au Lib\u00e9ria, \u00e0 Zou\u00e9drou pour inciter au retour. Nous allons essayer de le faire avant les f\u00eates. Vous savez qu\u2019en d\u00e9cembre dans la r\u00e9gion du Cavally, c\u2019est la f\u00eate partout. Nous avons une tradition, le 31 d\u00e9cembre et le 1er janvier c\u2019est la grande f\u00eate. On se retrouvera \u00e0 Toul\u00e9pleu, surtout \u00e0 Klaon. J\u2019ai bon espoir que nos parents vont revenir avant cette p\u00e9riode. Ils reviendront retrouver leurs familles et reprendre leurs activit\u00e9s. Le pr\u00e9sident de la R\u00e9publique a donn\u00e9 des instructions, la ministre de la solidarit\u00e9 y travaille, malheureusement l\u00e0 aussi nous avions eu \u00e0 faire \u00e0 des rumeurs. Certains parlent de 8000, 15 000 et de 20 000 d\u00e9plac\u00e9s. Il n\u2019en est rien du tout. Vous avez \u00e9t\u00e9 \u00e0 P\u00e9kan, j\u2019ai lu vos articles.<\/p>\n<p>Les gens vous ont parl\u00e9 de 400 d\u00e9plac\u00e9s qui n\u2019a rien avoir avec 8000 d\u00e9plac\u00e9s. Et m\u00eame au Lib\u00e9ria, je ne crois pas que nous ayons 8000 r\u00e9fugi\u00e9s. Les populations reviendront, elles ne sont si nombreuses que cela. Elles reviendront parce que c\u2019est bient\u00f4t la f\u00eate de fin d\u2019ann\u00e9e dans le Cavally. Nous allons nous r\u00e9jouir, gr\u00e2ce \u00e0 Dieu.<\/p>\n<p><strong><br \/>\n\u00c0 vous entendre parler, on a l\u2019impression que \u00e7a \u00e9t\u00e9 facile, pourtant des jeunes ont des pr\u00e9occupations, de m\u00eame que les populations; au del\u00e0 des rumeurs et de l\u2019intoxication, il y\u2019a des attentes , alors quelle r\u00e9ponse allez-vous apporter \u00e0 ces attentes l\u00e0 ?<\/strong><\/p>\n<p>Les choses n\u2019\u00e9taient pas ais\u00e9es, c\u2019\u00e9taient tr\u00e8s difficiles. En face de nous, nous avions des jeunes des autres partis politiques. Ce sont des jeunes qui ont adh\u00e9r\u00e9 librement \u00e0 des partis politiques et qui entendent faire vivre leurs partis politiques et s\u2019affirmer. Donc la tache n\u2019\u00e9tait pas du tout facile. Mais les jeunes en r\u00e9alit\u00e9 n\u2019avaient pas beaucoup d\u2019arguments pour mettre \u00e0 ex\u00e9cution les mots d\u2019ordre de leurs partis, pace que les populations ne les suivaient \u00e0 la r\u00e9alit\u00e9.<\/p>\n<p>Dans notre r\u00e9gion, l\u2019embellie \u00e9conomique v\u00e9cue en C\u00f4te d\u2019Ivoire se sent. Vous avez les impacts des actions du gouvernement dans la r\u00e9gion, en terme d\u2019infrastructure routi\u00e8re, de construction de coll\u00e8ges, de salles de classe pour le primaire, d\u2019acc\u00e8s \u00e0 l\u2019eau potable et d\u2019\u2019\u00e9lectrification des villages. Nous avons connu un boom extraordinaire en terme d\u2019\u00e9lectrification. Nous sommes pass\u00e9s de 30% en 2011, dans la r\u00e9gion et bient\u00f4t \u00e0 80% et je suis s\u00fbr que d\u2019ici 2025 nous serons \u00e0 100% de villages \u00e9lectrifi\u00e9s.<\/p>\n<p>Face \u00e0 un tel r\u00e9sultat, les populations se disent qu\u2019elles n\u2019ont plus une raison de manifester. Il faut aussi noter l\u2019approche manag\u00e9riale des \u00e9lus du Rhdp, la proximit\u00e9 avec les populations et l\u2019humilit\u00e9. Nous le faisons tous avec beaucoup d\u2019humilit\u00e9, parce que nous nous avons conscience qu\u2019en 2011, le Rhdp n\u2019\u00e9tait pas majoritaire dans la r\u00e9gion. Nous n\u2019avions m\u00eame pas d\u2019\u00e9lus en 2011. Nous venons de loin. Nous avons voulu travailler avec humilit\u00e9.<\/p>\n<p>En outre, ces jeunes de l\u2019opposition \u00e9taient tr\u00e8s mal \u00e0 l\u2019aise dans cette ambiance de d\u00e9sob\u00e9issance civile et de boycotte actif, parce qu\u2019en v\u00e9rit\u00e9, ils auraient respect\u00e9 ces mots d\u2019ordre pour qui ? On leur dit, qu\u2019il faut s\u2019opposer au troisi\u00e8me d\u2019Alassane Ouattara, or il a travaill\u00e9 dans la r\u00e9gion. Ils ne comprennent pas. C\u2019est par les \u00e9lus d\u2019Alassane Ouattara que, eux les jeunes vivent. Il y\u2019a certes d\u2019autres partis politiques, mais ce sont nos petits fr\u00e8res et nos enfants. Nous les traitons comme tel. Nous ne les voyons pas en adversaires ou des ennemis. Ce sont nos fr\u00e8res, \u00e0 tout moment, vous les verrez chez le maire quand ils sont malades.<\/p>\n<p>En retour, leurs leaders politiques ne font rien pour eux. C\u2019est \u00e7a aussi la politique, mais ils ont fait leur choix politique que nous respectons. La tache n\u2019a pas \u00e9t\u00e9 facile, mais elle a \u00e9t\u00e9 rendue facile par l\u2019approche du Rhdp vis-\u00e0-vis de la population, des jeunes, et par la maturation de nos populations, des chefs, des religieux, des femmes et m\u00eame des jeunes. Des jeunes de l\u2019opposition sont all\u00e9s jusqu\u2019\u00e0 dire : \u2018\u2019Nous ne serons pas Gaou deux fois. \u00c7a veut dire qu\u2019en 2010 nous avons fait un combat qui n\u2019en valait la peine. Et cette ann\u00e9e on va faire un autre combat pour qui ?\u2019\u2019.<\/p>\n<p>Ils disent qu\u2019ils ont fait un combat en 2010 mais qu\u2019est-ce que leur r\u00e9gion a gagn\u00e9. Aujourd\u2019hui en 2020 ils disent qu\u2019avec ce que Ouattara a fait, ( il nous a apport\u00e9 beaucoup avec la construction du nouveau pont sur le N\u2019zo qui va changer le visage de la r\u00e9gion ) , ils ne voient pas qui va donner sa poitrine pour quelqu\u2019un qui ne va rien faire pour nous. La situation a \u00e9t\u00e9 rendue facile gr\u00e2ce aux r\u00e9sultats de l\u2019action gouvernementale, gr\u00e2ce \u00e0 l\u2019approche manag\u00e9riale des \u00e9lus du Cavally, mais les jeunes de l\u2019opposition ont voulu quand m\u00eame affirmer leur appartenance politique, \u00e0 cause des rumeurs et des r\u00e9seaux sociaux.<\/p>\n<p>La mission a \u00e9t\u00e9 difficile \u00e0 cause de certaines cadres de l\u2019opposition qui depuis Abidjan ou \u00e0 l\u2019\u00e9tranger envoient des messages d\u2019appel \u00e0 la haine. On se battait contre des \u00e9l\u00e9ments invisibles. Ils n\u2019\u00e9taient pas l\u00e0 mais l\u2019impact \u00e9tait r\u00e9el. C\u2019est \u00e7a qui a rendu la t\u00e2che difficile. Mais autrement on a r\u00e9ussi \u00e0 sauver les meubles.<\/p>\n<p><strong><br \/>\nLes ex-combattants ont souhait\u00e9 que les autres cadres vous aident dans vos actions de promotion de la paix. Ils pensent que si vous \u00eates fatigu\u00e9e, il faudrait des gens pour continuer l\u2019\u0153uvre. Que r\u00e9pondez-vous ?<\/strong><\/p>\n<p>Je pense que tous les cadres de la r\u00e9gion sont en contact avec les ex-combattants qu\u2019on appelle aujourd\u2019hui les ambassadeurs de la paix. Le maire de Guiglo pourra vous le dire. Mat\u00e9riellement il leur a offert des motos. Il leur a offert des t\u00e9l\u00e9phones portables. Tous les cadres les appuient. Je pense qu\u2019ils ne parlent pas des cadres du RHDP, ils parlent des cadres de l\u2019opposition. Nous voulons voir les cadres de l\u2019opposition soutenir ces jeunes.<\/p>\n<p>Il ne faut pas se rappeler d\u2019eux que lorsqu\u2019on peut les manipuler pour installer la chienlit. Ils m\u00e9ritent mieux que \u00e7a. Ils ont besoin qu\u2019on les aide \u00e0 sortir de la pr\u00e9carit\u00e9. Nous ce que voulons c\u2019est de les sortir de la pr\u00e9carit\u00e9. Le ministre de la jeunesse et de l\u2019emploi des jeunes \u00e9tait dans la r\u00e9gion. Au niveau du gouvernement on est en pleine r\u00e9flexion pour voir comment les aider \u00e0 sortir de la pr\u00e9carit\u00e9. Pour les rendre moins vuln\u00e9rable Nous allons nous battre au niveau du Rhdp pour que ces jeunes ne soient plus instrumentalis\u00e9s. Nous voulons qu\u2019ils soient des jeunes au service de la paix et du d\u00e9veloppement comme tous les autres jeunes de la r\u00e9gion. Ils ont raison de lancer cet appel.<\/p>\n<p>Je demande \u00e0 tous mes fr\u00e8res de la r\u00e9gion de venir rejoindre le Rhdp, pas forc\u00e9ment pour grossir les rangs du Rhdp mais pour travailler pour la r\u00e9gion. Maintenant s\u2019ils sont convaincus de notre approche ils pourraient venir au Rhdp, pourquoi pas. Nous leur demandons de venir, de tourner le dos \u00e0 la d\u00e9sob\u00e9issance civile, \u00e0 la violence, tout ce qui est anticonstitutionnel et de rejoindre les rangs de la l\u00e9galit\u00e9 et de la paix.<\/p>\n<p><strong><br \/>\nLa sous-pr\u00e9fecture de Ta\u00ef est partie en fum\u00e9e. Qu\u2019en est-il ?<\/strong><\/p>\n<p>Il faut d\u2019abord situer les responsabilit\u00e9s. Je veux le savoir. On ne se l\u00e8ve pas pour aller br\u00fbler un b\u00e2timent public avec tout l\u2019\u00e9tat civil, impun\u00e9ment. Tous ceux qui sont n\u00e9s \u00e0 Ta\u00ef, jusqu\u2019\u00e0 la date de l\u2019incendie de la sous-pr\u00e9fecture, ne pourront plus se faire \u00e9tablir d\u2019extrait d\u2019acte de naissance. C\u2019est un crime, il faut qu\u2019on situe les responsabilit\u00e9s. Dommage que je n\u2019aie pas encore rencontr\u00e9 les populations depuis cette date. Le maire pourra nous en dire plus. Le Conseil r\u00e9gional va accompagner naturellement la mairie de Ta\u00ef et sa population. Mais je trouve que c\u2019est trop facile d\u2019aller br\u00fbler un b\u00e2timent et de dire au conseil r\u00e9gional de venir le reconstruire pour nous. Il y a des localit\u00e9s qui ont besoin de sous-pr\u00e9fectures. \u00c0 Guiglo, nous avons Gnizahon qui a besoin d\u2019une sous-pr\u00e9fecture, \u00e0 B\u00e9digouazon, les populations se battent pour construire leur sous-pr\u00e9fecture, les travaux de la sous-pr\u00e9fecture de N\u00e9zobly sont en phase d\u2019\u00eatre termin\u00e9s et dans quelques semaines les locaux du nouveau sous-pr\u00e9fet seront disponibles. Ce sont de gros efforts qui sont consentis chaque jour. Nous avons les sous-pr\u00e9fectures de Tinhou et de Dibok\u00e9 qui attendent \u00e9galement leur sous-pr\u00e9fet. La pr\u00e9sence d\u2019un sous-pr\u00e9fet dans une localit\u00e9 est tr\u00e8s attendue par nos populations. Mais pour une question d\u2019\u00e9lection vous allez br\u00fbler votre sous-pr\u00e9fecture, c\u2019est un crime. Il faut donc situer les responsabilit\u00e9s. Je pense que c\u2019est le pr\u00e9alable.<\/p>\n<p>Les populations attendent l\u2019ach\u00e8vement des travaux de l\u2019axe Blol\u00e9quin-Toul\u00e9pleu. \u00c0 quand la fin des travaux ? Elles attendent \u00e9galement les travaux de l\u2019axe Guiglo-Ta\u00ef.<\/p>\n<p>Les projets sont en cours. Nous avons malheureusement, la route Blol\u00e9quin-Toul\u00e9pleu qui est en souffrance, mais nous avons d\u00e9j\u00e0 annonc\u00e9 la bonne nouvelle \u00e0 nos populations. L\u2019entreprise SBI qui avait \u00e9t\u00e9 retenue avait commenc\u00e9 les travaux, malheureusement a eu des probl\u00e8mes avec le bailleur. Ce contrat a \u00e9t\u00e9 r\u00e9sili\u00e9. Une nouvelle entreprise a \u00e9t\u00e9 identifi\u00e9e.<\/p>\n<p>Le processus suit son cours et les travaux vont reprendre sous peu. Nous demandons seulement \u00e0 nos populations de maintenir ce climat de paix pour que ces entreprises aient envie de venir travailler. Concernant la route Guiglo-Ta\u00ef, il faut dire que le maire de Guiglo est le PCA de l\u2019Ageroute, le contrat commercial a \u00e9t\u00e9 d\u00e9j\u00e0 sign\u00e9, il pourra nous donner de plus amples d\u00e9tails. Nous avons les travaux du pont sur le N\u2019zo. Au niveau de Toul\u00e9pleu, nous avons \u00e9galement proc\u00e9d\u00e9 au lancement des travaux du bitumage entre Toul\u00e9pleu et Zouan-hien. L\u2019entreprise a d\u00e9pos\u00e9 sa base vie qui est d\u00e9j\u00e0 install\u00e9. Les engins sont install\u00e9s. Elle a commenc\u00e9 le travail de piquetage.<\/p>\n<p>La r\u00e9gion du Cavally avance bien. Les choses vont bien se passer. Raison pour laquelle, il ne faut pas plaisanter avec la n\u00e9cessit\u00e9 de maintenir la paix. Voyez-vous, dans le Moronou, une entreprise qui est implant\u00e9e a vu ses engins d\u00e9truits par des jeunes manipul\u00e9s par l\u2019opposition. Nous avons vu \u00e0 Bangolo ou des jeunes ont br\u00fbl\u00e9 quatre v\u00e9hicules de transfert de mangan\u00e8se. Un camion co\u00fbte 200 millions, sans compter le contenu. Vous vous rendez compte de la perte ?<\/p>\n<p>\u00c0 ce rythme-l\u00e0, m\u00eame si ces entreprises ont des march\u00e9s, naturellement elles vont tra\u00eener les pas. La jeunesse a une fois int\u00e9r\u00eat \u00e0 garder sa s\u00e9r\u00e9nit\u00e9 et \u00e0 faire le choix de la paix. Lorsque ces entreprises viennent s\u2019installer pour faire le bitumage ou l\u2019entretien des routes, qui gagne ? Mais c\u2019est bien cette jeunesse qui gagne. J\u2019ai rencontr\u00e9 des jeunes qui m\u2019ont dit qu\u2019\u00e0 partir des travaux de l\u2019axe Blol\u00e9quin-Toul\u00e9pleu, ils ont construit un toit. \u00c0 Guiglo, les travaux de Nikla donnent du boulot aux jeunes.<\/p>\n<p><strong><br \/>\nLe chef de l\u2019Etat a souhait\u00e9 qu\u2019il y ait la r\u00e9conciliation entre les filles et les fils du pays. \u00c0 votre niveau, comment allez-vous, vous prendre pour que ceux qui ne sont pas du Rhdp dans votre zone puissent se retrouver autour de vous ?<\/strong><\/p>\n<p>\u00c0 priori, pour ma part, nous n\u2019avons aucun probl\u00e8me avec qui que ce soit dans la r\u00e9gion du Cavally. Nos fr\u00e8res qui sont dans la r\u00e9gion et qui sont de l\u2019opposition se comportent ou agissent selon l\u2019humeur de leur hi\u00e9rarchie politique, ou en fonction de la m\u00e9t\u00e9o politique. Quand je prends le cas du d\u00e9partement de Toul\u00e9pleu, le maire qui n\u2019est pas Rhdp, agit selon les instructions du pr\u00e9sident Henri Konan B\u00e9di\u00e9, ou selon les positions du Pdci Rda au niveau national. Je consid\u00e8re que d\u00e8s lors que la r\u00e9conciliation sera effective entre le pr\u00e9sident Henri Konan B\u00e9di\u00e9 et le Pr\u00e9sident Alassane Ouattara, Monsieur D\u00e9nis Kah Zion va s\u2019aligner.<\/p>\n<p>Lorsque la r\u00e9conciliation entre le pr\u00e9sident Laurent Gbagbo et le Pr\u00e9sident Ouattara sera consomm\u00e9, Messieurs Hubert Oula\u00ef et Emile Guiri\u00e9oulou nous inviteront \u00e0 manger ensemble. Nous sommes tous leurs cadets. Pour l\u2019heure , nous n\u2019avons aucun probl\u00e8me avec eux. Nous leur donnons la place qu\u2019ils m\u00e9ritent et nous les respectons. Nous n\u2019avons jamais eu d\u2019\u00e9cart de langage vis-\u00e0-vis d\u2019eux. Mais nous assumons notre leadership politique. C\u2019est nous qui sommes aux affaires dans la r\u00e9gion du <a href=\"https:\/\/www.lintelligentdabidjan.info\/news\/anne-ouloto-directrice-regionale-de-campagne-cavally-nous-ferons-notre-travail-et-vous-ne-serez-point-decu\/\" target=\"_blank\">Cavally<\/a> en qualit\u00e9 de pr\u00e9sident de r\u00e9gion, de s\u00e9nateurs, de maires et de d\u00e9put\u00e9s. Nous n\u2019avons aucun probl\u00e8me avec eux. Je voudrais me souvenir de mon fr\u00e8re Marcel Gossio, avec qui nous avions d\u2019excellents rapports. Vous nous avez vu \u00e0 l\u2019occasion de ses obs\u00e8ques. Nous avons jou\u00e9 les premiers r\u00f4les \u00e0 c\u00f4t\u00e9 de sa famille, parce qu\u2019on n\u2019aucun probl\u00e8me. Nous avons pris toute notre place, parce que Marcel Gossio nous le rendait. Il ne passait aucun mois sans chercher \u00e0 voir sa petite s\u0153ur que je suis. Il se d\u00e9pla\u00e7ait chez moi et m\u2019invitait chez lui.<\/p>\n<p>Nous n\u2019avions aucun probl\u00e8me. Mon a\u00een\u00e9 ambassadeur, Voho Sahi qui est aujourd\u2019hui en Alg\u00e9rie, m\u2019envoie des messages r\u00e9guli\u00e8rement. J\u2019ai d\u2019excellents rapports avec lui. Il est du Front populaire ivoirien (Fpi), mais il est ambassadeur, nomm\u00e9 par le Pr\u00e9sident Alassane Ouattara en Alg\u00e9rie. Il peut en \u00eatre de m\u00eame pour les autres. Apr\u00e8s c\u2019est une question de temp\u00e9rament des uns et des autres et de savoir vivre. Sinon, je n\u2019ai aucun probl\u00e8me avec qui que ce soit.<\/p>\n<p><strong><br \/>\nPar Phillipe Kouhon pour l\u2019Intelligent d\u2019Abidjan en collaboration avec Le Matin, L\u2019expression, le Patriote , Fraternit\u00e9 matin <\/strong><\/p>\n<p>&nbsp;<\/p>\n<p>Pour acheter votre journal du jour en PDF &#8211; les archives et les num\u00e9ros r\u00e9cents, cliquer \u00a0&#8230;..<\/p>\n<p><a href=\"https:\/\/www.lintelligentdabidjan.info\/client\/produit\/n3749-4\/\">https:\/\/www.lintelligentdabidjan.info\/client\/produit\/n3749-4\/<\/a><\/p>\n","protected":false},"excerpt":{"rendered":"<p>De retour d\u2019une mission dans le Cavally, des journalistes de la presse nationale ont \u00e9chang\u00e9 avec Anne D\u00e9sir\u00e9e Ouloto, pr\u00e9sidente du Conseil r\u00e9gional pour faire le faire sur la gestion de la situation durant la p\u00e9riode \u00e9lectorale, et sur les perpectives actuelles d\u2019apr\u00e8s 31 octobre 2020. Ci dessous l\u2019int\u00e9gralit\u00e9 de l\u2019interview parue dans le lundi [&hellip;]<\/p>\n","protected":false},"author":3,"featured_media":24131,"comment_status":"closed","ping_status":"closed","sticky":false,"template":"","format":"standard","meta":{"_monsterinsights_skip_tracking":false,"_monsterinsights_sitenote_active":false,"_monsterinsights_sitenote_note":"","_monsterinsights_sitenote_category":0,"footnotes":""},"categories":[2,17],"tags":[712,77,649,711],"class_list":["post-24130","post","type-post","status-publish","format-standard","has-post-thumbnail","hentry","category-featured","category-politique","tag-cavally","tag-cote-divoire","tag-opposition","tag-ouloto"],"_links":{"self":[{"href":"https:\/\/www.lintelligentdabidjan.info\/news\/wp-json\/wp\/v2\/posts\/24130","targetHints":{"allow":["GET"]}}],"collection":[{"href":"https:\/\/www.lintelligentdabidjan.info\/news\/wp-json\/wp\/v2\/posts"}],"about":[{"href":"https:\/\/www.lintelligentdabidjan.info\/news\/wp-json\/wp\/v2\/types\/post"}],"author":[{"embeddable":true,"href":"https:\/\/www.lintelligentdabidjan.info\/news\/wp-json\/wp\/v2\/users\/3"}],"replies":[{"embeddable":true,"href":"https:\/\/www.lintelligentdabidjan.info\/news\/wp-json\/wp\/v2\/comments?post=24130"}],"version-history":[{"count":1,"href":"https:\/\/www.lintelligentdabidjan.info\/news\/wp-json\/wp\/v2\/posts\/24130\/revisions"}],"predecessor-version":[{"id":24132,"href":"https:\/\/www.lintelligentdabidjan.info\/news\/wp-json\/wp\/v2\/posts\/24130\/revisions\/24132"}],"wp:featuredmedia":[{"embeddable":true,"href":"https:\/\/www.lintelligentdabidjan.info\/news\/wp-json\/wp\/v2\/media\/24131"}],"wp:attachment":[{"href":"https:\/\/www.lintelligentdabidjan.info\/news\/wp-json\/wp\/v2\/media?parent=24130"}],"wp:term":[{"taxonomy":"category","embeddable":true,"href":"https:\/\/www.lintelligentdabidjan.info\/news\/wp-json\/wp\/v2\/categories?post=24130"},{"taxonomy":"post_tag","embeddable":true,"href":"https:\/\/www.lintelligentdabidjan.info\/news\/wp-json\/wp\/v2\/tags?post=24130"}],"curies":[{"name":"wp","href":"https:\/\/api.w.org\/{rel}","templated":true}]}}