{"id":24140,"date":"2020-12-01T23:10:11","date_gmt":"2020-12-01T22:10:11","guid":{"rendered":"https:\/\/www.lintelligentdabidjan.info\/news\/?p=24140"},"modified":"2020-12-01T23:10:11","modified_gmt":"2020-12-01T22:10:11","slug":"legislatives-2021-hommage-a-amadou-gon-coulibaly-a-korhogo-le-17-decembre-2020","status":"publish","type":"post","link":"https:\/\/www.lintelligentdabidjan.info\/news\/legislatives-2021-hommage-a-amadou-gon-coulibaly-a-korhogo-le-17-decembre-2020\/","title":{"rendered":"L\u00e9gislatives  2021 , Hommage \u00e0 Amadou Gon Coulibaly \u00e0 Korhogo le 17 d\u00e9cembre 2020"},"content":{"rendered":"<p><em><strong>Ce que Adama Bictogo a dit aux cadres du Rhdp R\u00e9unie le lundi 30 novembre 2020 \u00e0 l\u2019h\u00f4tel Sofitel H\u00f4tel Ivoire, \u00e0 Abidjan Cocody, la Direction ex\u00e9cutive du Rassemblement des Houphou\u00ebtistes pour la d\u00e9mocratie et la paix (<a href=\"https:\/\/www.lintelligentdabidjan.info\/news\/elections-en-cote-divoire-bictogo-aucun-president-na-eu-le-niveau-de-suffrages-exprimes-par-les-ivoiriens-pour-le-candidat-du-rhdp\/\" target=\"_blank\">Rdhp<\/a>), \u00e9largie au coordonnateurs r\u00e9gionaux, a d\u00e9cid\u00e9 de l\u2019envoi de d\u00e9l\u00e9gations \u00e0 travers le pays pour pr\u00e9parer le terrain \u00e0 une large victoire du parti aux \u00e9lections l\u00e9gislatives \u00e0 venir.<\/strong><\/em><\/p>\n<p>\u00ab Le Rhdp s\u2019est r\u00e9uni ce jour pour pr\u00e9parer les l\u00e9gislatives \u00e0 venir. Lesquelles \u00e9lections doivent permettre au pr\u00e9sident Alassane Ouattara de reposer sur un socle Institutionnel fort qui devra lui permettre de mettre en pratique son projet de soci\u00e9t\u00e9 qui a eu l\u2019adh\u00e9sion massive de la majorit\u00e9 des Ivoiriens. La r\u00e9union de ce jour a \u00e9labor\u00e9 donc des diff\u00e9rentes missions qui seront entreprises par les diff\u00e9rents responsables de notre parti \u00bb, a indiqu\u00e9 le Directeur ex\u00e9cutif du parti, Adama Bictogo, au sortir de la rencontre qui s&#8217;est tenue \u00e0 huis clos.<br \/>\n\u00ab Lesquelles missions nous permettront d\u2019exprimer notre gratitude \u00e0 l\u2019endroit des diff\u00e9rentes populations, d\u2019apporter notre compassion aux diff\u00e9rentes populations qui ont \u00e9t\u00e9 victimes du boycott actif de l\u2019opposition, apporter notre soutien aux familles qui ont perdu des membres du fait de ce boycott actif. Ces missions permettront \u00e9galement aux comit\u00e9s de base de se mobiliser, et de commencer \u00e0 pr\u00e9parer les l\u00e9gislatives. Parce que, les mois \u00e0 venir sont les mois pendant lesquels le RHDP devra \u00eatre sur le terrain, sur l\u2019ensemble du territoire, pour traduire la majorit\u00e9 tel que nous l\u2019avons exprim\u00e9 lors de la pr\u00e9sidentielle du 31 octobre 2020 \u00bb, a-t-il poursuivi.<\/p>\n<p>Adama Bictogo a \u00e9galement annonc\u00e9 un hommage que le parti , rendra du 17 au 19 novembre 2020, \u00e0 feu le Premier ministre Amadou Gon Coulibaly, \u00e0 Korhogo. \u00ab Pour la date du 17 au 19 d\u00e9cembre 2020, le Rhdp a d\u00e9cid\u00e9 de se rendre \u00e0 Korhogo pour rendre hommage \u00e0 la m\u00e9moire de notre candidat d\u00e9sign\u00e9 le 12 mars 2020, Feu Amadou Gon Coulibaly, qui, comme vous le savez, \u00e0 qui le pr\u00e9sident a d\u00e9di\u00e9 sa victoire. Et nous, en tant que socle du parti, socle de cette victoire, nous devons traduire cet engagement du pr\u00e9sident, en nous rendant \u00e0 Korhogo \u00bb.<br \/>\n<strong><br \/>\nJ-H Koffo<\/strong><\/p>\n<p>&nbsp;<\/p>\n<p>Pour acheter votre journal du jour en PDF &#8211; les archives et les num\u00e9ros r\u00e9cents, cliquer \u00a0&#8230;..<\/p>\n<p><a href=\"https:\/\/www.lintelligentdabidjan.info\/client\/produit\/n3749-4\/\">https:\/\/www.lintelligentdabidjan.info\/client\/produit\/n3749-4\/<\/a><\/p>\n","protected":false},"excerpt":{"rendered":"<p>Ce que Adama Bictogo a dit aux cadres du Rhdp R\u00e9unie le lundi 30 novembre 2020 \u00e0 l\u2019h\u00f4tel Sofitel H\u00f4tel Ivoire, \u00e0 Abidjan Cocody, la Direction ex\u00e9cutive du Rassemblement des Houphou\u00ebtistes pour la d\u00e9mocratie et la paix (Rdhp), \u00e9largie au coordonnateurs r\u00e9gionaux, a d\u00e9cid\u00e9 de l\u2019envoi de d\u00e9l\u00e9gations \u00e0 travers le pays pour pr\u00e9parer le [&hellip;]<\/p>\n","protected":false},"author":3,"featured_media":24119,"comment_status":"closed","ping_status":"closed","sticky":false,"template":"","format":"standard","meta":{"_monsterinsights_skip_tracking":false,"_monsterinsights_sitenote_active":false,"_monsterinsights_sitenote_note":"","_monsterinsights_sitenote_category":0,"footnotes":""},"categories":[2,17],"tags":[238,715,326,714,144],"class_list":["post-24140","post","type-post","status-publish","format-standard","has-post-thumbnail","hentry","category-featured","category-politique","tag-amadou-gon-coulibaly","tag-hommage","tag-korhogo","tag-legislatives","tag-rhdp"],"_links":{"self":[{"href":"https:\/\/www.lintelligentdabidjan.info\/news\/wp-json\/wp\/v2\/posts\/24140","targetHints":{"allow":["GET"]}}],"collection":[{"href":"https:\/\/www.lintelligentdabidjan.info\/news\/wp-json\/wp\/v2\/posts"}],"about":[{"href":"https:\/\/www.lintelligentdabidjan.info\/news\/wp-json\/wp\/v2\/types\/post"}],"author":[{"embeddable":true,"href":"https:\/\/www.lintelligentdabidjan.info\/news\/wp-json\/wp\/v2\/users\/3"}],"replies":[{"embeddable":true,"href":"https:\/\/www.lintelligentdabidjan.info\/news\/wp-json\/wp\/v2\/comments?post=24140"}],"version-history":[{"count":1,"href":"https:\/\/www.lintelligentdabidjan.info\/news\/wp-json\/wp\/v2\/posts\/24140\/revisions"}],"predecessor-version":[{"id":24141,"href":"https:\/\/www.lintelligentdabidjan.info\/news\/wp-json\/wp\/v2\/posts\/24140\/revisions\/24141"}],"wp:featuredmedia":[{"embeddable":true,"href":"https:\/\/www.lintelligentdabidjan.info\/news\/wp-json\/wp\/v2\/media\/24119"}],"wp:attachment":[{"href":"https:\/\/www.lintelligentdabidjan.info\/news\/wp-json\/wp\/v2\/media?parent=24140"}],"wp:term":[{"taxonomy":"category","embeddable":true,"href":"https:\/\/www.lintelligentdabidjan.info\/news\/wp-json\/wp\/v2\/categories?post=24140"},{"taxonomy":"post_tag","embeddable":true,"href":"https:\/\/www.lintelligentdabidjan.info\/news\/wp-json\/wp\/v2\/tags?post=24140"}],"curies":[{"name":"wp","href":"https:\/\/api.w.org\/{rel}","templated":true}]}}