{"id":24172,"date":"2020-12-04T09:54:03","date_gmt":"2020-12-04T08:54:03","guid":{"rendered":"https:\/\/www.lintelligentdabidjan.info\/news\/?p=24172"},"modified":"2020-12-04T09:54:37","modified_gmt":"2020-12-04T08:54:37","slug":"16-jours-dactivisme-contre-les-violences-faites-aux-femmes-bakayoko-ly-ramata-zero-violence-domestique-en-cote-divoire-cest-possible","status":"publish","type":"post","link":"https:\/\/www.lintelligentdabidjan.info\/news\/16-jours-dactivisme-contre-les-violences-faites-aux-femmes-bakayoko-ly-ramata-zero-violence-domestique-en-cote-divoire-cest-possible\/","title":{"rendered":"16 jours d\u2019activisme contre les violences faites aux femmes-  Bakayoko-Ly Ramata: \u00ab Z\u00e9ro violence domestique en C\u00f4te d\u2019Ivoire, c\u2019est possible ! \u00bb"},"content":{"rendered":"<p><em><strong>La ministre de la Femme, de la Famille et de l\u2019Enfant, Prof. Bakayoko-Ly Ramata, a salu\u00e9 jeudi 3 d\u00e9cembre 2020, les actions men\u00e9es par le gouvernement ivoirien pour la protection des femmes et des enfants, au cours de la c\u00e9r\u00e9monie officielle des 16 jours d\u2019<a href=\"https:\/\/www.lintelligentdabidjan.info\/news\/31e-edition-des-16-jours-dactivisme-contre-les-vbg-bakayoko-ly-ramata-ensemble-faisons-front-contre-les-violences-a-legard-des-femmes-et-des-filles\/\" target=\"_blank\">activisme <\/a>contre les violences \u00e0 l\u2019\u00e9gard des femmes et des filles, \u00e0 Abidjan.<\/strong><\/em><\/p>\n<p>\u00ab Le gouvernement a mis en place des m\u00e9canismes de protection des femmes et des enfants, notamment l\u2019installation de 65 plateformes multisectorielles de lutte contre les Violences bas\u00e9es sur le genre (VBG) dans les complexes socio\u00e9ducatifs, la cr\u00e9ation de 1.138 espaces s\u00fbrs pour les jeunes filles, la mise \u00e0 disposition de tous, d\u2019un num\u00e9ro vert, 1308, pour d\u00e9noncer, orienter et informer, la cr\u00e9ation de 42 bureaux d\u2019accueil genre dans les commissariats et postes de police et la r\u00e9ouverture, du centre PAVVIOS qui est un centre d\u2019accueil et de transit pour h\u00e9berger les survivantes des VBG avant leur r\u00e9insertion familiale \u00bb, a dit Prof. Bakayoko-Ly.<br \/>\nElle a soulign\u00e9 que l\u2019action gouvernementale se traduit \u00e9galement par des sanctions exemplaires inflig\u00e9es \u00e0 ceux qui se rendent coupables de violences et de crimes \u00e0 l\u2019\u00e9gard des enfants (condamnations pour excision, pour mariages d\u2019enfants, pour viols, etc.). Puis, elle a relev\u00e9 que malgr\u00e9 ces efforts, bien de d\u00e9fis demeurent, notamment la recrudescence, avec la pand\u00e9mie de la Covid-19, des violences dans les foyers et la persistance de certaines pratiques socio-culturelles n\u00e9fastes telles que les mariages pr\u00e9coces, les mutilations g\u00e9nitales f\u00e9minines. La ministre a cl\u00f4t son allocution en invitant, pour une C\u00f4te d\u2019Ivoire forte, que chacun milite contre ces violences et fasse passer le message suivant :<br \/>\n\u00ab Non aux violences domestiques ! Z\u00e9ro violence domestique en C\u00f4te d\u2019Ivoire, c\u2019est possible et je m\u2019y engage ! \u00bb<\/p>\n<p>Pour le Coordonnateur r\u00e9sident des syst\u00e8mes des Nation Unies, Philipe Poinsot, il s\u2019agit de mutualiser les id\u00e9es, les forces et les moyens pour lutter contre les VBG et \u00e9galement prendre en consid\u00e9ration les effets n\u00e9gatifs du Covid-19 sur les femmes et les filles. \u00ab Selon ONU Femmes, chaque jour, ce sont 137 femmes qui sont tu\u00e9es par un membre de leurs familles. Plus nous en savoir sur cette violence sexiste, plus nous pourrons y rem\u00e9dier efficacement. C\u2019est pourquoi les mesures devraient \u00e9galement viser \u00e0 aider les institutions \u00e0 collecter et analyser les donn\u00e9es \u00bb, a-t-il signifi\u00e9.<br \/>\nSignalons que la C\u00f4te d\u2019Ivoire a port\u00e9 son choix, cette ann\u00e9e, sur le th\u00e8me \u00ab Z\u00e9ro violence domestique : je m\u2019engage \u00bb. Le th\u00e8me international de la campagne est : \u00ab\u202fTous unis\u202f\u00bb 2020 : \u00ab\u202fOrangez le monde : financez, intervenez, pr\u00e9venez, collectez\u202f!\u202f\u00bb. La campagne nationale des 16 jours d\u2019activisme contre les violences \u00e0 l\u2019\u00e9gard des femmes et des filles, qui a commenc\u00e9 le 25 novembre avec la Journ\u00e9e <a href=\"https:\/\/www.lintelligentdabidjan.info\/news\/parlement-des-enfants-mlle-kouakou-ange-marie-grace-papa-ado-nous-savons-que-vous-etes-pret-pour-nous\/\" target=\"_blank\">internationale<\/a> pour l\u2019\u00e9limination de la violence \u00e0 l\u2019\u00e9gard des femmes, s\u2019ach\u00e8ve le 10 d\u00e9cembre 2020, avec la Journ\u00e9e des droits de l\u2019Homme.<br \/>\n<strong><br \/>\nSercom<\/strong><\/p>\n<p>Pour acheter votre journal du jour en PDF &#8211; les archives et les num\u00e9ros r\u00e9cents, cliquer \u00a0&#8230;..<\/p>\n<p><a href=\"https:\/\/www.lintelligentdabidjan.info\/client\/produit\/n3749-4\/\">https:\/\/www.lintelligentdabidjan.info\/client\/produit\/n3749-4\/<\/a><\/p>\n","protected":false},"excerpt":{"rendered":"<p>La ministre de la Femme, de la Famille et de l\u2019Enfant, Prof. Bakayoko-Ly Ramata, a salu\u00e9 jeudi 3 d\u00e9cembre 2020, les actions men\u00e9es par le gouvernement ivoirien pour la protection des femmes et des enfants, au cours de la c\u00e9r\u00e9monie officielle des 16 jours d\u2019activisme contre les violences \u00e0 l\u2019\u00e9gard des femmes et des filles, [&hellip;]<\/p>\n","protected":false},"author":3,"featured_media":24173,"comment_status":"closed","ping_status":"closed","sticky":false,"template":"","format":"standard","meta":{"_monsterinsights_skip_tracking":false,"_monsterinsights_sitenote_active":false,"_monsterinsights_sitenote_note":"","_monsterinsights_sitenote_category":0,"footnotes":""},"categories":[2,3],"tags":[731,730,77,545],"class_list":["post-24172","post","type-post","status-publish","format-standard","has-post-thumbnail","hentry","category-featured","category-societe","tag-activisme","tag-bakayoko-ly-ramata","tag-cote-divoire","tag-violences"],"_links":{"self":[{"href":"https:\/\/www.lintelligentdabidjan.info\/news\/wp-json\/wp\/v2\/posts\/24172","targetHints":{"allow":["GET"]}}],"collection":[{"href":"https:\/\/www.lintelligentdabidjan.info\/news\/wp-json\/wp\/v2\/posts"}],"about":[{"href":"https:\/\/www.lintelligentdabidjan.info\/news\/wp-json\/wp\/v2\/types\/post"}],"author":[{"embeddable":true,"href":"https:\/\/www.lintelligentdabidjan.info\/news\/wp-json\/wp\/v2\/users\/3"}],"replies":[{"embeddable":true,"href":"https:\/\/www.lintelligentdabidjan.info\/news\/wp-json\/wp\/v2\/comments?post=24172"}],"version-history":[{"count":1,"href":"https:\/\/www.lintelligentdabidjan.info\/news\/wp-json\/wp\/v2\/posts\/24172\/revisions"}],"predecessor-version":[{"id":24174,"href":"https:\/\/www.lintelligentdabidjan.info\/news\/wp-json\/wp\/v2\/posts\/24172\/revisions\/24174"}],"wp:featuredmedia":[{"embeddable":true,"href":"https:\/\/www.lintelligentdabidjan.info\/news\/wp-json\/wp\/v2\/media\/24173"}],"wp:attachment":[{"href":"https:\/\/www.lintelligentdabidjan.info\/news\/wp-json\/wp\/v2\/media?parent=24172"}],"wp:term":[{"taxonomy":"category","embeddable":true,"href":"https:\/\/www.lintelligentdabidjan.info\/news\/wp-json\/wp\/v2\/categories?post=24172"},{"taxonomy":"post_tag","embeddable":true,"href":"https:\/\/www.lintelligentdabidjan.info\/news\/wp-json\/wp\/v2\/tags?post=24172"}],"curies":[{"name":"wp","href":"https:\/\/api.w.org\/{rel}","templated":true}]}}