{"id":242,"date":"2016-10-01T12:01:19","date_gmt":"2016-10-01T10:01:19","guid":{"rendered":"http:\/\/www.lintelligentdabidjan.info\/news\/?p=242"},"modified":"2016-10-01T12:01:19","modified_gmt":"2016-10-01T10:01:19","slug":"chambre-des-rois-et-chefs-traditionnels-le-chef-dje-bi-dje-denonce-le-mode-de-designation-des-chefs","status":"publish","type":"post","link":"https:\/\/www.lintelligentdabidjan.info\/news\/chambre-des-rois-et-chefs-traditionnels-le-chef-dje-bi-dje-denonce-le-mode-de-designation-des-chefs\/","title":{"rendered":"Chambre des Rois et Chefs traditionnels Le chef Dj\u00e8 Bi Dj\u00e8 d\u00e9nonce le mode de d\u00e9signation des Chefs"},"content":{"rendered":"<p>Les premi\u00e8res assises du grand groupe Mand\u00e9 du Sud est pr\u00e9vu pour le mois d\u2019octobre 2016 \u00e0 Zu\u00e9noula. En pr\u00e9lude \u00e0 ces journ\u00e9es de r\u00e9flexion sur le peuple Mand\u00e9, le chef central de Zu\u00e9noula, Dj\u00e8 Bi Dj\u00e8 a anim\u00e9 une conf\u00e9rence de presse le jeudi 29 septembre 2016 \u00e0 Cocody II-Plateaux.<br \/>\nA cette occasion, le chef central Dj\u00e8 Bi Dj\u00e8 Robert, par ailleurs chef du village Bohizra et pr\u00e9sident du Collectif des chefs traditionnels du d\u00e9partement de Zu\u00e9noula a d\u00e9cri\u00e9 le mode de d\u00e9signation des repr\u00e9sentants des chefs traditionnels \u00e0 la Chambre des Chefs et Rois traditionnels. Il a invit\u00e9 les autorit\u00e9s les textes \u00ab Nous invitons les autorit\u00e9s au respect de l\u2019article 14, car les textes stipulent que \u2018\u2019les chefs d\u00e9signent leurs repr\u00e9sentants \u00e0 la Chambre\u2019\u2019, nulle part il n\u2019est mentionn\u00e9 que c\u2019est l\u2019administration qui doit d\u00e9signer les repr\u00e9sentants des chefs traditionnels (\u2026) Il faut \u00e9viter le copinage et reconnaitre le droit qui nous est d\u00fb. Cette mani\u00e8re de faire  est  une bombe \u00e0 retardement. Partout, dans les villages les gens grognent, car ils ne se reconnaissent pas en ceux qui sont d\u00e9sign\u00e9s pour les repr\u00e9senter. Nous invitons donc les autorit\u00e9s \u00e0 \u00eatre en phase avec les textes (&#8230;) Nous sommes d\u2019accord avec le Directoire, car le Pr\u00e9sident de la R\u00e9publique Alassane Ouattara a pris un d\u00e9cret de nomination d\u2019un chef par r\u00e9gion. Mais, qu\u2019on nous laisse d\u00e9signer nos deux repr\u00e9sentants par d\u00e9partement, pour ce qui est de la Chambre.\u00bb, a-t-il exig\u00e9. Avant de poursuivre \u00ab Nous demandons \u00e9galement que cessent les discriminations au sein des chefs et que les arr\u00eat\u00e9s de nomination soient attribu\u00e9s aux chefs, d\u00e8s qu\u2019ils sont d\u00e9sign\u00e9s par leur peuple \u00bb.<br \/>\nLa coh\u00e9sion sociale au centre des assises<br \/>\nSelon le chef central, les premi\u00e8res assises du grand groupe Mand\u00e9 du Sud a pour objectif de restaurer et de sauvegarder le climat social, la coh\u00e9sion et la paix. Ces journ\u00e9es se d\u00e9rouleront autour du th\u00e8me central \u00ab Revalorisation de nos cultures, nos us et coutumes et la sauvegarde de la coh\u00e9sion sociale et la paix \u00bb. Pour le repr\u00e9sentant du peuple Mand\u00e9 du Sud, cette id\u00e9e poursuit le but de rassembler tous les peuples Mand\u00e9 au travers de leurs diff\u00e9rents chefs. \u00ab Les assises permettront d\u2019\u00e9tablir, au terme des ateliers, r\u00e9flexions et conclusions, un Conseil national des Mand\u00e9 du Sud. Ceci, dans le but de f\u00e9d\u00e9rer tous les peuples autour de leur culture et de leur identit\u00e9. Car, lorsque nous ne nous parlons pas, nous ne nous touchons pas, nous sommes expos\u00e9s \u00e0 des situations de crise comme celle que nous venons de traverser \u00bb, a-t-il soutenu. Avant de pr\u00e9ciser que les personnes habilit\u00e9es \u00e0 animer les diff\u00e9rents ateliers et communications sont les 2000 chefs traditionnels que regroupe le grand groupe Mand\u00e9 du Sud. Notons que le chef \u00e9tait accompagn\u00e9 par Bah Iri\u00e9 Michel, cadre de Gohitafla et par son porte-canne, Tray\u00e9 Germain.<br \/>\nROK<\/p>\n","protected":false},"excerpt":{"rendered":"<p>Les premi\u00e8res assises du grand groupe Mand\u00e9 du Sud est pr\u00e9vu pour le mois d\u2019octobre 2016 \u00e0 Zu\u00e9noula. En pr\u00e9lude \u00e0 ces journ\u00e9es de r\u00e9flexion sur le peuple Mand\u00e9, le chef central de Zu\u00e9noula, Dj\u00e8 Bi Dj\u00e8 a anim\u00e9 une conf\u00e9rence de presse le jeudi 29 septembre 2016 \u00e0 Cocody II-Plateaux. A cette occasion, le [&hellip;]<\/p>\n","protected":false},"author":1,"featured_media":0,"comment_status":"closed","ping_status":"closed","sticky":false,"template":"","format":"standard","meta":{"_monsterinsights_skip_tracking":false,"_monsterinsights_sitenote_active":false,"_monsterinsights_sitenote_note":"","_monsterinsights_sitenote_category":0,"footnotes":""},"categories":[3],"tags":[],"class_list":["post-242","post","type-post","status-publish","format-standard","hentry","category-societe"],"_links":{"self":[{"href":"https:\/\/www.lintelligentdabidjan.info\/news\/wp-json\/wp\/v2\/posts\/242","targetHints":{"allow":["GET"]}}],"collection":[{"href":"https:\/\/www.lintelligentdabidjan.info\/news\/wp-json\/wp\/v2\/posts"}],"about":[{"href":"https:\/\/www.lintelligentdabidjan.info\/news\/wp-json\/wp\/v2\/types\/post"}],"author":[{"embeddable":true,"href":"https:\/\/www.lintelligentdabidjan.info\/news\/wp-json\/wp\/v2\/users\/1"}],"replies":[{"embeddable":true,"href":"https:\/\/www.lintelligentdabidjan.info\/news\/wp-json\/wp\/v2\/comments?post=242"}],"version-history":[{"count":1,"href":"https:\/\/www.lintelligentdabidjan.info\/news\/wp-json\/wp\/v2\/posts\/242\/revisions"}],"predecessor-version":[{"id":243,"href":"https:\/\/www.lintelligentdabidjan.info\/news\/wp-json\/wp\/v2\/posts\/242\/revisions\/243"}],"wp:attachment":[{"href":"https:\/\/www.lintelligentdabidjan.info\/news\/wp-json\/wp\/v2\/media?parent=242"}],"wp:term":[{"taxonomy":"category","embeddable":true,"href":"https:\/\/www.lintelligentdabidjan.info\/news\/wp-json\/wp\/v2\/categories?post=242"},{"taxonomy":"post_tag","embeddable":true,"href":"https:\/\/www.lintelligentdabidjan.info\/news\/wp-json\/wp\/v2\/tags?post=242"}],"curies":[{"name":"wp","href":"https:\/\/api.w.org\/{rel}","templated":true}]}}