{"id":24285,"date":"2020-12-16T09:12:41","date_gmt":"2020-12-16T08:12:41","guid":{"rendered":"https:\/\/www.lintelligentdabidjan.info\/news\/?p=24285"},"modified":"2020-12-16T09:18:15","modified_gmt":"2020-12-16T08:18:15","slug":"cote-divoire-lex-conseiller-diplomatique-des-coalitions-autour-de-bedie-seth-kokofelicite-le-president-ouattara-et-reconnait-sa-legitimite","status":"publish","type":"post","link":"https:\/\/www.lintelligentdabidjan.info\/news\/cote-divoire-lex-conseiller-diplomatique-des-coalitions-autour-de-bedie-seth-kokofelicite-le-president-ouattara-et-reconnait-sa-legitimite\/","title":{"rendered":"C\u00f4te d\u2019Ivoire : l\u2019ex conseiller diplomatique des coalitions autour de B\u00e9di\u00e9, Seth Koko,f\u00e9licite le pr\u00e9sident Ouattara et reconna\u00eet sa l\u00e9gitimit\u00e9"},"content":{"rendered":"<p><em><strong>Le 14 d\u00e9cembre 2020, a eu lieu en C\u00f4te d\u2019Ivoire, une c\u00e9r\u00e9monie de prestation de serment pour un nouveau mandat pr\u00e9sidentiel, en pr\u00e9sence de 13 chefs d&#8217;Etat, de chefs de gouvernement, des repr\u00e9sentants de la communaut\u00e9 internationale (l&#8217;ONU, l&#8217;UA, la CEDEAO, l&#8217;UE etc), qui ont ainsi assist\u00e9 \u00e0 la certification par le Conseil Constitutionnel de la R\u00e9publique du scrutin pr\u00e9sidentiel du 31 octobre 2020, qui a donn\u00e9 lieu \u00e0 la r\u00e9\u00e9lection du Pr\u00e9sident sortant Monsieur Alassane Ouattara. <\/strong><\/em><\/p>\n<p>La candidature du pr\u00e9sident Alassane Ouattara avait ouvert les br\u00e8ches de plusieurs d\u00e9saccords avec l\u2019<a href=\"https:\/\/www.lintelligentdabidjan.info\/news\/seth-koko-recu-par-olusegun-obasanjo-ex-president-du-nigeria\/\" target=\"_blank\">opposition<\/a> qui la trouvait ill\u00e9gale.<\/p>\n<p>J&#8217;ai d&#8217;ailleurs \u00e9t\u00e9 le premier \u00e0 retirer ma candidature pour marquer mon d\u00e9saccord avec la Commission \u00c9lectorale Ind\u00e9pendante qui venait d&#8217;accepter le 24 aout 2020, cette candidature que je jugeais ill\u00e9gale.<\/p>\n<p>Par la suite, j&#8217;avais choisi comme voie de recours la pression diplomatique afin de faire accepter ma lecture de la loi fondamentale de mon pays.<\/p>\n<p>Les r\u00e9sultats de ma mission ont amen\u00e9 la coalition de l&#8217;opposition dirig\u00e9e par le pr\u00e9sident B\u00e9di\u00e9 \u00e0 me confier des missions diplomatiques et de lobbying de ladite coalition, dans le cadre de l&#8217;unit\u00e9 d&#8217;action, pour emp\u00eacher la candidature du pr\u00e9sident Ouattara.<\/p>\n<p>Je voudrais f\u00e9liciter le pr\u00e9sident Henri Konan B\u00e9di\u00e9 pour la confiance, et pour avoir ,malgr\u00e9 le poids de l&#8217;\u00e2ge, men\u00e9 ce combat avec toutes les cons\u00e9quences que cela a impliqu\u00e9 pour lui et pour les autres leaders de l\u2019opposition qui l&#8217;ont accompagn\u00e9.<\/p>\n<p>Dans un message diffus\u00e9 le 09 d\u00e9cembre 2020 , le Pr\u00e9sident Henri Konan B\u00e9di\u00e9 a mis fin \u00e0 la d\u00e9sob\u00e9issance civile, au CNT, et a pr\u00e9conis\u00e9 le dialogue national en vue de trouver les solutions aux pr\u00e9occupations des ivoiriens en g\u00e9n\u00e9ral et de l\u2019opposition en particulier.<\/p>\n<p>En vue de favoriser une telle initiative, et aider \u00e0 maintenir le fil du dialogue entre les fils et filles de la C\u00f4te d\u2019Ivoire pour une r\u00e9conciliation durable , et dans la paix des c\u0153urs, je voudrais au nom du Mouvement L&#8217;ALTERNATIVE-CI dont je suis le Leader, f\u00e9liciter Son Excellence Monsieur Alassane Ouattara pour son \u00e9lection comme Pr\u00e9sident de la R\u00e9publique de C\u00f4te d&#8217;Ivoire, lors du scrutin contest\u00e9 du 31 octobre 2020.<\/p>\n<p>La prestation de serment du lundi 14 d\u00e9cembre 2020 marque une nouvelle \u00e9tape qui doit ouvrir la voie du dialogue permanent et durable, en vue d\u2019une \u00e9lection l\u00e9gislative ouverte et inclusive !<\/p>\n<p>En effet, sans cadre institutionnel marqu\u00e9 par l&#8217;acceptation de la l\u00e9gitimit\u00e9 et de la l\u00e9galit\u00e9 du Pr\u00e9sident Ouattara, le dialogue souhait\u00e9<br \/>\nne peut aboutir et il y a risque de d\u00e9sordre.<\/p>\n<p>J&#8217;adh\u00e8re \u00e0 l&#8217;appel au dialogue du Pr\u00e9sident de la R\u00e9publique dans le cadre de discussion qu&#8217;il pr\u00e9voit \u00e9tablir tr\u00e8s prochainement, tout en esp\u00e9rant que ce cadre trouvera des solutions pouvant aboutir \u00e0 la paix, \u00e0 la r\u00e9conciliation, \u00e0 la coh\u00e9sion sociale et au pardon.<\/p>\n<p>J\u2019ai pris l\u2019engagement sur conseils de chefs d\u2019Etats, de sages et personnalit\u00e9s de la sous r\u00e9gion et au del\u00e0, d\u2019aider \u00e0 n\u00e9gocier la lib\u00e9ration des acteurs politiques arr\u00eat\u00e9s et, au retour des exil\u00e9s.<\/p>\n<p>J&#8217;invite les ivoiriennes et les ivoiriens, et la nouvelle g\u00e9n\u00e9ration d&#8217;hommes politiques avec qui j\u2019\u00e9change r\u00e9guli\u00e8rement et qui <a href=\"https:\/\/www.lintelligentdabidjan.info\/news\/image-seth-koko-propose-une-transition-de-6-mois-et-annonce-son-retrait-de-la-presidentielle-2020-dans-une-semaine-si\/\" target=\"_blank\">adh\u00e9rent<\/a> \u00e0 cette id\u00e9e de faire la politique autrement, \u00e0 suivre la conf\u00e9rence de presse internationale que j&#8217;animerai depuis Niamey, le 21 d\u00e9cembre 2020.<\/p>\n<p>Vive la R\u00e9publique,<br \/>\nvive la C\u00f4te d&#8217;Ivoire !<br \/>\nQue Dieu nous b\u00e9nisse tous.<\/p>\n<p>Fait \u00e0 Niamey, le 16 D\u00e9cembre 2020<br \/>\n<strong><br \/>\nSeth KOKO,<br \/>\nPr\u00e9sident du Mouvement L&#8217;ALTERNATIVE-CI<br \/>\nEx-candidat d\u00e9clar\u00e9 \u00e0 la pr\u00e9sidentielle d&#8217;octobre 2020<\/strong><\/p>\n<p>&nbsp;<\/p>\n<p>Pour acheter votre journal du jour en PDF &#8211; les archives et les num\u00e9ros r\u00e9cents, cliquer \u00a0&#8230;..<\/p>\n<p><a href=\"https:\/\/www.lintelligentdabidjan.info\/client\/produit\/n3749-4\/\">https:\/\/www.lintelligentdabidjan.info\/client\/produit\/n3749-4\/<\/a><\/p>\n","protected":false},"excerpt":{"rendered":"<p>Le 14 d\u00e9cembre 2020, a eu lieu en C\u00f4te d\u2019Ivoire, une c\u00e9r\u00e9monie de prestation de serment pour un nouveau mandat pr\u00e9sidentiel, en pr\u00e9sence de 13 chefs d&#8217;Etat, de chefs de gouvernement, des repr\u00e9sentants de la communaut\u00e9 internationale (l&#8217;ONU, l&#8217;UA, la CEDEAO, l&#8217;UE etc), qui ont ainsi assist\u00e9 \u00e0 la certification par le Conseil Constitutionnel de [&hellip;]<\/p>\n","protected":false},"author":3,"featured_media":24286,"comment_status":"closed","ping_status":"closed","sticky":false,"template":"","format":"standard","meta":{"_monsterinsights_skip_tracking":false,"_monsterinsights_sitenote_active":false,"_monsterinsights_sitenote_note":"","_monsterinsights_sitenote_category":0,"footnotes":""},"categories":[2,17],"tags":[35,83,781,782,780,34,779],"class_list":["post-24285","post","type-post","status-publish","format-standard","has-post-thumbnail","hentry","category-featured","category-politique","tag-bedie","tag-cedeao","tag-lua","tag-lue","tag-onu","tag-ouattara","tag-seth-koko"],"_links":{"self":[{"href":"https:\/\/www.lintelligentdabidjan.info\/news\/wp-json\/wp\/v2\/posts\/24285","targetHints":{"allow":["GET"]}}],"collection":[{"href":"https:\/\/www.lintelligentdabidjan.info\/news\/wp-json\/wp\/v2\/posts"}],"about":[{"href":"https:\/\/www.lintelligentdabidjan.info\/news\/wp-json\/wp\/v2\/types\/post"}],"author":[{"embeddable":true,"href":"https:\/\/www.lintelligentdabidjan.info\/news\/wp-json\/wp\/v2\/users\/3"}],"replies":[{"embeddable":true,"href":"https:\/\/www.lintelligentdabidjan.info\/news\/wp-json\/wp\/v2\/comments?post=24285"}],"version-history":[{"count":3,"href":"https:\/\/www.lintelligentdabidjan.info\/news\/wp-json\/wp\/v2\/posts\/24285\/revisions"}],"predecessor-version":[{"id":24289,"href":"https:\/\/www.lintelligentdabidjan.info\/news\/wp-json\/wp\/v2\/posts\/24285\/revisions\/24289"}],"wp:featuredmedia":[{"embeddable":true,"href":"https:\/\/www.lintelligentdabidjan.info\/news\/wp-json\/wp\/v2\/media\/24286"}],"wp:attachment":[{"href":"https:\/\/www.lintelligentdabidjan.info\/news\/wp-json\/wp\/v2\/media?parent=24285"}],"wp:term":[{"taxonomy":"category","embeddable":true,"href":"https:\/\/www.lintelligentdabidjan.info\/news\/wp-json\/wp\/v2\/categories?post=24285"},{"taxonomy":"post_tag","embeddable":true,"href":"https:\/\/www.lintelligentdabidjan.info\/news\/wp-json\/wp\/v2\/tags?post=24285"}],"curies":[{"name":"wp","href":"https:\/\/api.w.org\/{rel}","templated":true}]}}