{"id":24317,"date":"2020-12-19T09:41:23","date_gmt":"2020-12-19T08:41:23","guid":{"rendered":"https:\/\/www.lintelligentdabidjan.info\/news\/?p=24317"},"modified":"2020-12-19T09:43:02","modified_gmt":"2020-12-19T08:43:02","slug":"reprise-du-dialogue-politique-kouakou-kra-fpi-affi-nous-serons-peut-etre-presents-lundi-21-decembre-a-la-primature","status":"publish","type":"post","link":"https:\/\/www.lintelligentdabidjan.info\/news\/reprise-du-dialogue-politique-kouakou-kra-fpi-affi-nous-serons-peut-etre-presents-lundi-21-decembre-a-la-primature\/","title":{"rendered":"Reprise du dialogue politique Kouakou Kra Fpi-Affi : nous serons peut-\u00eatre pr\u00e9sents lundi 21 d\u00e9cembre \u00e0 la Primature"},"content":{"rendered":"<p><em><strong>L\u2019IA a joint vendredi 18 d\u00e9cembre 2020, Kouakou Kra, vice-pr\u00e9sident charg\u00e9 des \u00e9lections du Fpi dirig\u00e9 par Pascal Affi N\u2019Guessan, pour savoir si le parti a re\u00e7u une invitation pour la reprise du dialogue politique le lundi 21 d\u00e9cembre 2020 \u00e0 la Primature entre le gouvernement, les partis politiques et les organisations de la soci\u00e9t\u00e9 civile sous l&#8217;\u00e9gide du premier ministre Hamed Bakayoko, conform\u00e9ment aux indications du Pr\u00e9sident de la R\u00e9publique.<\/strong><\/em><\/p>\n<p>\u00ab Le Front populaire ivoirien a \u00e9t\u00e9 saisi. Il n&#8217;y a pas de raison qu&#8217;on ne participe pas puisque notre volont\u00e9, c&#8217;est le dialogue. Nous avons toujours souhait\u00e9 le dialogue. C&#8217;est maintenant que nous avons re\u00e7u l&#8217;invitation, nous allons appr\u00e9cier et avoir la conduite \u00e0 tenir. Nous sommes des hommes de dialogue. L&#8217;opposition a demand\u00e9 un dialogue national.<\/p>\n<p>Eux ils viennent offrir leur dialogue, nous n&#8217;avons pas \u00e0 refuser leur dialogue puisque nous m\u00eame, nous voulons un grand dialogue. Donc que ce soit un grand dialogue ou un petit dialogue, c&#8217;est un dialogue. Je ne crois pas que cela puisse \u00eatre un probl\u00e8me en tant que tel \u00bb, a d\u00e9clar\u00e9 le collaborateur d&#8217;Affi N&#8217;Guessan .<\/p>\n<p>Il a souhait\u00e9 que ce dialogue se d\u00e9roule dans un environnement apais\u00e9 : \u00abParce que l&#8217;environnement est surcharg\u00e9, le contexte est surcharg\u00e9. Laurent Gbagbo m\u00eame qui veut venir en C\u00f4te d&#8217;Ivoire, il est toujours coinc\u00e9 \u00e0 l&#8217;\u00e9tranger. Affi N&#8217;guessan qui est le pr\u00e9sident du Fpi, est embastill\u00e9. Guikahu\u00e9 qui est le bras s\u00e9culier de B\u00e9di\u00e9 est embastill\u00e9. Or ce sont eux qui participent au dialogue. Donc si nous voulons avoir des r\u00e9sultats probants, c&#8217;est vrai on peut aller, mais \u00e7a va \u00eatre une pr\u00e9sence figurative. Si les concern\u00e9s au premier plan peuvent \u00eatre l\u00e0, c&#8217;\u00e9tait une bonne chose. Mais dans tous les cas, demain nous allons appr\u00e9cier et on vous fera suivre notre position, m\u00eame si apparemment, il ne devrait pas avoir de probl\u00e8me \u00bb.<\/p>\n<p><strong><br \/>\nAbdoulaye Tour\u00e9<\/strong><\/p>\n","protected":false},"excerpt":{"rendered":"<p>L\u2019IA a joint vendredi 18 d\u00e9cembre 2020, Kouakou Kra, vice-pr\u00e9sident charg\u00e9 des \u00e9lections du Fpi dirig\u00e9 par Pascal Affi N\u2019Guessan, pour savoir si le parti a re\u00e7u une invitation pour la reprise du dialogue politique le lundi 21 d\u00e9cembre 2020 \u00e0 la Primature entre le gouvernement, les partis politiques et les organisations de la soci\u00e9t\u00e9 [&hellip;]<\/p>\n","protected":false},"author":3,"featured_media":24318,"comment_status":"closed","ping_status":"closed","sticky":false,"template":"","format":"standard","meta":{"_monsterinsights_skip_tracking":false,"_monsterinsights_sitenote_active":false,"_monsterinsights_sitenote_note":"","_monsterinsights_sitenote_category":0,"footnotes":""},"categories":[2,17],"tags":[794,77,45,795],"class_list":["post-24317","post","type-post","status-publish","format-standard","has-post-thumbnail","hentry","category-featured","category-politique","tag-affi","tag-cote-divoire","tag-fpi","tag-kra"],"_links":{"self":[{"href":"https:\/\/www.lintelligentdabidjan.info\/news\/wp-json\/wp\/v2\/posts\/24317","targetHints":{"allow":["GET"]}}],"collection":[{"href":"https:\/\/www.lintelligentdabidjan.info\/news\/wp-json\/wp\/v2\/posts"}],"about":[{"href":"https:\/\/www.lintelligentdabidjan.info\/news\/wp-json\/wp\/v2\/types\/post"}],"author":[{"embeddable":true,"href":"https:\/\/www.lintelligentdabidjan.info\/news\/wp-json\/wp\/v2\/users\/3"}],"replies":[{"embeddable":true,"href":"https:\/\/www.lintelligentdabidjan.info\/news\/wp-json\/wp\/v2\/comments?post=24317"}],"version-history":[{"count":1,"href":"https:\/\/www.lintelligentdabidjan.info\/news\/wp-json\/wp\/v2\/posts\/24317\/revisions"}],"predecessor-version":[{"id":24319,"href":"https:\/\/www.lintelligentdabidjan.info\/news\/wp-json\/wp\/v2\/posts\/24317\/revisions\/24319"}],"wp:featuredmedia":[{"embeddable":true,"href":"https:\/\/www.lintelligentdabidjan.info\/news\/wp-json\/wp\/v2\/media\/24318"}],"wp:attachment":[{"href":"https:\/\/www.lintelligentdabidjan.info\/news\/wp-json\/wp\/v2\/media?parent=24317"}],"wp:term":[{"taxonomy":"category","embeddable":true,"href":"https:\/\/www.lintelligentdabidjan.info\/news\/wp-json\/wp\/v2\/categories?post=24317"},{"taxonomy":"post_tag","embeddable":true,"href":"https:\/\/www.lintelligentdabidjan.info\/news\/wp-json\/wp\/v2\/tags?post=24317"}],"curies":[{"name":"wp","href":"https:\/\/api.w.org\/{rel}","templated":true}]}}