{"id":24320,"date":"2020-12-19T10:18:05","date_gmt":"2020-12-19T09:18:05","guid":{"rendered":"https:\/\/www.lintelligentdabidjan.info\/news\/?p=24320"},"modified":"2020-12-19T11:23:34","modified_gmt":"2020-12-19T10:23:34","slug":"13-ministres-cooptes-pour-la-reprise-du-dialogue-politique-avec-lopposition-et-la-societe-civile-sur-les-cei-locales-cote-divoire","status":"publish","type":"post","link":"https:\/\/www.lintelligentdabidjan.info\/news\/13-ministres-cooptes-pour-la-reprise-du-dialogue-politique-avec-lopposition-et-la-societe-civile-sur-les-cei-locales-cote-divoire\/","title":{"rendered":"13 ministres coopt\u00e9s pour la reprise du dialogue politique avec l\u2019opposition et la soci\u00e9t\u00e9 civile sur les Cei locales (C\u00f4te d\u2019Ivoire)"},"content":{"rendered":"<p><em><strong>Une semaine apr\u00e8s les indications donn\u00e9es par le Pr\u00e9sident de la R\u00e9publique, Alassane Ouattara, le lundi 14 d\u00e9cembre 2020 lors de la c\u00e9r\u00e9monie de prestation de serment, le Premier ministre, chef du gouvernement Hamed Bakayoko, acte la reprise du <a href=\"https:\/\/www.lintelligentdabidjan.info\/news\/dialogue-politique-i-le-premier-ministre-hamed-bakayoko-nous-avons-espere-quavec-cette-ouverture-nos-amis-viendraient-a-cette-rencontre\/\" target=\"_blank\">dialogue<\/a> politique entre l\u2019opposition et la soci\u00e9t\u00e9 civile le lundi 21 d\u00e9cembre 2020, pour des \u00e9changes sur la composition des Cei locales en vue de l\u2019organisation des l\u00e9gislatives \u00e0 venir.<\/strong><\/em><\/p>\n<p>Selon le mode op\u00e9ratoire du gouvernement, la session du lundi 21 d\u00e9cembre 2020 devrait porter essentiellement sur les Cei locales , qui sont des enjeux importants dans le cadre des \u00e9lections l\u00e9gislatives, qui ont un aspect local.<\/p>\n<p>Il s\u2019agit pour le gouvernement qui n\u2019a pas pr\u00e9vu toucher le d\u00e9coupage \u00e9lectoral actuel, d\u2019aboutir \u00e0 un accord et un consensus, en vue de la participation de tous , dans le fonctionnement des Cei locales , \u00e9tant entendu que la question de la Cei a d\u00e9j\u00e0 fait l\u2019objet d\u2019une proposition du gouvernement \u00e0 la veille de l\u2019\u00e9lection pr\u00e9sidentielle.<\/p>\n<p>Comment l\u2019opposition ivoirienne et la soci\u00e9t\u00e9 civile vont-elles r\u00e9agir et accueillir le mode op\u00e9ratoire choisi par le gouvernement ?<\/p>\n<p>En vue de r\u00e9pondre \u00e0 l\u2019ensemble des pr\u00e9occupations \u00e9ventuelles de l\u2019opposition et de la soci\u00e9t\u00e9 civile, le Premier ministre Hamed Bakayoko a , outre lui-m\u00eame, coopt\u00e9 13 membres du gouvernement pour cette premi\u00e8re session de la reprise des discussions.<\/p>\n<p>Le ministre de la r\u00e9conciliation nationale, Kouadio Konan Bertin, ne devrait pas pour le moment , participer \u00e0 ce nouveau round de discussions.<\/p>\n<p><strong><br \/>\nCharles K<\/strong><\/p>\n<p>Pour acheter votre journal du jour en PDF &#8211; les archives et les num\u00e9ros r\u00e9cents, cliquer \u00a0&#8230;..<\/p>\n<p><a href=\"https:\/\/www.lintelligentdabidjan.info\/client\/produit\/n3749-4\/\">https:\/\/www.lintelligentdabidjan.info\/client\/produit\/n3749-4\/<\/a><\/p>\n","protected":false},"excerpt":{"rendered":"<p>Une semaine apr\u00e8s les indications donn\u00e9es par le Pr\u00e9sident de la R\u00e9publique, Alassane Ouattara, le lundi 14 d\u00e9cembre 2020 lors de la c\u00e9r\u00e9monie de prestation de serment, le Premier ministre, chef du gouvernement Hamed Bakayoko, acte la reprise du dialogue politique entre l\u2019opposition et la soci\u00e9t\u00e9 civile le lundi 21 d\u00e9cembre 2020, pour des \u00e9changes [&hellip;]<\/p>\n","protected":false},"author":3,"featured_media":24321,"comment_status":"closed","ping_status":"closed","sticky":false,"template":"","format":"standard","meta":{"_monsterinsights_skip_tracking":false,"_monsterinsights_sitenote_active":false,"_monsterinsights_sitenote_note":"","_monsterinsights_sitenote_category":0,"footnotes":""},"categories":[2,17],"tags":[436,77,649],"class_list":["post-24320","post","type-post","status-publish","format-standard","has-post-thumbnail","hentry","category-featured","category-politique","tag-cei","tag-cote-divoire","tag-opposition"],"_links":{"self":[{"href":"https:\/\/www.lintelligentdabidjan.info\/news\/wp-json\/wp\/v2\/posts\/24320","targetHints":{"allow":["GET"]}}],"collection":[{"href":"https:\/\/www.lintelligentdabidjan.info\/news\/wp-json\/wp\/v2\/posts"}],"about":[{"href":"https:\/\/www.lintelligentdabidjan.info\/news\/wp-json\/wp\/v2\/types\/post"}],"author":[{"embeddable":true,"href":"https:\/\/www.lintelligentdabidjan.info\/news\/wp-json\/wp\/v2\/users\/3"}],"replies":[{"embeddable":true,"href":"https:\/\/www.lintelligentdabidjan.info\/news\/wp-json\/wp\/v2\/comments?post=24320"}],"version-history":[{"count":4,"href":"https:\/\/www.lintelligentdabidjan.info\/news\/wp-json\/wp\/v2\/posts\/24320\/revisions"}],"predecessor-version":[{"id":24325,"href":"https:\/\/www.lintelligentdabidjan.info\/news\/wp-json\/wp\/v2\/posts\/24320\/revisions\/24325"}],"wp:featuredmedia":[{"embeddable":true,"href":"https:\/\/www.lintelligentdabidjan.info\/news\/wp-json\/wp\/v2\/media\/24321"}],"wp:attachment":[{"href":"https:\/\/www.lintelligentdabidjan.info\/news\/wp-json\/wp\/v2\/media?parent=24320"}],"wp:term":[{"taxonomy":"category","embeddable":true,"href":"https:\/\/www.lintelligentdabidjan.info\/news\/wp-json\/wp\/v2\/categories?post=24320"},{"taxonomy":"post_tag","embeddable":true,"href":"https:\/\/www.lintelligentdabidjan.info\/news\/wp-json\/wp\/v2\/tags?post=24320"}],"curies":[{"name":"wp","href":"https:\/\/api.w.org\/{rel}","templated":true}]}}