{"id":24373,"date":"2020-12-20T21:37:41","date_gmt":"2020-12-20T20:37:41","guid":{"rendered":"https:\/\/www.lintelligentdabidjan.info\/news\/?p=24373"},"modified":"2020-12-20T21:43:35","modified_gmt":"2020-12-20T20:43:35","slug":"hommage-a-lex-pm-agc-a-korhogo-amadou-kone-explique-pourquoi-les-cadres-elus-et-populations-nont-pas-touche-sa-tombe","status":"publish","type":"post","link":"https:\/\/www.lintelligentdabidjan.info\/news\/hommage-a-lex-pm-agc-a-korhogo-amadou-kone-explique-pourquoi-les-cadres-elus-et-populations-nont-pas-touche-sa-tombe\/","title":{"rendered":"Hommage \u00e0 l\u2019ex-PM AGC \u00e0 Korhogo-Amadou Kon\u00e9 explique pourquoi les cadres, \u00e9lus et populations n\u2019ont pas touch\u00e9 sa tombe"},"content":{"rendered":"<p><em><strong>En p\u00e8lerinage \u00e0 Korhogo, chef-lieu de la r\u00e9gion du Poro, les membres de la direction du Rassemblement des houphou\u00e9tistes pour la d\u00e9mocratie et la paix (RHDP), des membres du gouvernement, des \u00e9lus et cadres du RHDP et les populations de Korhogo ont pris part \u00e0 une c\u00e9r\u00e9monie de recueillement, le vendredi 17 d\u00e9cembre 2020 \u00e0 Gbondala, o\u00f9 repose feu le Premier ministre Amadou Gon Coulibaly.<\/strong><\/p>\n<p><\/em><br \/>\nAu nom de la famille Gon Coulibaly, le ministre des Transports, Amadou Kon\u00e9 a pr\u00e9sent\u00e9 des excuses, puisqu\u2019ils \u00e9taient nombreux, \u00e0 ceux qui n\u2019ont pas pu se recueillir sur la tombe du d\u00e9funt : : \u00ab Nombreux parmi vous auraient souhait\u00e9 toucher la tombe de leur fr\u00e8re, leur ami. Comme vous le constatez et pour ceux qui le savent, nous avons un caveau o\u00f9 reposent notre grand-p\u00e8re, nos parents et le Premier ministre Amadou Gon Coulibaly. <\/p>\n<p>Ce caveau, nous sommes en train de l\u2019\u00e9largir, parce que ceux qui ont assist\u00e9 \u00e0 l\u2019inhumation du Premier ministre Amadou Gon savent qu\u2019il n\u2019a pas \u00e9t\u00e9 inhum\u00e9 dans le caveau initial. Il y a un important travail qui est en train d\u2019\u00eatre fait et nous n\u2019avons pas voulu exposer ce chantier. <\/p>\n<p>Mais, je suis s\u00fbr que de l\u00e0 o\u00f9 Amadou Gon est, il voit, il entend tout ce qui se fait ici. Dans quelques mois, chacun aura l\u2019occasion de venir au contact de la tombe du Premier ministre Amadou Gon Coulibaly \u00bb. <\/p>\n<p><strong><br \/>\nOlivier Dion , envoy\u00e9 sp\u00e9cial<br \/>\n\u00e0 Korhogo <\/strong><\/p>\n","protected":false},"excerpt":{"rendered":"<p>En p\u00e8lerinage \u00e0 Korhogo, chef-lieu de la r\u00e9gion du Poro, les membres de la direction du Rassemblement des houphou\u00e9tistes pour la d\u00e9mocratie et la paix (RHDP), des membres du gouvernement, des \u00e9lus et cadres du RHDP et les populations de Korhogo ont pris part \u00e0 une c\u00e9r\u00e9monie de recueillement, le vendredi 17 d\u00e9cembre 2020 \u00e0 [&hellip;]<\/p>\n","protected":false},"author":3,"featured_media":24375,"comment_status":"closed","ping_status":"closed","sticky":false,"template":"","format":"standard","meta":{"_monsterinsights_skip_tracking":false,"_monsterinsights_sitenote_active":false,"_monsterinsights_sitenote_note":"","_monsterinsights_sitenote_category":0,"footnotes":""},"categories":[2,17],"tags":[],"class_list":["post-24373","post","type-post","status-publish","format-standard","has-post-thumbnail","hentry","category-featured","category-politique"],"_links":{"self":[{"href":"https:\/\/www.lintelligentdabidjan.info\/news\/wp-json\/wp\/v2\/posts\/24373","targetHints":{"allow":["GET"]}}],"collection":[{"href":"https:\/\/www.lintelligentdabidjan.info\/news\/wp-json\/wp\/v2\/posts"}],"about":[{"href":"https:\/\/www.lintelligentdabidjan.info\/news\/wp-json\/wp\/v2\/types\/post"}],"author":[{"embeddable":true,"href":"https:\/\/www.lintelligentdabidjan.info\/news\/wp-json\/wp\/v2\/users\/3"}],"replies":[{"embeddable":true,"href":"https:\/\/www.lintelligentdabidjan.info\/news\/wp-json\/wp\/v2\/comments?post=24373"}],"version-history":[{"count":4,"href":"https:\/\/www.lintelligentdabidjan.info\/news\/wp-json\/wp\/v2\/posts\/24373\/revisions"}],"predecessor-version":[{"id":24379,"href":"https:\/\/www.lintelligentdabidjan.info\/news\/wp-json\/wp\/v2\/posts\/24373\/revisions\/24379"}],"wp:featuredmedia":[{"embeddable":true,"href":"https:\/\/www.lintelligentdabidjan.info\/news\/wp-json\/wp\/v2\/media\/24375"}],"wp:attachment":[{"href":"https:\/\/www.lintelligentdabidjan.info\/news\/wp-json\/wp\/v2\/media?parent=24373"}],"wp:term":[{"taxonomy":"category","embeddable":true,"href":"https:\/\/www.lintelligentdabidjan.info\/news\/wp-json\/wp\/v2\/categories?post=24373"},{"taxonomy":"post_tag","embeddable":true,"href":"https:\/\/www.lintelligentdabidjan.info\/news\/wp-json\/wp\/v2\/tags?post=24373"}],"curies":[{"name":"wp","href":"https:\/\/api.w.org\/{rel}","templated":true}]}}