{"id":24445,"date":"2020-12-21T23:17:48","date_gmt":"2020-12-21T22:17:48","guid":{"rendered":"https:\/\/www.lintelligentdabidjan.info\/news\/?p=24445"},"modified":"2020-12-21T23:19:09","modified_gmt":"2020-12-21T22:19:09","slug":"presidence-caf-anouma-candidat-pour-une-gestion-moderne-responsable-et-transparente","status":"publish","type":"post","link":"https:\/\/www.lintelligentdabidjan.info\/news\/presidence-caf-anouma-candidat-pour-une-gestion-moderne-responsable-et-transparente\/","title":{"rendered":"Pr\u00e9sidence CAF Anouma candidat pour une gestion moderne, responsable et transparente"},"content":{"rendered":"<p><em><strong>Jacques Anouma, pr\u00e9sident d\u2019honneur de la FIF a officiellement annonc\u00e9, le lundi 21 d\u00e9cembre 2020, \u00e0 la salle de conf\u00e9rence du minist\u00e8re des Affaires \u00e9trang\u00e8res au Plateau,sa candidature \u00e0 la pr\u00e9sidence de la Conf\u00e9d\u00e9ration Africaine de Football (CAF) en pr\u00e9sence du ministre des Affaires \u00e9trang\u00e8res, Ally Coulibaly , du ministre des Sports, Danho Paulin, du pr\u00e9sident de la FIF, Dehoul\u00e9 Omer et des membres du comit\u00e9 des Sages, conduits par Laurent Dona Fologo. <\/strong><\/em><\/p>\n<p>\u2018\u2019 Je suis candidat pour restaurer notre maison commune, je suis candidat pour une gestion moderne, responsable et transparente de la CAF. J\u2019insiste sur ces trois principes qui guideront mon action. J\u2019ai une vision claire, j\u2019ai un projet de d\u00e9veloppement innovant qui s\u2019intitule sobrement : SERVIR LE FOOTBALL (&#8230;) Avec une \u00e9quipe soud\u00e9e, comp\u00e9tente et int\u00e8gre, je veux rendre son prestige \u00e0 la CAF pour redonner du lustre au football africain ! Cela, nous pouvons le faire nous-m\u00eames, entre Africains et Africains&#8230; Nous avons les ressources humaines, morales et techniques pour faire de notre football une r\u00e9f\u00e9rence mondiale\u2019\u2019 , a d\u00e9clar\u00e9 le pr\u00e9sident de l\u2019Afad.<\/p>\n<p>Jacques Anouma s\u2019est f\u00e9licit\u00e9 du soutien total du pr\u00e9sident de la R\u00e9publique \u00e0 sa candidature , ainsi que ceux des membres du gouvernement et l\u2019ensemble des Ivoiriens qui ont pris fait et cause pour sa candidature. Une mobilisation autour de sa candidature qui l\u2019encourage \u00e0 aller chercher les voix n\u00e9cessaires pour \u00eatre \u00e9lu si sa candidature est retenue le 12 janvier 2021. \u201c\u201dD\u00e9termin\u00e9s, nous le sommes. La comp\u00e9tition dans laquelle nous nous engageons est capitale pour l\u2019avenir du football sur le continent. En quelque sorte, une autre coupe d\u2019Afrique se joue. Vous savez que les \u00c9l\u00e9phants ont \u00e9t\u00e9 deux fois champions d\u2019Afrique, alors nous esp\u00e9rons tous faire honneur au dicton : \u00ab Il n\u2019y a jamais deux sans trois \u00bb. Comme vous le savez, la liste des candidats retenus sera publi\u00e9e le 12 janvier 2021. Si je suis retenu, il nous faudra nous mettre en branle, faire corps, pour \u00e9changer, rencontrer, convaincre les 54 Pr\u00e9sidents de f\u00e9d\u00e9rations africaines de football, que notre projet est le plus ambitieux, le plus r\u00e9aliste, le plus viable\u2019\u2019, a soutenu le candidat d\u00e9clar\u00e9.<\/p>\n<p>Les ministres Danho Paulin et Ally Coulibaly ont r\u00e9affirm\u00e9 le soutien du gouvernement dans cette bataille qui s\u2019annonce rude. Ils ont promis de jouer leur partition pour qu\u2019au soir du 12 mars 2021, l\u2019Ivoirien Jacques Anouma devienne le futur pr\u00e9sident de la CAF. Le Comit\u00e9 ex\u00e9cutif de la FIF, \u00e0 travers son pr\u00e9sident Dehoul\u00e9 Omer, a \u00e0 nouveau marqu\u00e9 son adh\u00e9sion \u00e0 cette candidature.<\/p>\n<p><strong><br \/>\nAnge K <\/strong><\/p>\n<p>Pour acheter votre journal du jour en PDF &#8211; les archives et les num\u00e9ros r\u00e9cents, cliquer \u00a0&#8230;..<\/p>\n<p><a href=\"https:\/\/www.lintelligentdabidjan.info\/client\/produit\/n3749-4\/\">https:\/\/www.lintelligentdabidjan.info\/client\/produit\/n3749-4\/<\/a><\/p>\n","protected":false},"excerpt":{"rendered":"<p>Jacques Anouma, pr\u00e9sident d\u2019honneur de la FIF a officiellement annonc\u00e9, le lundi 21 d\u00e9cembre 2020, \u00e0 la salle de conf\u00e9rence du minist\u00e8re des Affaires \u00e9trang\u00e8res au Plateau,sa candidature \u00e0 la pr\u00e9sidence de la Conf\u00e9d\u00e9ration Africaine de Football (CAF) en pr\u00e9sence du ministre des Affaires \u00e9trang\u00e8res, Ally Coulibaly , du ministre des Sports, Danho Paulin, du [&hellip;]<\/p>\n","protected":false},"author":3,"featured_media":24446,"comment_status":"closed","ping_status":"closed","sticky":false,"template":"","format":"standard","meta":{"footnotes":""},"categories":[2,23],"tags":[824,610,343],"class_list":["post-24445","post","type-post","status-publish","format-standard","has-post-thumbnail","hentry","category-featured","category-sport","tag-anouma","tag-caf","tag-fif"],"_links":{"self":[{"href":"https:\/\/www.lintelligentdabidjan.info\/news\/wp-json\/wp\/v2\/posts\/24445","targetHints":{"allow":["GET"]}}],"collection":[{"href":"https:\/\/www.lintelligentdabidjan.info\/news\/wp-json\/wp\/v2\/posts"}],"about":[{"href":"https:\/\/www.lintelligentdabidjan.info\/news\/wp-json\/wp\/v2\/types\/post"}],"author":[{"embeddable":true,"href":"https:\/\/www.lintelligentdabidjan.info\/news\/wp-json\/wp\/v2\/users\/3"}],"replies":[{"embeddable":true,"href":"https:\/\/www.lintelligentdabidjan.info\/news\/wp-json\/wp\/v2\/comments?post=24445"}],"version-history":[{"count":1,"href":"https:\/\/www.lintelligentdabidjan.info\/news\/wp-json\/wp\/v2\/posts\/24445\/revisions"}],"predecessor-version":[{"id":24447,"href":"https:\/\/www.lintelligentdabidjan.info\/news\/wp-json\/wp\/v2\/posts\/24445\/revisions\/24447"}],"wp:featuredmedia":[{"embeddable":true,"href":"https:\/\/www.lintelligentdabidjan.info\/news\/wp-json\/wp\/v2\/media\/24446"}],"wp:attachment":[{"href":"https:\/\/www.lintelligentdabidjan.info\/news\/wp-json\/wp\/v2\/media?parent=24445"}],"wp:term":[{"taxonomy":"category","embeddable":true,"href":"https:\/\/www.lintelligentdabidjan.info\/news\/wp-json\/wp\/v2\/categories?post=24445"},{"taxonomy":"post_tag","embeddable":true,"href":"https:\/\/www.lintelligentdabidjan.info\/news\/wp-json\/wp\/v2\/tags?post=24445"}],"curies":[{"name":"wp","href":"https:\/\/api.w.org\/{rel}","templated":true}]}}