{"id":24496,"date":"2020-12-23T00:32:56","date_gmt":"2020-12-22T23:32:56","guid":{"rendered":"https:\/\/www.lintelligentdabidjan.info\/news\/?p=24496"},"modified":"2020-12-23T09:17:15","modified_gmt":"2020-12-23T08:17:15","slug":"cote-divoire-pourquoi-et-comment-abidjan-ville-lumieres-2020-robert-mambe","status":"publish","type":"post","link":"https:\/\/www.lintelligentdabidjan.info\/news\/cote-divoire-pourquoi-et-comment-abidjan-ville-lumieres-2020-robert-mambe\/","title":{"rendered":"C\u00f4t\u00e9 d\u2019Ivoire : pourquoi et comment Abidjan ville lumi\u00e8res 2020 (Robert Mamb\u00e9)"},"content":{"rendered":"<p><em><strong>Le lancement de &#8220;Abidjan, Ville lumi\u00e8re&#8221; marquant les festivit\u00e9s de fin d&#8217;ann\u00e9e a \u00e9t\u00e9 fait par Yolande Bakayoko, l&#8217;\u00e9pouse du premier ministre, repr\u00e9sentant la Premi\u00e8re dame Dominique Ouattara, marraine de la c\u00e9r\u00e9monie, le mardi 22 d\u00e9cembre 2020 au rond-point de la mairie d&#8217;Abobo en pr\u00e9sence du premier ministre, ministre de la D\u00e9fense Hamed Bakayoko, maire de la commune et du gouverneur du district d&#8217;Abidjan le ministre-<a href=\"https:\/\/www.lintelligentdabidjan.info\/news\/autour-de-ces-illuminations-notre-force-reside-dans-notre-solidarite-abidjan-ville-lumieres-2020-yolande-bakayoko-representant-la-premiere-dame-dominique-ouattara\/\" target=\"_blank\"> gouverneur<\/a> Robert Beugr\u00e9 Mamb\u00e9 .<\/strong><\/em><\/p>\n<p>Le gouverneur du district d&#8217;Abidjan, Robert Beugr\u00e9 Mamb\u00e9 a indiqu\u00e9 qu\u2019il s\u2019agit pour le pr\u00e9sident de la R\u00e9publique Alassane Ouattara \u00e0 travers cette initiative d\u2019offrir \u00e0 chacun et \u00e0 chacune, les ingr\u00e9dients d&#8217;une f\u00eate de fin d&#8217;ann\u00e9e r\u00e9ussie.<\/p>\n<p>\u00ab C&#8217;est vrai, la lumi\u00e8re ne fait pas de bruit mais dans le silence, la lumi\u00e8re nous distribue des messages qui ne sonnent pas mais qui retentissent dans notre conscience pour s&#8217;installer en nous, pour structurer notre \u00eatre int\u00e9rieur et nous introduire dans des espaces nouveaux, inaccessible en temps normal. Vu sous cet angle, la lumi\u00e8re est \u00e9vocatrice, la lumi\u00e8re est fondatrice, la lumi\u00e8re est cr\u00e9atrice et la lumi\u00e8re ouvre des nouveaux horizons. C&#8217;est pourquoi, la c\u00e9r\u00e9monie &#8220;Abidjan, ville lumi\u00e8re&#8221; se situe \u00e0 cette p\u00e9riode-ci, p\u00e9riode favorable \u00e0 la perspective de nouveaux horizons qu dessine la d\u00e9termination de chacun \u00e0 s&#8217;engager dans une vie nouvelle avec des projets m\u00fbrement r\u00e9fl\u00e9chis. Notre pays, avec la capacit\u00e9 d&#8217;anticipation du chef de l&#8217;\u00c9tat, est sur une orbite de progr\u00e8s continu o\u00f9 les progr\u00e8s du futur s&#8217;appuient sur les belles lumi\u00e8res que lui inspire sa riche et brillante carri\u00e8re professionnelle doubl\u00e9e d&#8217;une volont\u00e9 \u00e0 nulle autre pareille pour conduire ainsi notre pays aux premi\u00e8res loges du d\u00e9veloppement en Afrique et dans le monde.<\/p>\n<p>La C\u00f4te d&#8217;Ivoire est belle, la C\u00f4te d&#8217;Ivoire est splendide, la C\u00f4te d&#8217;Ivoire est un pays b\u00e9ni de Dieu. Il revient aux Ivoiriens d&#8217;avoir conscience de cette v\u00e9rit\u00e9 pour se donner les mains de fraternit\u00e9 et nourrir ainsi la beaut\u00e9 du futur pour les jeunes g\u00e9n\u00e9rations qui attendent avec une envie l\u00e9gitime que nous leur offrons d&#8217;avoir confiance en nous. En conformit\u00e9 avec l&#8217;ambition du gouvernement qui est de privil\u00e9gier le savoir-faire des jeunes Ivoiriens, je puis vous dire que tous les travaux artistiques , m\u00e9caniques, et de connexion \u00e9lectrique des illuminations ont \u00e9t\u00e9 l&#8217;\u0153uvre de jeunes Ivoiriens \u00e0 plus de 98% et en sous-traitance avec des entreprises exp\u00e9riment\u00e9es \u00bb, a expliqu\u00e9 le ministre gouverneur.<\/p>\n<p>Il a pr\u00e9cis\u00e9 que les travaux ont \u00e9t\u00e9 confi\u00e9s \u00e0 une dizaine de Pme et \u00e0 plus de 150 agences sp\u00e9cialis\u00e9es ivoiriennes. Cette ann\u00e9e, le District autonome d&#8217;Abidjan, institution organisatrice de l&#8217;\u00e9v\u00e9nement, a opt\u00e9 pour des feux simultan\u00e9s et des illuminations aux grands carrefours des diff\u00e9rentes communes de la <a href=\"https:\/\/www.lintelligentdabidjan.info\/news\/abidjan-ville-lumieres-le-gouverneur-robert-mambe-sur-le-terrain-pour-lavancement-des-travaux\/\" target=\"_blank\">ville<\/a> d&#8217;Abidjan.<br \/>\nCette c\u00e9r\u00e9monie a \u00e9galement \u00e9t\u00e9 marqu\u00e9e par la remise de dons en vivre et non vivre aux populations vuln\u00e9rables d&#8217;une valeur de plus de 17 millions Fcfa dans le cadre de l&#8217;\u00e9lan solidarit\u00e9 du gouvernement.<\/p>\n<p><strong>MO avec KN<\/strong><\/p>\n<p>Pour acheter votre journal du jour en PDF &#8211; les archives et les num\u00e9ros r\u00e9cents, cliquer \u00a0&#8230;..<\/p>\n<p><a href=\"https:\/\/www.lintelligentdabidjan.info\/client\/produit\/n3749-4\/\">https:\/\/www.lintelligentdabidjan.info\/client\/produit\/n3749-4\/<\/a><\/p>\n","protected":false},"excerpt":{"rendered":"<p>Le lancement de &#8220;Abidjan, Ville lumi\u00e8re&#8221; marquant les festivit\u00e9s de fin d&#8217;ann\u00e9e a \u00e9t\u00e9 fait par Yolande Bakayoko, l&#8217;\u00e9pouse du premier ministre, repr\u00e9sentant la Premi\u00e8re dame Dominique Ouattara, marraine de la c\u00e9r\u00e9monie, le mardi 22 d\u00e9cembre 2020 au rond-point de la mairie d&#8217;Abobo en pr\u00e9sence du premier ministre, ministre de la D\u00e9fense Hamed Bakayoko, maire [&hellip;]<\/p>\n","protected":false},"author":3,"featured_media":24497,"comment_status":"closed","ping_status":"closed","sticky":false,"template":"","format":"standard","meta":{"_monsterinsights_skip_tracking":false,"_monsterinsights_sitenote_active":false,"_monsterinsights_sitenote_note":"","_monsterinsights_sitenote_category":0,"footnotes":""},"categories":[2,3],"tags":[835,295,830],"class_list":["post-24496","post","type-post","status-publish","format-standard","has-post-thumbnail","hentry","category-featured","category-societe","tag-abidjan-ville-lumieres-2020","tag-abobo","tag-robert-mambe"],"_links":{"self":[{"href":"https:\/\/www.lintelligentdabidjan.info\/news\/wp-json\/wp\/v2\/posts\/24496","targetHints":{"allow":["GET"]}}],"collection":[{"href":"https:\/\/www.lintelligentdabidjan.info\/news\/wp-json\/wp\/v2\/posts"}],"about":[{"href":"https:\/\/www.lintelligentdabidjan.info\/news\/wp-json\/wp\/v2\/types\/post"}],"author":[{"embeddable":true,"href":"https:\/\/www.lintelligentdabidjan.info\/news\/wp-json\/wp\/v2\/users\/3"}],"replies":[{"embeddable":true,"href":"https:\/\/www.lintelligentdabidjan.info\/news\/wp-json\/wp\/v2\/comments?post=24496"}],"version-history":[{"count":2,"href":"https:\/\/www.lintelligentdabidjan.info\/news\/wp-json\/wp\/v2\/posts\/24496\/revisions"}],"predecessor-version":[{"id":24501,"href":"https:\/\/www.lintelligentdabidjan.info\/news\/wp-json\/wp\/v2\/posts\/24496\/revisions\/24501"}],"wp:featuredmedia":[{"embeddable":true,"href":"https:\/\/www.lintelligentdabidjan.info\/news\/wp-json\/wp\/v2\/media\/24497"}],"wp:attachment":[{"href":"https:\/\/www.lintelligentdabidjan.info\/news\/wp-json\/wp\/v2\/media?parent=24496"}],"wp:term":[{"taxonomy":"category","embeddable":true,"href":"https:\/\/www.lintelligentdabidjan.info\/news\/wp-json\/wp\/v2\/categories?post=24496"},{"taxonomy":"post_tag","embeddable":true,"href":"https:\/\/www.lintelligentdabidjan.info\/news\/wp-json\/wp\/v2\/tags?post=24496"}],"curies":[{"name":"wp","href":"https:\/\/api.w.org\/{rel}","templated":true}]}}