{"id":24502,"date":"2020-12-23T10:55:35","date_gmt":"2020-12-23T09:55:35","guid":{"rendered":"https:\/\/www.lintelligentdabidjan.info\/news\/?p=24502"},"modified":"2020-12-23T10:58:17","modified_gmt":"2020-12-23T09:58:17","slug":"136-militaires-et-employes-de-larmee-decores-par-le-premier-ministre-hamed-bakayoko-cote-divoire","status":"publish","type":"post","link":"https:\/\/www.lintelligentdabidjan.info\/news\/136-militaires-et-employes-de-larmee-decores-par-le-premier-ministre-hamed-bakayoko-cote-divoire\/","title":{"rendered":"136 militaires et employ\u00e9s de l&#8217;arm\u00e9e d\u00e9cor\u00e9s par le Premier ministre Hamed Bakayoko (C\u00f4te d\u2019Ivoire)"},"content":{"rendered":"<p><em><strong>Le mardi 22 d\u00e9cembre 2020, \u00e0 la place d\u2019armes du Groupement minist\u00e9riel des moyens g\u00e9n\u00e9raux (Gmmg), au minist\u00e8re de la d\u00e9fense \u00e0 Abidjan Plateau, le Premier ministre et ministre de la d\u00e9fense, Hamed Bakayoko, a d\u00e9cor\u00e9 136 militaires (Militaires et Gendarmes) et membres du personnel civil de l&#8217;arm\u00e9e, pour leur d\u00e9vouement et leur exemplarit\u00e9 dans la mani\u00e8re de servir.<\/strong><\/em><\/p>\n<p>\u00ab Je veux dire ma joie de me retrouver cet apr\u00e8s-midi ici \u00e0 la place d&#8217;armes du Groupement minist\u00e9riel des moyens g\u00e9n\u00e9raux pour la double c\u00e9r\u00e9monie de prise d&#8217;armes et de d\u00e9corations de certains de vos fr\u00e8res d&#8217;armes. (\u2026) Ceci me donne l&#8217;occasion de saluer tous les r\u00e9cipiendaires. Bravo \u00e0 vous. C&#8217;est toujours un grand honneur que, sur la place d&#8217;armes, la place de l&#8217;\u00c9tat, de la R\u00e9publique, devant le drapeau, on vous honore. Qu&#8217;on vous reconnaisse ce que vous avez donn\u00e9 au pays. Quand on le fait, on veut se souvenir de toutes ces fois o\u00f9 vous vous \u00eates lev\u00e9s tr\u00e8s t\u00f4t pour aller au travail, aller en mission, assurer la s\u00e9curit\u00e9 de notre territoire, au risque de vos vies. Je vous f\u00e9licite et je souhaite que l&#8217;ann\u00e9e prochaine, vous puissiez \u00eatre des mod\u00e8les pour les autres qui seront les nouveaux b\u00e9n\u00e9ficiaires \u00bb, a indiqu\u00e9 au r\u00e9cipiendaires, le Premier ministre Hamed Bakayoko.<\/p>\n<p>Sur les 136 personnes d\u00e9cor\u00e9es, 15 l&#8217;ont \u00e9t\u00e9 dans l\u2019ordre national, 66 dans l\u2019ordre du m\u00e9rite ivoirien, et 55 ont re\u00e7u la m\u00e9daille des Forces arm\u00e9es.<\/p>\n<p>La c\u00e9r\u00e9monie s\u2019est d\u00e9roul\u00e9e en pr\u00e9sence du G\u00e9n\u00e9ral de Corps d\u2019arm\u00e9e Lassina Doumbia, Chef d\u2019\u00e9tat-major g\u00e9n\u00e9ral des arm\u00e9es et du G\u00e9n\u00e9ral de Division Apallo Tour\u00e9, Commandant sup\u00e9rieur de la gendarmerie.<\/p>\n<p>Au nom des r\u00e9cipiendaires, le Colonel-major Konan Koffi Bertin, Sous-Directeur de l\u2019administration sanitaire par int\u00e9rim, a traduit la reconnaissance de ses camarades et lui, de se voir honor\u00e9s .<br \/>\n<strong><br \/>\nJ-H K<\/strong><\/p>\n<p>Pour acheter votre journal du jour en PDF &#8211; les archives et les num\u00e9ros r\u00e9cents, cliquer \u00a0&#8230;..<\/p>\n<p><a href=\"https:\/\/www.lintelligentdabidjan.info\/client\/produit\/n3749-4\/\">https:\/\/www.lintelligentdabidjan.info\/client\/produit\/n3749-4\/<\/a><\/p>\n","protected":false},"excerpt":{"rendered":"<p>Le mardi 22 d\u00e9cembre 2020, \u00e0 la place d\u2019armes du Groupement minist\u00e9riel des moyens g\u00e9n\u00e9raux (Gmmg), au minist\u00e8re de la d\u00e9fense \u00e0 Abidjan Plateau, le Premier ministre et ministre de la d\u00e9fense, Hamed Bakayoko, a d\u00e9cor\u00e9 136 militaires (Militaires et Gendarmes) et membres du personnel civil de l&#8217;arm\u00e9e, pour leur d\u00e9vouement et leur exemplarit\u00e9 dans [&hellip;]<\/p>\n","protected":false},"author":3,"featured_media":24503,"comment_status":"closed","ping_status":"closed","sticky":false,"template":"","format":"standard","meta":{"_monsterinsights_skip_tracking":false,"_monsterinsights_sitenote_active":false,"_monsterinsights_sitenote_note":"","_monsterinsights_sitenote_category":0,"footnotes":""},"categories":[2,3],"tags":[837,77,67],"class_list":["post-24502","post","type-post","status-publish","format-standard","has-post-thumbnail","hentry","category-featured","category-societe","tag-armee","tag-cote-divoire","tag-hamed-bakayoko"],"_links":{"self":[{"href":"https:\/\/www.lintelligentdabidjan.info\/news\/wp-json\/wp\/v2\/posts\/24502","targetHints":{"allow":["GET"]}}],"collection":[{"href":"https:\/\/www.lintelligentdabidjan.info\/news\/wp-json\/wp\/v2\/posts"}],"about":[{"href":"https:\/\/www.lintelligentdabidjan.info\/news\/wp-json\/wp\/v2\/types\/post"}],"author":[{"embeddable":true,"href":"https:\/\/www.lintelligentdabidjan.info\/news\/wp-json\/wp\/v2\/users\/3"}],"replies":[{"embeddable":true,"href":"https:\/\/www.lintelligentdabidjan.info\/news\/wp-json\/wp\/v2\/comments?post=24502"}],"version-history":[{"count":1,"href":"https:\/\/www.lintelligentdabidjan.info\/news\/wp-json\/wp\/v2\/posts\/24502\/revisions"}],"predecessor-version":[{"id":24504,"href":"https:\/\/www.lintelligentdabidjan.info\/news\/wp-json\/wp\/v2\/posts\/24502\/revisions\/24504"}],"wp:featuredmedia":[{"embeddable":true,"href":"https:\/\/www.lintelligentdabidjan.info\/news\/wp-json\/wp\/v2\/media\/24503"}],"wp:attachment":[{"href":"https:\/\/www.lintelligentdabidjan.info\/news\/wp-json\/wp\/v2\/media?parent=24502"}],"wp:term":[{"taxonomy":"category","embeddable":true,"href":"https:\/\/www.lintelligentdabidjan.info\/news\/wp-json\/wp\/v2\/categories?post=24502"},{"taxonomy":"post_tag","embeddable":true,"href":"https:\/\/www.lintelligentdabidjan.info\/news\/wp-json\/wp\/v2\/tags?post=24502"}],"curies":[{"name":"wp","href":"https:\/\/api.w.org\/{rel}","templated":true}]}}