{"id":24505,"date":"2020-12-23T11:08:16","date_gmt":"2020-12-23T10:08:16","guid":{"rendered":"https:\/\/www.lintelligentdabidjan.info\/news\/?p=24505"},"modified":"2020-12-23T11:08:16","modified_gmt":"2020-12-23T10:08:16","slug":"une-nouvelle-loi-de-programmation-militaire-annoncee-par-le-premier-ministre-hamed-bakayoko-cote-divoire","status":"publish","type":"post","link":"https:\/\/www.lintelligentdabidjan.info\/news\/une-nouvelle-loi-de-programmation-militaire-annoncee-par-le-premier-ministre-hamed-bakayoko-cote-divoire\/","title":{"rendered":"Une nouvelle loi de programmation militaire annonc\u00e9e par le Premier ministre Hamed Bakayoko (C\u00f4te d\u2019Ivoire)"},"content":{"rendered":"<p><em><strong>Le mardi 22 d\u00e9cembre 2020, \u00e0 la c\u00e9r\u00e9monie de d\u00e9coration du personnel de la d\u00e9fense \u00e0 la place d\u2019armes du Groupement minist\u00e9riel des moyens g\u00e9n\u00e9raux (Gmmg) \u00e0 Abidjan-Plateau, le Premier ministre, Ministre de la <a href=\"https:\/\/www.lintelligentdabidjan.info\/news\/136-militaires-et-employes-de-larmee-decores-par-le-premier-ministre-hamed-bakayoko-cote-divoire\/\" target=\"_blank\">d\u00e9fense<\/a> Hamed Bakayoko a annonc\u00e9 l\u2019adoption prochaine d\u2019une nouvelle loi de programmation militaire qui permettra de r\u00e9former, pour consolider les acquis de la premi\u00e8re loi .<\/strong><\/em><\/p>\n<p>\u00ab Cette ann\u00e9e verra l&#8217;\u00e9laboration d&#8217;une nouvelle loi de programmation militaire 2021-2025, \u00e0 partir du bilan et des enseignements de la premi\u00e8re loi. Cette nouvelle devra nous permettre de consolider les acquis en mati\u00e8re de restauration de l&#8217;autorit\u00e9 militaire pour des r\u00e9formes structurelles pour l&#8217;am\u00e9lioration des conditions de vie et de travail des hommes, qui se traduira par la dotation en \u00e9quipement roulant, en habillement et en mat\u00e9riels de campagne. Nous devons travailler \u00e0 la r\u00e9forme de toutes les op\u00e9rations de s\u00e9curisation, pour leur donner une meilleure efficacit\u00e9 et une meilleure coh\u00e9rence, afin d&#8217;apporter \u00e0 toute notre population, l&#8217;assistance et la protection en tout lieu \u00bb, a-t-il annonc\u00e9.<\/p>\n<p>La loi de programmation militaire qui couvrait la p\u00e9riode 2016-2020, avait permis de r\u00e9duire l\u2019effectif de l\u2019arm\u00e9e, \u00e0 travers les mesures de d\u00e9part volontaire \u00e0 la retraite, mais \u00e9galement l\u2019am\u00e9lioration du cadre de vie et de travail des Forces de d\u00e9fense et de s\u00e9curit\u00e9.<\/p>\n<p><strong>J-H K<\/strong><\/p>\n<p>Pour acheter votre journal du jour en PDF &#8211; les archives et les num\u00e9ros r\u00e9cents, cliquer \u00a0&#8230;..<\/p>\n<p><a href=\"https:\/\/www.lintelligentdabidjan.info\/client\/produit\/n3749-4\/\">https:\/\/www.lintelligentdabidjan.info\/client\/produit\/n3749-4\/<\/a><\/p>\n","protected":false},"excerpt":{"rendered":"<p>Le mardi 22 d\u00e9cembre 2020, \u00e0 la c\u00e9r\u00e9monie de d\u00e9coration du personnel de la d\u00e9fense \u00e0 la place d\u2019armes du Groupement minist\u00e9riel des moyens g\u00e9n\u00e9raux (Gmmg) \u00e0 Abidjan-Plateau, le Premier ministre, Ministre de la d\u00e9fense Hamed Bakayoko a annonc\u00e9 l\u2019adoption prochaine d\u2019une nouvelle loi de programmation militaire qui permettra de r\u00e9former, pour consolider les acquis [&hellip;]<\/p>\n","protected":false},"author":3,"featured_media":24506,"comment_status":"closed","ping_status":"closed","sticky":false,"template":"","format":"standard","meta":{"_monsterinsights_skip_tracking":false,"_monsterinsights_sitenote_active":false,"_monsterinsights_sitenote_note":"","_monsterinsights_sitenote_category":0,"footnotes":""},"categories":[2,17,3],"tags":[77,67,74,838],"class_list":["post-24505","post","type-post","status-publish","format-standard","has-post-thumbnail","hentry","category-featured","category-politique","category-societe","tag-cote-divoire","tag-hamed-bakayoko","tag-loi","tag-militaire"],"_links":{"self":[{"href":"https:\/\/www.lintelligentdabidjan.info\/news\/wp-json\/wp\/v2\/posts\/24505","targetHints":{"allow":["GET"]}}],"collection":[{"href":"https:\/\/www.lintelligentdabidjan.info\/news\/wp-json\/wp\/v2\/posts"}],"about":[{"href":"https:\/\/www.lintelligentdabidjan.info\/news\/wp-json\/wp\/v2\/types\/post"}],"author":[{"embeddable":true,"href":"https:\/\/www.lintelligentdabidjan.info\/news\/wp-json\/wp\/v2\/users\/3"}],"replies":[{"embeddable":true,"href":"https:\/\/www.lintelligentdabidjan.info\/news\/wp-json\/wp\/v2\/comments?post=24505"}],"version-history":[{"count":1,"href":"https:\/\/www.lintelligentdabidjan.info\/news\/wp-json\/wp\/v2\/posts\/24505\/revisions"}],"predecessor-version":[{"id":24507,"href":"https:\/\/www.lintelligentdabidjan.info\/news\/wp-json\/wp\/v2\/posts\/24505\/revisions\/24507"}],"wp:featuredmedia":[{"embeddable":true,"href":"https:\/\/www.lintelligentdabidjan.info\/news\/wp-json\/wp\/v2\/media\/24506"}],"wp:attachment":[{"href":"https:\/\/www.lintelligentdabidjan.info\/news\/wp-json\/wp\/v2\/media?parent=24505"}],"wp:term":[{"taxonomy":"category","embeddable":true,"href":"https:\/\/www.lintelligentdabidjan.info\/news\/wp-json\/wp\/v2\/categories?post=24505"},{"taxonomy":"post_tag","embeddable":true,"href":"https:\/\/www.lintelligentdabidjan.info\/news\/wp-json\/wp\/v2\/tags?post=24505"}],"curies":[{"name":"wp","href":"https:\/\/api.w.org\/{rel}","templated":true}]}}