{"id":24514,"date":"2020-12-23T13:03:29","date_gmt":"2020-12-23T12:03:29","guid":{"rendered":"https:\/\/www.lintelligentdabidjan.info\/news\/?p=24514"},"modified":"2020-12-23T13:03:29","modified_gmt":"2020-12-23T12:03:29","slug":"raymonde-goudou-coffie-parle-de-la-bibliotheque-nationale-de-la-renaissance-africaine-dabidjan-cote-divoire-braa-deco","status":"publish","type":"post","link":"https:\/\/www.lintelligentdabidjan.info\/news\/raymonde-goudou-coffie-parle-de-la-bibliotheque-nationale-de-la-renaissance-africaine-dabidjan-cote-divoire-braa-deco\/","title":{"rendered":"Raymonde Goudou Coffie parle de la Biblioth\u00e8que nationale de la renaissance africaine d&#8217;Abidjan (C\u00f4te d\u2019Ivoire, Braa, Deco)"},"content":{"rendered":"<p><em><strong>La ministre de la culture et de la francophonie,  Raymonde Goudou Coffie a proc\u00e9d\u00e9 \u00e0 l&#8217;inauguration des nouveaux locaux de la Direction des examens et concours (Deco) aux c\u00f4t\u00e9s de sa coll\u00e8gue de l&#8217;\u00e9ducation nationale, de l&#8217;enseignement technique et de la formation professionnelle, Kandia Camara, le mardi 22 d\u00e9cembre 2020, \u00e0 Abidjan-Plateau.<\/strong><\/em><\/p>\n<p>\u00c0 cette occasion, elle a r\u00e9v\u00e9l\u00e9 que c&#8217;est sur ce site que sera install\u00e9e la Biblioth\u00e8que nationale de la renaissance africaine d&#8217;Abidjan (Braa). \u00c0 l&#8217;en croire, cet \u00e9difice s&#8217;inscrit dans le cadre des projets de construction d&#8217;infrastructures culturelles, initi\u00e9s par son d\u00e9partement minist\u00e9riel. Et ce, en rapport avec le Plan national de d\u00e9veloppement (Pnd 2016-2020) dont le quatri\u00e8me pilier est relatif au d\u00e9veloppement des infrastructures r\u00e9parties sur l&#8217;ensemble du territoire national.<\/p>\n<p>\u00ab C&#8217;est un projet de construction d&#8217;une biblioth\u00e8que contemporaine utilisant les technologies modernes d&#8217;acc\u00e8s au livre et au savoir. Elle se veut \u00eatre la premi\u00e8re grande biblioth\u00e8que contemporaine virtuelle de l&#8217;Afrique de l&#8217;ouest et l&#8217;une des plus importantes du continent africain \u00bb, a-t-elle expliqu\u00e9.<\/p>\n<p>Selon elle, l&#8217;inauguration des nouveaux locaux de la Deco, permettra le d\u00e9marrage effectif dans les jours \u00e0 venir des travaux de construction de cette biblioth\u00e8que. Elle a exprim\u00e9 sa reconnaissance au Pr\u00e9sident de la R\u00e9publique, Alassane Ouattara, au Premier ministre, Hamed Bakayoko et \u00e0 Kandia Camara pour leur engagement dans la r\u00e9alisation du projet.<\/p>\n<p><strong><br \/>\nTAB avec IBK<\/strong><\/p>\n","protected":false},"excerpt":{"rendered":"<p>La ministre de la culture et de la francophonie, Raymonde Goudou Coffie a proc\u00e9d\u00e9 \u00e0 l&#8217;inauguration des nouveaux locaux de la Direction des examens et concours (Deco) aux c\u00f4t\u00e9s de sa coll\u00e8gue de l&#8217;\u00e9ducation nationale, de l&#8217;enseignement technique et de la formation professionnelle, Kandia Camara, le mardi 22 d\u00e9cembre 2020, \u00e0 Abidjan-Plateau. \u00c0 cette occasion, [&hellip;]<\/p>\n","protected":false},"author":3,"featured_media":24515,"comment_status":"closed","ping_status":"closed","sticky":false,"template":"","format":"standard","meta":{"_monsterinsights_skip_tracking":false,"_monsterinsights_sitenote_active":false,"_monsterinsights_sitenote_note":"","_monsterinsights_sitenote_category":0,"footnotes":""},"categories":[2,20,3],"tags":[841,77,839,842],"class_list":["post-24514","post","type-post","status-publish","format-standard","has-post-thumbnail","hentry","category-featured","category-art-et-culture","category-societe","tag-braa","tag-cote-divoire","tag-deco","tag-raymonde-goudou-coffie"],"_links":{"self":[{"href":"https:\/\/www.lintelligentdabidjan.info\/news\/wp-json\/wp\/v2\/posts\/24514","targetHints":{"allow":["GET"]}}],"collection":[{"href":"https:\/\/www.lintelligentdabidjan.info\/news\/wp-json\/wp\/v2\/posts"}],"about":[{"href":"https:\/\/www.lintelligentdabidjan.info\/news\/wp-json\/wp\/v2\/types\/post"}],"author":[{"embeddable":true,"href":"https:\/\/www.lintelligentdabidjan.info\/news\/wp-json\/wp\/v2\/users\/3"}],"replies":[{"embeddable":true,"href":"https:\/\/www.lintelligentdabidjan.info\/news\/wp-json\/wp\/v2\/comments?post=24514"}],"version-history":[{"count":1,"href":"https:\/\/www.lintelligentdabidjan.info\/news\/wp-json\/wp\/v2\/posts\/24514\/revisions"}],"predecessor-version":[{"id":24516,"href":"https:\/\/www.lintelligentdabidjan.info\/news\/wp-json\/wp\/v2\/posts\/24514\/revisions\/24516"}],"wp:featuredmedia":[{"embeddable":true,"href":"https:\/\/www.lintelligentdabidjan.info\/news\/wp-json\/wp\/v2\/media\/24515"}],"wp:attachment":[{"href":"https:\/\/www.lintelligentdabidjan.info\/news\/wp-json\/wp\/v2\/media?parent=24514"}],"wp:term":[{"taxonomy":"category","embeddable":true,"href":"https:\/\/www.lintelligentdabidjan.info\/news\/wp-json\/wp\/v2\/categories?post=24514"},{"taxonomy":"post_tag","embeddable":true,"href":"https:\/\/www.lintelligentdabidjan.info\/news\/wp-json\/wp\/v2\/tags?post=24514"}],"curies":[{"name":"wp","href":"https:\/\/api.w.org\/{rel}","templated":true}]}}