{"id":24524,"date":"2020-12-23T17:56:19","date_gmt":"2020-12-23T16:56:19","guid":{"rendered":"https:\/\/www.lintelligentdabidjan.info\/news\/?p=24524"},"modified":"2020-12-23T17:56:49","modified_gmt":"2020-12-23T16:56:49","slug":"voeux-de-nouvel-an-de-la-fondation-general-mathias-doue-gerard-doue-president-fondateur","status":"publish","type":"post","link":"https:\/\/www.lintelligentdabidjan.info\/news\/voeux-de-nouvel-an-de-la-fondation-general-mathias-doue-gerard-doue-president-fondateur\/","title":{"rendered":"Voeux de Nouvel an de la Fondation G\u00e9n\u00e9ral Mathias Dou\u00e9 (Gerard Dou\u00e9 President-Fondateur)"},"content":{"rendered":"<p><em><strong>En pr\u00e9lude \u00e0 la nouvelle ann\u00e9e qui s\u2019annonce, et \u00e0 l\u2019occasion des f\u00eates de fin de l\u2019ann\u00e9e 2020, l\u2019IA a re\u00e7u le message ci dessous faisant \u00e9t\u00e9 des v\u0153ux de Gerard Dou\u00e9 President-Fondateur de la Fondation G\u00e9n\u00e9ral Mathias Dou\u00e9  (du nom e son d\u00e9funt g\u00e9niteur). <\/strong><\/em><\/p>\n<p>\u00ab L\u2019ann\u00e9e 2020 se termine et nous comptons les jours avant de pouvoir enfin tourner la page de cette ann\u00e9e qui a \u00e9t\u00e9 \u00e0 bien des \u00e9gards, exceptionnelle par l\u2019\u00e9pid\u00e9mie de Coronavirus qui a touch\u00e9 le monde. <\/p>\n<p>La Fondation General Mathias Dou\u00e9 et ses membres profitent de cette occasion pour souhaiter au peuple Ivoirien de tr\u00e8s joyeuses f\u00eates de fin d&#8217;ann\u00e9e et nous vous envoyons nos meilleurs voeux de bonheur et de succ\u00e8s pour 2021.<\/p>\n<p><strong>Cordialement,<br \/>\nGerard Dou\u00e9<br \/>\nPresident-Fondateur \u00bb. <\/strong><\/p>\n","protected":false},"excerpt":{"rendered":"<p>En pr\u00e9lude \u00e0 la nouvelle ann\u00e9e qui s\u2019annonce, et \u00e0 l\u2019occasion des f\u00eates de fin de l\u2019ann\u00e9e 2020, l\u2019IA a re\u00e7u le message ci dessous faisant \u00e9t\u00e9 des v\u0153ux de Gerard Dou\u00e9 President-Fondateur de la Fondation G\u00e9n\u00e9ral Mathias Dou\u00e9 (du nom e son d\u00e9funt g\u00e9niteur). \u00ab L\u2019ann\u00e9e 2020 se termine et nous comptons les jours [&hellip;]<\/p>\n","protected":false},"author":3,"featured_media":24525,"comment_status":"closed","ping_status":"closed","sticky":false,"template":"","format":"standard","meta":{"_monsterinsights_skip_tracking":false,"_monsterinsights_sitenote_active":false,"_monsterinsights_sitenote_note":"","_monsterinsights_sitenote_category":0,"footnotes":""},"categories":[2,3],"tags":[],"class_list":["post-24524","post","type-post","status-publish","format-standard","has-post-thumbnail","hentry","category-featured","category-societe"],"_links":{"self":[{"href":"https:\/\/www.lintelligentdabidjan.info\/news\/wp-json\/wp\/v2\/posts\/24524","targetHints":{"allow":["GET"]}}],"collection":[{"href":"https:\/\/www.lintelligentdabidjan.info\/news\/wp-json\/wp\/v2\/posts"}],"about":[{"href":"https:\/\/www.lintelligentdabidjan.info\/news\/wp-json\/wp\/v2\/types\/post"}],"author":[{"embeddable":true,"href":"https:\/\/www.lintelligentdabidjan.info\/news\/wp-json\/wp\/v2\/users\/3"}],"replies":[{"embeddable":true,"href":"https:\/\/www.lintelligentdabidjan.info\/news\/wp-json\/wp\/v2\/comments?post=24524"}],"version-history":[{"count":1,"href":"https:\/\/www.lintelligentdabidjan.info\/news\/wp-json\/wp\/v2\/posts\/24524\/revisions"}],"predecessor-version":[{"id":24526,"href":"https:\/\/www.lintelligentdabidjan.info\/news\/wp-json\/wp\/v2\/posts\/24524\/revisions\/24526"}],"wp:featuredmedia":[{"embeddable":true,"href":"https:\/\/www.lintelligentdabidjan.info\/news\/wp-json\/wp\/v2\/media\/24525"}],"wp:attachment":[{"href":"https:\/\/www.lintelligentdabidjan.info\/news\/wp-json\/wp\/v2\/media?parent=24524"}],"wp:term":[{"taxonomy":"category","embeddable":true,"href":"https:\/\/www.lintelligentdabidjan.info\/news\/wp-json\/wp\/v2\/categories?post=24524"},{"taxonomy":"post_tag","embeddable":true,"href":"https:\/\/www.lintelligentdabidjan.info\/news\/wp-json\/wp\/v2\/tags?post=24524"}],"curies":[{"name":"wp","href":"https:\/\/api.w.org\/{rel}","templated":true}]}}