{"id":24540,"date":"2020-12-23T20:28:32","date_gmt":"2020-12-23T19:28:32","guid":{"rendered":"https:\/\/www.lintelligentdabidjan.info\/news\/?p=24540"},"modified":"2020-12-23T20:32:37","modified_gmt":"2020-12-23T19:32:37","slug":"cote-divoiredefis-a-relever-pour-devenir-la-premiere-destination-africaine-du-tourisme-daffaires-siandou-fofana-ministre-du-tourisme","status":"publish","type":"post","link":"https:\/\/www.lintelligentdabidjan.info\/news\/cote-divoiredefis-a-relever-pour-devenir-la-premiere-destination-africaine-du-tourisme-daffaires-siandou-fofana-ministre-du-tourisme\/","title":{"rendered":"C\u00f4te d&#8217;Ivoire:d\u00e9fis \u00e0 relever pour devenir la premi\u00e8re destination africaine du tourisme d&#8217;affaires (Siandou Fofana, ministre du tourisme)"},"content":{"rendered":"<p><em><strong>Le ministre du tourisme  et des loisirs, Siandou Fofana a proc\u00e9d\u00e9 \u00e0 la remise officielle de la licence d\u2019exploitation du M\u00f6venpick H\u00f4tel &#038; Resorts d\u2019Abidjan-Plateau, au cours d\u2019une visite guid\u00e9e effectu\u00e9e, le mardi 22 d\u00e9cembre 2020  dans cet h\u00f4tel  situ\u00e9 en plein c\u0153ur  de la commune du Plateau  <\/strong><\/em><\/p>\n<p>\u00c0 cette occasion, Siandou Fofana    s\u2019est f\u00e9licit\u00e9 de l\u2019ach\u00e8vement de ce type d\u2019h\u00f4tel qui selon lui affiche un financement innovant, impliquant des capitaux ivoiriens, et symbole d\u2019un optimisme quant \u00e0 la reprise des activit\u00e9s touristiques en 2021. <\/p>\n<p> \u00ab  En r\u00e9alisant une \u0153uvre de cette envergure, il y a certes une vitalit\u00e9 mais cette vitalit\u00e9 vise \u00e0  son essence dans le fait que des acteurs font des investissements   citoyens,  qui poss\u00e8dent  une vision de grandeur de ce beau pays et qui demandent que le potentiel soit valoris\u00e9 et mis en \u0153uvre. La C\u00f4te d&#8217;Ivoire r\u00eave de  devenir la premi\u00e8re destination du tourisme d&#8217;affaires  et  pour y  \u00eatre il va falloir h\u00e9berger un peu plus de 2 \u00e0 3 millions de touristes d&#8217;affaires. Or avec nos capacit\u00e9s en la mati\u00e8re pour les h\u00f4tels de cette dimension dans la cat\u00e9gorie des  5 \u00e9toiles, nous sommes loin du compte. Cet h\u00f4tel vient \u00e0 point nomm\u00e9 pour r\u00e9pondre \u00e0 des d\u00e9fis, \u00e0 des attentes et nous ne pouvons que  nous r\u00e9jouir de l&#8217;av\u00e8nement d&#8217;un tel h\u00f4tel de belle facture qui met en exergue la culture  et l\u2019artisanat \u00bb a indiqu\u00e9 le ministre.<\/p>\n<p>Selon le Directeur g\u00e9n\u00e9ral du M\u00f6venpick H\u00f4tel &#038; Resorts d\u2019Abidjan-Plateau, Nicolas de Roquefeuil, du groupe Bouygues, la r\u00e9alisation de cet h\u00f4tel type de gamme 5 \u00e9toiles a co\u00fbt\u00e9 36 milliards de Fcfa dont 17 milliards Fcfa d&#8217;investissements et 19 milliards Fcfa de dettes. <\/p>\n<p>L\u2019h\u00f4tel compte 160 chambres de standing correspondant aux exigences du tourisme d\u2019affaires, avec un restaurant ouvert toute la journ\u00e9e; un salon \/ bar; un salon club ex\u00e9cutif; un centre de remise en forme ultramoderne et un espace de r\u00e9union contemporain. Le tout int\u00e9gr\u00e9 \u00e0 la galerie commerciale et \u00e0 la Rotonde des arts Noura Al Hayat qui l\u2019accueille. Nicolas de Roquefeuil a annonc\u00e9  l\u2019ouverture officielle de l\u2019h\u00f4tel pr\u00e9vu pour le 28 d\u00e9cembre 2020.  <\/p>\n<p><strong><br \/>\n    M. Isma\u00efla<\/strong><\/p>\n","protected":false},"excerpt":{"rendered":"<p>Le ministre du tourisme et des loisirs, Siandou Fofana a proc\u00e9d\u00e9 \u00e0 la remise officielle de la licence d\u2019exploitation du M\u00f6venpick H\u00f4tel &#038; Resorts d\u2019Abidjan-Plateau, au cours d\u2019une visite guid\u00e9e effectu\u00e9e, le mardi 22 d\u00e9cembre 2020 dans cet h\u00f4tel situ\u00e9 en plein c\u0153ur de la commune du Plateau \u00c0 cette occasion, Siandou Fofana s\u2019est f\u00e9licit\u00e9 [&hellip;]<\/p>\n","protected":false},"author":3,"featured_media":24541,"comment_status":"closed","ping_status":"closed","sticky":false,"template":"","format":"standard","meta":{"_monsterinsights_skip_tracking":false,"_monsterinsights_sitenote_active":false,"_monsterinsights_sitenote_note":"","_monsterinsights_sitenote_category":0,"footnotes":""},"categories":[2,18],"tags":[],"class_list":["post-24540","post","type-post","status-publish","format-standard","has-post-thumbnail","hentry","category-featured","category-economie"],"_links":{"self":[{"href":"https:\/\/www.lintelligentdabidjan.info\/news\/wp-json\/wp\/v2\/posts\/24540","targetHints":{"allow":["GET"]}}],"collection":[{"href":"https:\/\/www.lintelligentdabidjan.info\/news\/wp-json\/wp\/v2\/posts"}],"about":[{"href":"https:\/\/www.lintelligentdabidjan.info\/news\/wp-json\/wp\/v2\/types\/post"}],"author":[{"embeddable":true,"href":"https:\/\/www.lintelligentdabidjan.info\/news\/wp-json\/wp\/v2\/users\/3"}],"replies":[{"embeddable":true,"href":"https:\/\/www.lintelligentdabidjan.info\/news\/wp-json\/wp\/v2\/comments?post=24540"}],"version-history":[{"count":2,"href":"https:\/\/www.lintelligentdabidjan.info\/news\/wp-json\/wp\/v2\/posts\/24540\/revisions"}],"predecessor-version":[{"id":24543,"href":"https:\/\/www.lintelligentdabidjan.info\/news\/wp-json\/wp\/v2\/posts\/24540\/revisions\/24543"}],"wp:featuredmedia":[{"embeddable":true,"href":"https:\/\/www.lintelligentdabidjan.info\/news\/wp-json\/wp\/v2\/media\/24541"}],"wp:attachment":[{"href":"https:\/\/www.lintelligentdabidjan.info\/news\/wp-json\/wp\/v2\/media?parent=24540"}],"wp:term":[{"taxonomy":"category","embeddable":true,"href":"https:\/\/www.lintelligentdabidjan.info\/news\/wp-json\/wp\/v2\/categories?post=24540"},{"taxonomy":"post_tag","embeddable":true,"href":"https:\/\/www.lintelligentdabidjan.info\/news\/wp-json\/wp\/v2\/tags?post=24540"}],"curies":[{"name":"wp","href":"https:\/\/api.w.org\/{rel}","templated":true}]}}