{"id":24548,"date":"2020-12-23T20:55:53","date_gmt":"2020-12-23T19:55:53","guid":{"rendered":"https:\/\/www.lintelligentdabidjan.info\/news\/?p=24548"},"modified":"2020-12-23T20:56:54","modified_gmt":"2020-12-23T19:56:54","slug":"covid-19-si-la-population-veut-quil-y-ait-des-couvre-feux-on-y-arrivera-ministre-santecote-divoire","status":"publish","type":"post","link":"https:\/\/www.lintelligentdabidjan.info\/news\/covid-19-si-la-population-veut-quil-y-ait-des-couvre-feux-on-y-arrivera-ministre-santecote-divoire\/","title":{"rendered":"Covid 19: si la population veut qu\u2019il y ait des couvre-feux, on y arrivera (ministre sant\u00e9,C\u00f4te d\u2019Ivoire)"},"content":{"rendered":"<p><em><strong>Le gouvernement ivoirien a d\u00e9cid\u00e9 de renforcer la sensibilisation contre la Covid-19 pour \u00e9viter que le virus ne se d\u00e9veloppe \u00e0 une vitesse dangereuse pendant les f\u00eates de fin d\u2019ann\u00e9e, a annonc\u00e9 le ministre de la Sant\u00e9 et de l\u2019Hygi\u00e8ne publique Aka Aou\u00e9l\u00e9, lors du conseil des ministres du mercredi 23 d\u00e9cembre 2020 au palais pr\u00e9sidentiel au plateau. <\/strong><\/em><\/p>\n<p>\u00ab Le gouvernement s\u2019engage \u00e0 limiter la propagation du virus en C\u00f4te d\u2019Ivoire. Le gouvernement se propose de renforcer la sensibilisation pour le respect des mesures barri\u00e8res, car les conditions sont r\u00e9unies pour qu\u2019il y ait la propagation. Les conditions, ce sont les concerts, les \u00e9v\u00e8nements artistiques, les regroupements, les r\u00e9veillons.<\/p>\n<p>Donc ce sont ces conditions qui peuvent effectivement cr\u00e9er une augmentation de cas positif.<br \/>\nAu nom du gouvernement, nous renouvelons le message du respect des mesures barri\u00e8res afin d\u2019amener nos concitoyens \u00e0 se prot\u00e9ger et surtout \u00e0 prot\u00e9ger les autres, se laver r\u00e9guli\u00e8rement les mains, porter les masques dans les lieux publics et les transports, la distanciation physique en s\u2019abstenant de serrer les mains, en \u00e9vitant les accolades. Il faudra autant que possible \u00e9viter les \u00e9v\u00e8nements festifs.<\/p>\n<p>Fondamentalement, le respect des mesures barri\u00e8res est la clef pour faire face \u00e0 cette pand\u00e9mie. Mais si la population veut qu\u2019il y ait des couvre-feux, on y arrivera. Je vous ai dit tout \u00e0 l\u2019heure qu\u2019au Mali d\u00e9j\u00e0 il y a un couvre-feu. Voulons-nous arriver \u00e0 un couvre-feu ?<br \/>\n\u00c9vitons donc tous les \u00e9v\u00e8nements festifs, et si on y est , respectons les mesures barri\u00e8res.<\/p>\n<p>Nous allons d\u00e9marrer une s\u00e9rie de sensibilisation, de communication. Le comit\u00e9 de veuille qui a toujours \u00e9t\u00e9 l\u00e0 pour appliquer les d\u00e9cisions du conseil national de s\u00e9curit\u00e9 est pr\u00eat pour animer un s\u00e9minaire \u00bb, a-t-il conseill\u00e9.<\/p>\n<p>Au sujet de la disponibilit\u00e9 du vaccin contre la maladie, il a fait savoir qu\u2019il n\u2019est pas exclu que les premiers stocks arrivent avant la date annonc\u00e9e par le chef de l\u2019\u00c9tat pour le mois d\u2019Avril 2021. Il a indiqu\u00e9 que la vaccination se fera gratuitement dans un premier temps au profit de 20 % de la population ivoirienne, soit 5 millions de personnes.<\/p>\n<p><strong>Ernest F<\/strong><\/p>\n<p>Pour acheter votre journal du jour en PDF &#8211; les archives et les num\u00e9ros r\u00e9cents, cliquer \u00a0&#8230;..<\/p>\n<p><a href=\"https:\/\/www.lintelligentdabidjan.info\/client\/produit\/n3749-4\/\">https:\/\/www.lintelligentdabidjan.info\/client\/produit\/n3749-4\/<\/a><\/p>\n","protected":false},"excerpt":{"rendered":"<p>Le gouvernement ivoirien a d\u00e9cid\u00e9 de renforcer la sensibilisation contre la Covid-19 pour \u00e9viter que le virus ne se d\u00e9veloppe \u00e0 une vitesse dangereuse pendant les f\u00eates de fin d\u2019ann\u00e9e, a annonc\u00e9 le ministre de la Sant\u00e9 et de l\u2019Hygi\u00e8ne publique Aka Aou\u00e9l\u00e9, lors du conseil des ministres du mercredi 23 d\u00e9cembre 2020 au palais [&hellip;]<\/p>\n","protected":false},"author":3,"featured_media":24545,"comment_status":"closed","ping_status":"closed","sticky":false,"template":"","format":"standard","meta":{"_monsterinsights_skip_tracking":false,"_monsterinsights_sitenote_active":false,"_monsterinsights_sitenote_note":"","_monsterinsights_sitenote_category":0,"footnotes":""},"categories":[2,3],"tags":[],"class_list":["post-24548","post","type-post","status-publish","format-standard","has-post-thumbnail","hentry","category-featured","category-societe"],"_links":{"self":[{"href":"https:\/\/www.lintelligentdabidjan.info\/news\/wp-json\/wp\/v2\/posts\/24548","targetHints":{"allow":["GET"]}}],"collection":[{"href":"https:\/\/www.lintelligentdabidjan.info\/news\/wp-json\/wp\/v2\/posts"}],"about":[{"href":"https:\/\/www.lintelligentdabidjan.info\/news\/wp-json\/wp\/v2\/types\/post"}],"author":[{"embeddable":true,"href":"https:\/\/www.lintelligentdabidjan.info\/news\/wp-json\/wp\/v2\/users\/3"}],"replies":[{"embeddable":true,"href":"https:\/\/www.lintelligentdabidjan.info\/news\/wp-json\/wp\/v2\/comments?post=24548"}],"version-history":[{"count":2,"href":"https:\/\/www.lintelligentdabidjan.info\/news\/wp-json\/wp\/v2\/posts\/24548\/revisions"}],"predecessor-version":[{"id":24551,"href":"https:\/\/www.lintelligentdabidjan.info\/news\/wp-json\/wp\/v2\/posts\/24548\/revisions\/24551"}],"wp:featuredmedia":[{"embeddable":true,"href":"https:\/\/www.lintelligentdabidjan.info\/news\/wp-json\/wp\/v2\/media\/24545"}],"wp:attachment":[{"href":"https:\/\/www.lintelligentdabidjan.info\/news\/wp-json\/wp\/v2\/media?parent=24548"}],"wp:term":[{"taxonomy":"category","embeddable":true,"href":"https:\/\/www.lintelligentdabidjan.info\/news\/wp-json\/wp\/v2\/categories?post=24548"},{"taxonomy":"post_tag","embeddable":true,"href":"https:\/\/www.lintelligentdabidjan.info\/news\/wp-json\/wp\/v2\/tags?post=24548"}],"curies":[{"name":"wp","href":"https:\/\/api.w.org\/{rel}","templated":true}]}}