{"id":24552,"date":"2020-12-23T20:59:02","date_gmt":"2020-12-23T19:59:02","guid":{"rendered":"https:\/\/www.lintelligentdabidjan.info\/news\/?p=24552"},"modified":"2020-12-23T20:59:02","modified_gmt":"2020-12-23T19:59:02","slug":"sur-la-reconciliation-le-president-ouattara-ne-peut-pas-etre-pris-a-defaut-sidi-tourecote-divoire","status":"publish","type":"post","link":"https:\/\/www.lintelligentdabidjan.info\/news\/sur-la-reconciliation-le-president-ouattara-ne-peut-pas-etre-pris-a-defaut-sidi-tourecote-divoire\/","title":{"rendered":"Sur la r\u00e9conciliation le Pr\u00e9sident Ouattara ne peut pas \u00eatre pris \u00e0 d\u00e9faut ( Sidi Tour\u00e9,C\u00f4te d\u2019Ivoire)"},"content":{"rendered":"<p><em><strong>Le ministre de la Communication et des M\u00e9dias, porte parole du gouvernement ivoirien Sidi Tour\u00e9 , r\u00e9pondant aux questions des journalistes \u00e0 l\u2019issue du conseil des ministres du mercredi 23 d\u00e9cembre 2020 au palais pr\u00e9sidentiel, a indiqu\u00e9 que le pr\u00e9sident le pr\u00e9sident de la R\u00e9publique Alassane Ouattara a pos\u00e9 des actes forts allant dans le sens de la r\u00e9conciliation nationale.<\/strong><\/em><\/p>\n<p>\u00ab Le gouvernement sous le leadership du pr\u00e9sident de la R\u00e9publique a toujours marqu\u00e9 des actes assez concrets dans le sens de la r\u00e9conciliation nationale. Sur ce chantier, je pense que le pr\u00e9sident Alassane Ouattara ne peut pas \u00eatre pris \u00e0 d\u00e9faut. Le dernier acte pris dans le sens de la r\u00e9conciliation d\u2019ailleurs pour acc\u00e9l\u00e9rer le processus dans le sens esp\u00e9r\u00e9 par les uns et les autres, est qu\u2019un minist\u00e8re a \u00e9t\u00e9 sp\u00e9cialement cr\u00e9e, et le ministre Kouadio Konan Bertin en est le titulaire \u00bb.<\/p>\n<p><strong><br \/>\nEF<\/strong><\/p>\n<p>Pour acheter votre journal du jour en PDF &#8211; les archives et les num\u00e9ros r\u00e9cents, cliquer \u00a0&#8230;..<\/p>\n<p><a href=\"https:\/\/www.lintelligentdabidjan.info\/client\/produit\/n3749-4\/\">https:\/\/www.lintelligentdabidjan.info\/client\/produit\/n3749-4\/<\/a><\/p>\n","protected":false},"excerpt":{"rendered":"<p>Le ministre de la Communication et des M\u00e9dias, porte parole du gouvernement ivoirien Sidi Tour\u00e9 , r\u00e9pondant aux questions des journalistes \u00e0 l\u2019issue du conseil des ministres du mercredi 23 d\u00e9cembre 2020 au palais pr\u00e9sidentiel, a indiqu\u00e9 que le pr\u00e9sident le pr\u00e9sident de la R\u00e9publique Alassane Ouattara a pos\u00e9 des actes forts allant dans le [&hellip;]<\/p>\n","protected":false},"author":3,"featured_media":24553,"comment_status":"closed","ping_status":"closed","sticky":false,"template":"","format":"standard","meta":{"_monsterinsights_skip_tracking":false,"_monsterinsights_sitenote_active":false,"_monsterinsights_sitenote_note":"","_monsterinsights_sitenote_category":0,"footnotes":""},"categories":[2,17,3],"tags":[],"class_list":["post-24552","post","type-post","status-publish","format-standard","has-post-thumbnail","hentry","category-featured","category-politique","category-societe"],"_links":{"self":[{"href":"https:\/\/www.lintelligentdabidjan.info\/news\/wp-json\/wp\/v2\/posts\/24552","targetHints":{"allow":["GET"]}}],"collection":[{"href":"https:\/\/www.lintelligentdabidjan.info\/news\/wp-json\/wp\/v2\/posts"}],"about":[{"href":"https:\/\/www.lintelligentdabidjan.info\/news\/wp-json\/wp\/v2\/types\/post"}],"author":[{"embeddable":true,"href":"https:\/\/www.lintelligentdabidjan.info\/news\/wp-json\/wp\/v2\/users\/3"}],"replies":[{"embeddable":true,"href":"https:\/\/www.lintelligentdabidjan.info\/news\/wp-json\/wp\/v2\/comments?post=24552"}],"version-history":[{"count":1,"href":"https:\/\/www.lintelligentdabidjan.info\/news\/wp-json\/wp\/v2\/posts\/24552\/revisions"}],"predecessor-version":[{"id":24554,"href":"https:\/\/www.lintelligentdabidjan.info\/news\/wp-json\/wp\/v2\/posts\/24552\/revisions\/24554"}],"wp:featuredmedia":[{"embeddable":true,"href":"https:\/\/www.lintelligentdabidjan.info\/news\/wp-json\/wp\/v2\/media\/24553"}],"wp:attachment":[{"href":"https:\/\/www.lintelligentdabidjan.info\/news\/wp-json\/wp\/v2\/media?parent=24552"}],"wp:term":[{"taxonomy":"category","embeddable":true,"href":"https:\/\/www.lintelligentdabidjan.info\/news\/wp-json\/wp\/v2\/categories?post=24552"},{"taxonomy":"post_tag","embeddable":true,"href":"https:\/\/www.lintelligentdabidjan.info\/news\/wp-json\/wp\/v2\/tags?post=24552"}],"curies":[{"name":"wp","href":"https:\/\/api.w.org\/{rel}","templated":true}]}}