{"id":24555,"date":"2020-12-23T21:11:00","date_gmt":"2020-12-23T20:11:00","guid":{"rendered":"https:\/\/www.lintelligentdabidjan.info\/news\/?p=24555"},"modified":"2020-12-23T21:11:47","modified_gmt":"2020-12-23T20:11:47","slug":"la-fifa-hysterique-et-de-mauvaise-foi-le-tas-va-departager-aucune-raison-dimposer-une-normalisation-sam-etiassefifcote-divoire","status":"publish","type":"post","link":"https:\/\/www.lintelligentdabidjan.info\/news\/la-fifa-hysterique-et-de-mauvaise-foi-le-tas-va-departager-aucune-raison-dimposer-une-normalisation-sam-etiassefifcote-divoire\/","title":{"rendered":"La FIFA hyst\u00e9rique et de mauvaise foi, le TAS va d\u00e9partager, aucune raison d\u2019imposer une normalisation (Sam Etiass\u00e9,Fif,C\u00f4te d\u2019Ivoire)"},"content":{"rendered":"<p><em><strong>Au cours de la conf\u00e9rence de presse, co-anim\u00e9e avec Me Raux Athanase, le mercredi 23 d\u00e9cembre 2020 au si\u00e8ge de la FIF \u00e0 Treichville, Sam Etiass\u00e9, Directeur ex\u00e9cutif est revenu sur la rumeur faisant \u00e9tat de la mise en place d&#8217;un comit\u00e9 de normalisation en C\u00f4te d&#8217;Ivoire. <\/strong><\/em><\/p>\n<p>\u00ab Nous avons saisi le TAS pour une question bien pr\u00e9cise. Jusque l\u00e0, la FIFA, ne vous a pas notifi\u00e9 une d\u00e9cision parlant de mettre en place un comit\u00e9 de normalisation. Lorsque j&#8217;aurais en main ce papier, le comit\u00e9 ex\u00e9cutif va r\u00e9agir.<\/p>\n<p>Ce que nous savons, c&#8217;est qu&#8217;\u00e0 la faveur du tournoi U20 \u00e0 Cotonou, des informations ont circul\u00e9 faisant \u00e9tat de mettre la FIF sous normalisation. Mais, la Fif ne travaille pas sous la base de rumeur.<\/p>\n<p>Notre attention a \u00e9t\u00e9 capt\u00e9e sur le fait que l&#8217;information serait venue de source s\u00fbre, de celui l\u00e0 m\u00eame qui est le Directeur r\u00e9gional zone Afrique et Cara\u00efbes de la division Association membres de la FIFA, Veron Mosengo-Omba \u00bb, a affirm\u00e9 Sam Etiass\u00e9.<\/p>\n<p>Il a rapport\u00e9 ce que Jacques Anouma a dit \u00e0 Monsieur V\u00e9ron \u00e0 Cotonou : \u00abV\u00e9ron est arriv\u00e9 \u00e0 Cotonou, pour rencontrer certains pr\u00e9sidents de f\u00e9d\u00e9rations. Il a m\u00eame rencontr\u00e9 Jacques Anouma. Sur la question, Jacques Anouma a \u00e9t\u00e9 clair avec lui. Il lui a dit : &#8221; V\u00e9ron, si vous mettez la C\u00f4te d&#8217;Ivoire sous normalisation, je serai devant la FIF pour vous attaquer au TAS &#8221; \u00bb.<\/p>\n<p>Sam Etiass\u00e9 a dit ne pas comprendre pourquoi cette id\u00e9e de normalisation a \u00e9t\u00e9 propag\u00e9e, alors que la FIF en mati\u00e8re de gouvernance n&#8217;a pas \u00e9t\u00e9 \u00e9pingl\u00e9e par la FIFA.<\/p>\n<p>\u00ab Si on nous met sous normalisation, c&#8217;est pour une mauvaise gouvernance.Est-ce qu&#8217;on peut mettre une f\u00e9d\u00e9ration sous normalisation pour un processus \u00e9lectoral ? Mettre une f\u00e9d\u00e9ration sous normalisation, c&#8217;est la sanction la plus grave. Cela veut dire que vous avez mal g\u00e9r\u00e9. Or, chaque ann\u00e9e, l&#8217;assembl\u00e9e g\u00e9n\u00e9rale se tient, les \u00e9tats financiers sont faits, le budget est fait, le cabinet d&#8217;audit vient tout contr\u00f4ler, l&#8217;assembl\u00e9e g\u00e9n\u00e9rale approuve ces \u00e9tats financiers et nous les envoyons \u00e0 la FIFA. Jamais, la FIFA ne nous a interpell\u00e9s sur des aspects de gouvernance. Voici un premier aspect qu&#8217;il faut souligner. Deuxi\u00e8mement, l&#8217;argent donn\u00e9 par la FIFA a fait l&#8217;objet d&#8217;audit. Au d\u00e9part, c&#8217;\u00e9tait le cabinet Pwc-Price, maintenant, c&#8217;est le cabinet Mazard. Le dernier audit de ce cabinet s&#8217;est achev\u00e9 le 15 octobre 2020. Rien n&#8217;a \u00e9t\u00e9 dit sur la gouvernance de la FIF, sur la gestion des fonds FIFA. Il n&#8217;y a pas eu d&#8217;audit \u00e0 la FIF qui parle de mal gouvernance. Pourquoi cet acharnement sur la FIF ? Au plan de la gouvernance, vous ne nous reprochez rien. Au niveau du processus \u00e9lectoral, la FIFA a tous les rapports. Diby Ren\u00e9 a d\u00e9missionn\u00e9. Il a fait sa lettre de d\u00e9mission que j&#8217;ai refus\u00e9 de prendre. Il a \u00e9crit et sign\u00e9. Ce fait est bien \u00e9crit dans le proc\u00e8s verbal que la Fifa a re\u00e7u. Elle a tout. Comme elle est de mauvaise foi, le TAS va nous d\u00e9partager. Le TAS suit les faits et non les hommes. Pourquoi cet acharnement ? Pourquoi \u00e0 trois mois de l&#8217;\u00e9lection \u00e0 la Caf, la FIFA est hyst\u00e9rique ? Pourquoi V\u00e9ron \u00e9tait \u00e0 une comp\u00e9tition de l&#8217;Ufoa ? La FIFA nous doit de l&#8217;argent. Pour l&#8217;ann\u00e9e 2019, la FIFA nous doit 500 000 dollars. Pour l&#8217;ann\u00e9e 2020, elle nous doit 1 000 000 dollars, plus 500 000 dollars au titre de la Covid-19. Pour 2020, cela fait 2 millions de dollars. Cela fait pr\u00e8s d&#8217;un milliard de FCFA que la Fifa nous doit. \u00c0 cela, il faut ajouter les fonds Forwards&#8221;, a constat\u00e9 Sam Etiass\u00e9.<\/p>\n<p><strong> Ange K <\/strong><\/p>\n<p>Pour acheter votre journal du jour en PDF &#8211; les archives et les num\u00e9ros r\u00e9cents, cliquer \u00a0&#8230;..<\/p>\n<p><a href=\"https:\/\/www.lintelligentdabidjan.info\/client\/produit\/n3749-4\/\">https:\/\/www.lintelligentdabidjan.info\/client\/produit\/n3749-4\/<\/a><\/p>\n","protected":false},"excerpt":{"rendered":"<p>Au cours de la conf\u00e9rence de presse, co-anim\u00e9e avec Me Raux Athanase, le mercredi 23 d\u00e9cembre 2020 au si\u00e8ge de la FIF \u00e0 Treichville, Sam Etiass\u00e9, Directeur ex\u00e9cutif est revenu sur la rumeur faisant \u00e9tat de la mise en place d&#8217;un comit\u00e9 de normalisation en C\u00f4te d&#8217;Ivoire. \u00ab Nous avons saisi le TAS pour une [&hellip;]<\/p>\n","protected":false},"author":3,"featured_media":24556,"comment_status":"closed","ping_status":"closed","sticky":false,"template":"","format":"standard","meta":{"_monsterinsights_skip_tracking":false,"_monsterinsights_sitenote_active":false,"_monsterinsights_sitenote_note":"","_monsterinsights_sitenote_category":0,"footnotes":""},"categories":[2,23],"tags":[77,343,750],"class_list":["post-24555","post","type-post","status-publish","format-standard","has-post-thumbnail","hentry","category-featured","category-sport","tag-cote-divoire","tag-fif","tag-sam-etiasse"],"_links":{"self":[{"href":"https:\/\/www.lintelligentdabidjan.info\/news\/wp-json\/wp\/v2\/posts\/24555","targetHints":{"allow":["GET"]}}],"collection":[{"href":"https:\/\/www.lintelligentdabidjan.info\/news\/wp-json\/wp\/v2\/posts"}],"about":[{"href":"https:\/\/www.lintelligentdabidjan.info\/news\/wp-json\/wp\/v2\/types\/post"}],"author":[{"embeddable":true,"href":"https:\/\/www.lintelligentdabidjan.info\/news\/wp-json\/wp\/v2\/users\/3"}],"replies":[{"embeddable":true,"href":"https:\/\/www.lintelligentdabidjan.info\/news\/wp-json\/wp\/v2\/comments?post=24555"}],"version-history":[{"count":1,"href":"https:\/\/www.lintelligentdabidjan.info\/news\/wp-json\/wp\/v2\/posts\/24555\/revisions"}],"predecessor-version":[{"id":24557,"href":"https:\/\/www.lintelligentdabidjan.info\/news\/wp-json\/wp\/v2\/posts\/24555\/revisions\/24557"}],"wp:featuredmedia":[{"embeddable":true,"href":"https:\/\/www.lintelligentdabidjan.info\/news\/wp-json\/wp\/v2\/media\/24556"}],"wp:attachment":[{"href":"https:\/\/www.lintelligentdabidjan.info\/news\/wp-json\/wp\/v2\/media?parent=24555"}],"wp:term":[{"taxonomy":"category","embeddable":true,"href":"https:\/\/www.lintelligentdabidjan.info\/news\/wp-json\/wp\/v2\/categories?post=24555"},{"taxonomy":"post_tag","embeddable":true,"href":"https:\/\/www.lintelligentdabidjan.info\/news\/wp-json\/wp\/v2\/tags?post=24555"}],"curies":[{"name":"wp","href":"https:\/\/api.w.org\/{rel}","templated":true}]}}