{"id":24558,"date":"2020-12-23T21:19:24","date_gmt":"2020-12-23T20:19:24","guid":{"rendered":"https:\/\/www.lintelligentdabidjan.info\/news\/?p=24558"},"modified":"2020-12-23T21:20:59","modified_gmt":"2020-12-23T20:20:59","slug":"football-la-fif-annonce-la-reprise-des-championnats-en-janvier-2021-raux-athanasesam-etiassecote-divoire","status":"publish","type":"post","link":"https:\/\/www.lintelligentdabidjan.info\/news\/football-la-fif-annonce-la-reprise-des-championnats-en-janvier-2021-raux-athanasesam-etiassecote-divoire\/","title":{"rendered":"Football-La FIF annonce la reprise des championnats en Janvier 2021 (Raux Athanase,Sam Etiass\u00e9,C\u00f4te d&#8217;Ivoire)"},"content":{"rendered":"<p><em><strong>Me Raux Athanase, membre du comit\u00e9 ex\u00e9cutif et Sam Etiass\u00e9, directeur ex\u00e9cutif de la FIF ont co anim\u00e9 une conf\u00e9rence de presse , le mercredi 23 d\u00e9cembre au si\u00e8ge de la FIF \u00e0 Treichville pour expliquer les motivations r\u00e9elles de l&#8217;action initi\u00e9e aupr\u00e8s du Tribunal Arbitral des Sports (TAS). Cette action vise \u00e0 la lev\u00e9e de suspension du processus \u00e9lectoral et \u00e0 la relance des championnats nationaux.<\/strong><\/em><\/p>\n<p>\u00ab Depuis le mois d&#8217;ao\u00fbt 2020 , jusqu&#8217;au 21 d\u00e9cembre 2020, la FIFA est rest\u00e9e dans un mutisme qui a interpell\u00e9 les dirigeants f\u00e9d\u00e9raux. \u00c0 la suite d&#8217;un comit\u00e9 ex\u00e9cutif, il a \u00e9t\u00e9 d\u00e9cid\u00e9 qu&#8217;on saisisse le Tribunal Arbitral des <a href=\"https:\/\/www.lintelligentdabidjan.info\/news\/la-fifa-hysterique-et-de-mauvaise-foi-le-tas-va-departager-aucune-raison-dimposer-une-normalisation-sam-etiassefifcote-divoire\/\" target=\"_blank\">Sports<\/a>. La saisine est relative \u00e0 la main lev\u00e9e que la FIF demande sur le blocage du processus \u00e9lectoral. Nous avons saisi par l&#8217;interm\u00e9diaire de Me Raux nos avocats de Paris. Eux \u00e0 leur niveau ont saisi la greffe du Tribunal Arbitral des Sports. Le document est arriv\u00e9 au TAS. Notre objectif, c&#8217;est qu&#8217;on l\u00e8ve la mesure de suspension pour nous permettre de continuer le processus \u00e9lectoral qui \u00e9tait en cours \u00bb, a indiqu\u00e9 Sam Etiass\u00e9, directeur ex\u00e9cutif de la FIF.<\/p>\n<p>Me Raux Athanase a pour son part insist\u00e9 sur la reprise des joutes locales : \u00ab Il n&#8217;y a aucun lien entre la reprise du championnat et le blocage du processus. \u00c7a \u00e9t\u00e9 une volont\u00e9 d\u00e9lib\u00e9r\u00e9e de la F\u00e9d\u00e9ration et d&#8217;une partie des membres actifs qui voulaient que ce soit la nouvelle \u00e9quipe dirigeante \u00e9lue qui conduise la saison 2020-2021. C&#8217;est pour cela que nous avons attendu. Mais nous nous sommes rendus compte que la FIFA est rest\u00e9e sourde \u00e0 nos relances, elle est insensible \u00e0 la souffrance qu&#8217;endurent les acteurs du football. Nous avons d\u00e9cid\u00e9 de prendre nos responsabilit\u00e9s. La F\u00e9d\u00e9ration est en train de s&#8217;organiser en vue de reprendre les diff\u00e9rents championnats. Mais dans l&#8217;intervalle, nous ne pouvons pas accepter que le processus demeure bloqu\u00e9 . Raison pour laquelle, nous avons pris la responsabilit\u00e9 de saisir le TAS pour voir lever cette mesure de suspension du processus \u00e9lectoral. Rien ne nous emp\u00eache juridiquement, comme physiquement de reprendre le championnat. Nous avons voulu attendre que la nouvelle \u00e9quipe dirigeante prenne le relais. Mais, nous nous rendons compte que si nous voulons attendre la FIFA, nous ne savons pas quand elle se d\u00e9cidera. Alors nous avons d\u00e9cid\u00e9 de prendre nos responsabilit\u00e9s pour que les diff\u00e9rents championnats reprennent au plus t\u00f4t. Nous avons des exigences vis-\u00e0-vis de la Caf. Le 30 juin, nous devons d\u00e9signer nos repr\u00e9sentants aux comp\u00e9titions africaines. Les diff\u00e9rents championnats vont reprendre bient\u00f4t.(..)<\/p>\n<p>Pour nous aujourd&#8217;hui, le plus important est la reprise des championnats. Il faut que la f\u00e9d\u00e9ration continue de fonctionner, qu&#8217;elle ne soit pas bloqu\u00e9e. Raison pour laquelle, nous disons qu&#8217;il n&#8217;y a pas de lien \u00e0 faire. L&#8217;action au TAS va suivre son cours, cela va prendre le temps qu&#8217;il faudra. Mais, il faut que la f\u00e9d\u00e9ration fonctionne. Les clubs doivent participer aux comp\u00e9titions , ils doivent travailler, les joueurs doivent \u00eatre pay\u00e9s, tous les acteurs du football doivent vivre de leurs activit\u00e9s footballistiques \u00bb, a expliqu\u00e9 Me Raux Athanase, qui a annonc\u00e9 que la reprise du championnat devrait intervenir dans le mois de Janvier 2021.<br \/>\n<strong><br \/>\nAnge K <\/strong><\/p>\n<p>&nbsp;<\/p>\n<p>Pour acheter votre journal du jour en PDF &#8211; les archives et les num\u00e9ros r\u00e9cents, cliquer \u00a0&#8230;..<\/p>\n<p><a href=\"https:\/\/www.lintelligentdabidjan.info\/client\/produit\/n3749-4\/\">https:\/\/www.lintelligentdabidjan.info\/client\/produit\/n3749-4\/<\/a><\/p>\n","protected":false},"excerpt":{"rendered":"<p>Me Raux Athanase, membre du comit\u00e9 ex\u00e9cutif et Sam Etiass\u00e9, directeur ex\u00e9cutif de la FIF ont co anim\u00e9 une conf\u00e9rence de presse , le mercredi 23 d\u00e9cembre au si\u00e8ge de la FIF \u00e0 Treichville pour expliquer les motivations r\u00e9elles de l&#8217;action initi\u00e9e aupr\u00e8s du Tribunal Arbitral des Sports (TAS). Cette action vise \u00e0 la lev\u00e9e [&hellip;]<\/p>\n","protected":false},"author":3,"featured_media":24559,"comment_status":"closed","ping_status":"closed","sticky":false,"template":"","format":"standard","meta":{"_monsterinsights_skip_tracking":false,"_monsterinsights_sitenote_active":false,"_monsterinsights_sitenote_note":"","_monsterinsights_sitenote_category":0,"footnotes":""},"categories":[2,23],"tags":[77,848,750],"class_list":["post-24558","post","type-post","status-publish","format-standard","has-post-thumbnail","hentry","category-featured","category-sport","tag-cote-divoire","tag-raux-athanase","tag-sam-etiasse"],"_links":{"self":[{"href":"https:\/\/www.lintelligentdabidjan.info\/news\/wp-json\/wp\/v2\/posts\/24558","targetHints":{"allow":["GET"]}}],"collection":[{"href":"https:\/\/www.lintelligentdabidjan.info\/news\/wp-json\/wp\/v2\/posts"}],"about":[{"href":"https:\/\/www.lintelligentdabidjan.info\/news\/wp-json\/wp\/v2\/types\/post"}],"author":[{"embeddable":true,"href":"https:\/\/www.lintelligentdabidjan.info\/news\/wp-json\/wp\/v2\/users\/3"}],"replies":[{"embeddable":true,"href":"https:\/\/www.lintelligentdabidjan.info\/news\/wp-json\/wp\/v2\/comments?post=24558"}],"version-history":[{"count":1,"href":"https:\/\/www.lintelligentdabidjan.info\/news\/wp-json\/wp\/v2\/posts\/24558\/revisions"}],"predecessor-version":[{"id":24560,"href":"https:\/\/www.lintelligentdabidjan.info\/news\/wp-json\/wp\/v2\/posts\/24558\/revisions\/24560"}],"wp:featuredmedia":[{"embeddable":true,"href":"https:\/\/www.lintelligentdabidjan.info\/news\/wp-json\/wp\/v2\/media\/24559"}],"wp:attachment":[{"href":"https:\/\/www.lintelligentdabidjan.info\/news\/wp-json\/wp\/v2\/media?parent=24558"}],"wp:term":[{"taxonomy":"category","embeddable":true,"href":"https:\/\/www.lintelligentdabidjan.info\/news\/wp-json\/wp\/v2\/categories?post=24558"},{"taxonomy":"post_tag","embeddable":true,"href":"https:\/\/www.lintelligentdabidjan.info\/news\/wp-json\/wp\/v2\/tags?post=24558"}],"curies":[{"name":"wp","href":"https:\/\/api.w.org\/{rel}","templated":true}]}}