{"id":24561,"date":"2020-12-23T21:34:27","date_gmt":"2020-12-23T20:34:27","guid":{"rendered":"https:\/\/www.lintelligentdabidjan.info\/news\/?p=24561"},"modified":"2020-12-23T21:34:27","modified_gmt":"2020-12-23T20:34:27","slug":"ouattara-encourage-hamed-bakayoko-a-utiliser-pleinement-kkb-quil-ne-connait-pas-dialogue-politiquereconciliation-nationalecote-divoire","status":"publish","type":"post","link":"https:\/\/www.lintelligentdabidjan.info\/news\/ouattara-encourage-hamed-bakayoko-a-utiliser-pleinement-kkb-quil-ne-connait-pas-dialogue-politiquereconciliation-nationalecote-divoire\/","title":{"rendered":"Ouattara encourage Hamed Bakayoko \u00e0 utiliser pleinement Kkb qu\u2019il ne conna\u00eet pas (dialogue politique,r\u00e9conciliation nationale,C\u00f4te d\u2019Ivoire)"},"content":{"rendered":"<p><em><strong>Donnant les raisons de la nomination de Kouadio Konan Bertin (KKB) au poste de ministre de la R\u00e9conciliation nationale le mercredi 23 d\u00e9cembre 2020 lors d&#8217;une d\u00e9claration pr\u00e9liminaire \u00e0 l&#8217;ouverture du <a href=\"https:\/\/www.lintelligentdabidjan.info\/news\/sur-la-reconciliation-le-president-ouattara-ne-peut-pas-etre-pris-a-defaut-sidi-tourecote-divoire\/\" target=\"_blank\">conseil <\/a>des ministres de ce jour , le Pr\u00e9sident de la R\u00e9publique, Alassane Ouattara, a encourag\u00e9 le Premier ministre \u00e0 utiliser pleinement le nouveau membre du gouvernement, dans le cadre du nouveau dialogue politique en cours. <\/strong><\/em><\/p>\n<p>\u00c0 cette occasion, le Pr\u00e9sident Alassane Ouattara a pr\u00e9cis\u00e9 que la cr\u00e9ation d&#8217;un portefeuille minist\u00e9riel exclusivement en charge de la r\u00e9conciliation nationale vise \u00ab \u00e0 consolider la coh\u00e9sion nationale et la r\u00e9conciliation politique \u00bb.<\/p>\n<p>\u00abJ&#8217;ai d\u00e9cid\u00e9 de nommer le ministre Kouadio Konan Bertin \u00e0 la t\u00eate de ce nouveau minist\u00e8re pour plusieurs raisons. D&#8217;abord pour dire que durant toute la campagne \u00e9lectorale, j&#8217;ai not\u00e9 qu&#8217;il pr\u00eachait \u00e0 chaque fois, \u00e0 chaque occasion la paix, la r\u00e9conciliation et la coh\u00e9sion entre les Ivoiriens.<\/p>\n<p>En deuxi\u00e8me point, comme vous le savez, il est jeune, il incarne donc la nouvelle g\u00e9n\u00e9ration que nous pr\u00e9parons tous pour la rel\u00e8ve et je voudrais ajouter qu&#8217;il est du deuxi\u00e8me parti politique le plus important de la C\u00f4te d&#8217;Ivoire puisqu&#8217;il est du Pdci-Rda.<\/p>\n<p>Et je voudrais rappeler aux uns et aux autres qu&#8217;en 2015 quand le Pdci, le Rdr et les autres membres du Rhdp avaient d\u00e9cid\u00e9 que je sois le candidat du Rhdp, KKB avait donc d\u00e9cid\u00e9 d&#8217;\u00eatre candidat ind\u00e9pendant contre moi et de se pr\u00e9senter \u00e0 l&#8217;\u00e9lection pr\u00e9sidentielle en 2015.<\/p>\n<p>Et je crois qu&#8217;\u00e0 l&#8217;occasion de cette \u00e9lection, il a eu \u00e0 peu pr\u00e8s 4% des suffrages exprim\u00e9s. Et je voudrais noter que cela bien s\u00fbr ne peut que d\u00e9montrer son courage politique, sa constance et \u00e9galement sa disponibilit\u00e9 \u00e0 servir le pays en toute circonstance, que ce soit en 2015 comme en 2020.<\/p>\n<p>Je note \u00e9galement qu&#8217;il a \u00e9t\u00e9 d\u00e9put\u00e9. C&#8217;est dire que notre jeune fr\u00e8re est le bienvenu au sein de ce conseil.<\/p>\n<p>Je l&#8217;ai nomm\u00e9 sur proposition du premier ministre chef du gouvernement qui lui-m\u00eame est jeune. Je ne connais pas KKB en tant que personne, je l&#8217;ai rencontr\u00e9 deux ou trois fois, mais il m&#8217;a toujours impressionn\u00e9 par son sens de l&#8217;\u00c9tat , son engagement pour la paix, pour la r\u00e9conciliation et je suis s\u00fbr qu&#8217;il fera un excellent travail dans ce portefeuille qui vient \u00e0 point nomm\u00e9.<\/p>\n<p>Et j&#8217;encourage le premier ministre \u00e0 l&#8217;utiliser pleinement notamment avec le dialogue politique qui vient de s&#8217;ouvrir.<\/p>\n<p>Je souhaite bien que ce <a href=\"https:\/\/www.lintelligentdabidjan.info\/news\/covid-19-si-la-population-veut-quil-y-ait-des-couvre-feux-on-y-arrivera-ministre-santecote-divoire\/\" target=\"_blank\">dialogue<\/a> permette de consolider la paix et d&#8217;avoir des \u00e9lections l\u00e9gislatives apais\u00e9es au cours des prochaines semaines&#8221;, a d\u00e9clar\u00e9 le chef de l&#8217;\u00c9tat .<\/p>\n<p><strong> Ernest F<\/strong><\/p>\n<p>Pour acheter votre journal du jour en PDF &#8211; les archives et les num\u00e9ros r\u00e9cents, cliquer \u00a0&#8230;..<\/p>\n<p><a href=\"https:\/\/www.lintelligentdabidjan.info\/client\/produit\/n3749-4\/\">https:\/\/www.lintelligentdabidjan.info\/client\/produit\/n3749-4\/<\/a><\/p>\n","protected":false},"excerpt":{"rendered":"<p>Donnant les raisons de la nomination de Kouadio Konan Bertin (KKB) au poste de ministre de la R\u00e9conciliation nationale le mercredi 23 d\u00e9cembre 2020 lors d&#8217;une d\u00e9claration pr\u00e9liminaire \u00e0 l&#8217;ouverture du conseil des ministres de ce jour , le Pr\u00e9sident de la R\u00e9publique, Alassane Ouattara, a encourag\u00e9 le Premier ministre \u00e0 utiliser pleinement le nouveau [&hellip;]<\/p>\n","protected":false},"author":3,"featured_media":24562,"comment_status":"closed","ping_status":"closed","sticky":false,"template":"","format":"standard","meta":{"_monsterinsights_skip_tracking":false,"_monsterinsights_sitenote_active":false,"_monsterinsights_sitenote_note":"","_monsterinsights_sitenote_category":0,"footnotes":""},"categories":[2,17],"tags":[637,77,849,139,72,850,144],"class_list":["post-24561","post","type-post","status-publish","format-standard","has-post-thumbnail","hentry","category-featured","category-politique","tag-kkb","tag-cote-divoire","tag-dialogue-politique","tag-pdci","tag-rdr","tag-reconciliation-nationale","tag-rhdp"],"_links":{"self":[{"href":"https:\/\/www.lintelligentdabidjan.info\/news\/wp-json\/wp\/v2\/posts\/24561","targetHints":{"allow":["GET"]}}],"collection":[{"href":"https:\/\/www.lintelligentdabidjan.info\/news\/wp-json\/wp\/v2\/posts"}],"about":[{"href":"https:\/\/www.lintelligentdabidjan.info\/news\/wp-json\/wp\/v2\/types\/post"}],"author":[{"embeddable":true,"href":"https:\/\/www.lintelligentdabidjan.info\/news\/wp-json\/wp\/v2\/users\/3"}],"replies":[{"embeddable":true,"href":"https:\/\/www.lintelligentdabidjan.info\/news\/wp-json\/wp\/v2\/comments?post=24561"}],"version-history":[{"count":1,"href":"https:\/\/www.lintelligentdabidjan.info\/news\/wp-json\/wp\/v2\/posts\/24561\/revisions"}],"predecessor-version":[{"id":24563,"href":"https:\/\/www.lintelligentdabidjan.info\/news\/wp-json\/wp\/v2\/posts\/24561\/revisions\/24563"}],"wp:featuredmedia":[{"embeddable":true,"href":"https:\/\/www.lintelligentdabidjan.info\/news\/wp-json\/wp\/v2\/media\/24562"}],"wp:attachment":[{"href":"https:\/\/www.lintelligentdabidjan.info\/news\/wp-json\/wp\/v2\/media?parent=24561"}],"wp:term":[{"taxonomy":"category","embeddable":true,"href":"https:\/\/www.lintelligentdabidjan.info\/news\/wp-json\/wp\/v2\/categories?post=24561"},{"taxonomy":"post_tag","embeddable":true,"href":"https:\/\/www.lintelligentdabidjan.info\/news\/wp-json\/wp\/v2\/tags?post=24561"}],"curies":[{"name":"wp","href":"https:\/\/api.w.org\/{rel}","templated":true}]}}