{"id":24599,"date":"2020-12-24T19:42:29","date_gmt":"2020-12-24T18:42:29","guid":{"rendered":"https:\/\/www.lintelligentdabidjan.info\/news\/?p=24599"},"modified":"2020-12-24T19:42:47","modified_gmt":"2020-12-24T18:42:47","slug":"albert-flinde-le-projet-de-construction-du-port-sec-de-ferke-generera-plus-de-71-000-emplois","status":"publish","type":"post","link":"https:\/\/www.lintelligentdabidjan.info\/news\/albert-flinde-le-projet-de-construction-du-port-sec-de-ferke-generera-plus-de-71-000-emplois\/","title":{"rendered":"Albert Flind\u00e9 : \u00ab Le projet de construction du port sec de Ferk\u00e9 g\u00e9n\u00e9rera plus de 71 000 emplois \u00bb"},"content":{"rendered":"<p><em><strong>Le ministre de l\u2019Int\u00e9gration Africaine et des Ivoiriens de l\u2019Ext\u00e9rieur, Albert Flind\u00e9, a effectu\u00e9 le 21 d\u00e9cembre 2020 une visite du site du projet de construction du port sec de Ferkess\u00e9dougou, dans le cadre des pr\u00e9paratifs du lancement d\u2019un projet historique inscrit dans le programme du pr\u00e9sident de la R\u00e9publique.<\/strong><\/em><\/p>\n<p>Durant son s\u00e9jour dans la r\u00e9gion du Tchologo, Albert Flind\u00e9 accompagn\u00e9 d\u2019une forte d\u00e9l\u00e9gation, s\u2019est rendu sur le site du projet o\u00f9 il a visit\u00e9 une plateforme de cinq hectares, devant servir de cadre pour la c\u00e9r\u00e9monie officielle de lancement du projet. Plac\u00e9 sous sa tutelle, le projet de construction du port sec de Ferkess\u00e9dougou est, selon le ministre, un projet int\u00e9grateur au sens du terme o\u00f9 il fait intervenir deux pays voisins, notamment, le Mali et le Burkina Faso. \u00ab Il est important pour la C\u00f4te d\u2019Ivoire de reconqu\u00e9rir les march\u00e9s des pays de l\u2019hinterland. Ainsi, le projet de construction du port sec permettra non seulement de tirer profit des potentialit\u00e9s \u00e9conomiques des r\u00e9gions frontali\u00e8res, mais aussi d\u2019am\u00e9liorer les recettes fiscales et douani\u00e8res de notre pays \u00bb. a-t-il indiqu\u00e9. Selon le ministre, le port sec de Ferkess\u00e9dougou sera un v\u00e9ritable p\u00f4le \u00e9conomique pour le Nord de la C\u00f4te d\u2019Ivoire. La r\u00e9alisation d\u2019un tel projet, s\u2019\u00e9tendra sur trente-six (36) mois et suscitera l\u2019implantation d\u2019entreprises exer\u00e7ant dans le domaine portuaire (manutention, transit, banques, assurances, etc\u2026..) et d\u2019entreprise industrielles en vue de favoriser la cr\u00e9ation d\u2019emplois pour lutter efficacement contre la pauvret\u00e9. \u00ab La mise en place du projet du port sec g\u00e9n\u00e9rera 71 000 emplois et fera vivre plus d\u2019un million de personnes \u00bb. a-t-il ajout\u00e9. En ce qui concerne la structuration du port sec, Abdoulaye Alliagui, coordonnateur du projet a expliqu\u00e9 que la construction du port sec se charpentera autour de trois principales composantes. \u00c0 savoir, la construction d\u2019un terminal d\u2019import et export, la r\u00e9alisation d\u2019un d\u00e9p\u00f4t d\u2019hydrocarbures et la construction d\u2019un grand march\u00e9 \u00e0 b\u00e9tail. Alassane Diamout\u00e9n\u00e9, vice-pr\u00e9sident du Conseil r\u00e9gional de la r\u00e9gion du Tchologo, a exprim\u00e9 sa gratitude au chef de l\u2019\u00c9tat, pour avoir plac\u00e9 le projet du port sec de Ferkess\u00e9dougou parmi les projets prioritaires de l\u2019\u00e9mergence de la C\u00f4te d\u2019Ivoire et dans le programme \u00e9conomique r\u00e9gional de l\u2019Uemoa. \u00ab La visite du ministre de l\u2019Int\u00e9gration Africaine et des Ivoiriens de l\u2019Ext\u00e9rieur sur le site, vient davantage rassurer les populations du Tchologo, de l\u2019effectivit\u00e9 de ce projet de grande envergure \u00bb, s\u2019est-il exprim\u00e9. Il convient de noter, que l\u2019\u00c9tat de C\u00f4te d\u2019Ivoire a sign\u00e9 un protocole d\u2019accord avec une soci\u00e9t\u00e9 chinoise pour la r\u00e9alisation des infrastructures du port sec au cours de la visite d\u2019\u00c9tat du Pr\u00e9sident Ouattara, du 24 au 04 septembre 2018 \u00e0 Beijing en Chine. Le co\u00fbt du projet est estim\u00e9 \u00e0 254 milliards de FCFA et d\u00e9butera dans le courant du mois de janvier 2021.<\/p>\n<p><strong><br \/>\nM.O avec Sercom<\/strong><\/p>\n<p>Pour acheter votre journal du jour en PDF &#8211; les archives et les num\u00e9ros r\u00e9cents, cliquer \u00a0&#8230;..<\/p>\n<p><a href=\"https:\/\/www.lintelligentdabidjan.info\/client\/produit\/n3749-4\/\">https:\/\/www.lintelligentdabidjan.info\/client\/produit\/n3749-4\/<\/a><\/p>\n","protected":false},"excerpt":{"rendered":"<p>Le ministre de l\u2019Int\u00e9gration Africaine et des Ivoiriens de l\u2019Ext\u00e9rieur, Albert Flind\u00e9, a effectu\u00e9 le 21 d\u00e9cembre 2020 une visite du site du projet de construction du port sec de Ferkess\u00e9dougou, dans le cadre des pr\u00e9paratifs du lancement d\u2019un projet historique inscrit dans le programme du pr\u00e9sident de la R\u00e9publique. Durant son s\u00e9jour dans la [&hellip;]<\/p>\n","protected":false},"author":3,"featured_media":24600,"comment_status":"closed","ping_status":"closed","sticky":false,"template":"","format":"standard","meta":{"_monsterinsights_skip_tracking":false,"_monsterinsights_sitenote_active":false,"_monsterinsights_sitenote_note":"","_monsterinsights_sitenote_category":0,"footnotes":""},"categories":[2,18,3],"tags":[],"class_list":["post-24599","post","type-post","status-publish","format-standard","has-post-thumbnail","hentry","category-featured","category-economie","category-societe"],"_links":{"self":[{"href":"https:\/\/www.lintelligentdabidjan.info\/news\/wp-json\/wp\/v2\/posts\/24599","targetHints":{"allow":["GET"]}}],"collection":[{"href":"https:\/\/www.lintelligentdabidjan.info\/news\/wp-json\/wp\/v2\/posts"}],"about":[{"href":"https:\/\/www.lintelligentdabidjan.info\/news\/wp-json\/wp\/v2\/types\/post"}],"author":[{"embeddable":true,"href":"https:\/\/www.lintelligentdabidjan.info\/news\/wp-json\/wp\/v2\/users\/3"}],"replies":[{"embeddable":true,"href":"https:\/\/www.lintelligentdabidjan.info\/news\/wp-json\/wp\/v2\/comments?post=24599"}],"version-history":[{"count":1,"href":"https:\/\/www.lintelligentdabidjan.info\/news\/wp-json\/wp\/v2\/posts\/24599\/revisions"}],"predecessor-version":[{"id":24601,"href":"https:\/\/www.lintelligentdabidjan.info\/news\/wp-json\/wp\/v2\/posts\/24599\/revisions\/24601"}],"wp:featuredmedia":[{"embeddable":true,"href":"https:\/\/www.lintelligentdabidjan.info\/news\/wp-json\/wp\/v2\/media\/24600"}],"wp:attachment":[{"href":"https:\/\/www.lintelligentdabidjan.info\/news\/wp-json\/wp\/v2\/media?parent=24599"}],"wp:term":[{"taxonomy":"category","embeddable":true,"href":"https:\/\/www.lintelligentdabidjan.info\/news\/wp-json\/wp\/v2\/categories?post=24599"},{"taxonomy":"post_tag","embeddable":true,"href":"https:\/\/www.lintelligentdabidjan.info\/news\/wp-json\/wp\/v2\/tags?post=24599"}],"curies":[{"name":"wp","href":"https:\/\/api.w.org\/{rel}","templated":true}]}}