{"id":24602,"date":"2020-12-24T19:57:19","date_gmt":"2020-12-24T18:57:19","guid":{"rendered":"https:\/\/www.lintelligentdabidjan.info\/news\/?p=24602"},"modified":"2021-01-16T19:33:36","modified_gmt":"2021-01-16T18:33:36","slug":"humanitaire-lassociation-dehi-sollicite-laide-du-gouvernement-ivoirien","status":"publish","type":"post","link":"https:\/\/www.lintelligentdabidjan.info\/news\/humanitaire-lassociation-dehi-sollicite-laide-du-gouvernement-ivoirien\/","title":{"rendered":"Humanitaire : L&#8217;association Dehi  sollicite l\u2019aide du  gouvernement ivoirien"},"content":{"rendered":"<p><em><strong>L&#8217;association internationale Dehi ( d\u00e9veloppement \u00e9conomique humanitaire international) qui a son si\u00e8ge en France a b\u00e9n\u00e9fici\u00e9 dans le cadre de ses activit\u00e9s humanitaires du soutien des autorit\u00e9s Fran\u00e7aises. <\/strong><\/em><\/p>\n<p>Sa pr\u00e9sidente Madame Sabine Seha souhaite un appui du gouvernement ivoirien pour intensifier ses actions.<\/p>\n<p>Cr\u00e9\u00e9e depuis 2012, L\u2019association Dehi intervient dans les secteurs de la s\u00e9curit\u00e9 alimentaire et l&#8217;\u00e9ducation. Elle a pour objectif entre autres d&#8217;aider les enfants d\u00e9munis \u00e0 acqu\u00e9rir le strict minimum vital, de lutter contre la non scolarisation des enfants, surtout des petites filles de 6 \u00e0 18 ans, d&#8217;apporter assistance aux veuves et aux femmes abandonn\u00e9es avec des enfants \u00e0 charge comme corollaires de la guerre, de cr\u00e9er des coop\u00e9ratives agricoles et de promouvoir la culture africaine en Europe.<\/p>\n<p>Dans le cadre de ses activit\u00e9s, un arbre de No\u00ebl a \u00e9t\u00e9 organis\u00e9 dans ce mois de d\u00e9cembre 2020 pour la 6\u00e8me fois en France au profit des enfants d\u00e9favoris\u00e9s.<\/p>\n<p>En outre, elle a \u00e9t\u00e9 distingu\u00e9e par le minist\u00e8re fran\u00e7ais des Affaires \u00c9trang\u00e8res le vendredi 18 d\u00e9cembre 2020. Cette distinction est la suite de son projet de ma\u00efs dans la r\u00e9gion du Guemon (village Soakp\u00e9) pour l&#8217;autonomisation des femmes. &#8220;L\u2019association Dehi a toujours aid\u00e9 \u00e0 l\u2019autonomisation des villageois et plus particuli\u00e8rement les femmes dans diff\u00e9rents secteur de la vie ( sant\u00e9, agriculture, \u00e9ducation, commerce\u2026). Par le biais de la mise en place de projet d\u2019agriculture, face \u00e0 l\u2019ampleur de besoin, l\u2019association a du r\u00e9pondre \u00e0 l\u2019appel \u00e0 projet du PRA\/OSIM&#8221; explique Sabine Seha.<\/p>\n<p>Elle a ajout\u00e9 : &#8220;C\u2019est pourquoi apr\u00e8s avoir consult\u00e9 la population du village ainsi que les autorit\u00e9s (chef du village, maire etc.) dans l\u2019optique de diversifier les sources de revenus, nous avons d\u00e9cid\u00e9 de r\u00e9pondre \u00e0 l\u2019appel \u00e0 projet du PRA\/OSIM avec cette fois-ci un projet d\u2019un an d\u2019appui \u00e0 l\u2019autonomisation des femmes et des jeunes par la mise en place d\u2019une coop\u00e9rative agricole autour de la culture du ma\u00efs dans le village&#8221;.<\/p>\n<p>Au sujet des objectifs sur le choix de cette sp\u00e9culation au centre de ce regroupement coop\u00e9ratif agricole, elle a dit:<\/p>\n<p>&#8220;En mettant en place cette coop\u00e9rative nous voulons aussi sensibiliser et former les populations rurales sur la n\u00e9cessit\u00e9 de la vie associative, la n\u00e9cessit\u00e9 de travailler ensemble pour trouver des solutions p\u00e9rennes contre la pr\u00e9carit\u00e9. Il s\u2019agit aussi d\u2019\u0153uvrer pour l\u2019autonomisation des femmes et des jeunes, leur donner de nouveaux moyens techniques pour une meilleure production.<\/p>\n<p>Gr\u00e2ce \u00e0 cette aide re\u00e7ue via l\u2019appel \u00e0 projet du PRAO\/SIM nous pourrons mettre tout cela en place avec les partenaires que nous avons mobilis\u00e9s (le Cercle de r\u00e9flexion et d\u2019Action pour le D\u00e9veloppement (CIRADE), la F\u00e9d\u00e9ration des mai\u0308siculteurs de C\u00f4te d\u2019Ivoire (FEMACI), le chef du village et maire de FACOBLY etc).<\/p>\n<p>Mais cette aide de 15 000 euros reste malgr\u00e9 tout insuffisante (puisque pour r\u00e9aliser le projet il nous faut encore 10 000 euros \u00e0 trouver) et nous sommes \u00e0 la recherche aujourd\u2019hui d\u2019autres partenaires notamment \u00e9tatiques afin de mener \u00e0 bien le projet&#8221;.<\/p>\n<p>Sabine Seha dans cette optique de recherche d&#8217;appui a souhait\u00e9 un appui du gouvernement ivoirien. &#8220;En effet, nous avons re\u00e7u certes une aide des autorit\u00e9s fran\u00e7aises mais nous aurions aim\u00e9 aussi en avoir du c\u00f4t\u00e9 de la C\u00f4te d\u2019Ivoire. Durant la constitution du dossier pour le PRA\/OSIM qui comportait une recherche de partenariat, nous avons eu beaucoup de difficult\u00e9s \u00e0 joindre le minist\u00e8re de l\u2019agriculture ainsi que le secr\u00e9tariat \u00e0 l\u2019autonomisation de la femme. Or leur support ne serait-ce que symbolique compte vraiment pour nous. Nous ne pouvons mener un projet de cette envergure sans l\u2019aval et le soutien du gouvernement ivoirien&#8221;.<\/p>\n<p>Le PRA\/OSIM, est un Programme d\u2019Appui aux projets des Organisations de Solidarit\u00e9 Internationale issues de l\u2019Immigration. C&#8217;est un dispositif national d\u2019accompagnement, de cofinancement, de capitalisation et de valorisation des projets de d\u00e9veloppement local port\u00e9s par les OSIM. Le dispositif existe depuis 2003. Il est g\u00e9r\u00e9 par le Forum des Organisations de Solidarit\u00e9 Internationale issues des Migrations [FORIM], et a \u00e9t\u00e9 principalement financ\u00e9 par le Minist\u00e8re des Affaires \u00e9trang\u00e8res et du D\u00e9veloppement internationale [MAEDI] jusqu\u2019au 2015 et \u00e0 partir de 2016 est financ\u00e9 par l\u2019Agence Fran\u00e7aise de D\u00e9veloppement (AFD).<\/p>\n<p><strong><br \/>\nErnest F<\/strong><\/p>\n<p>Pour acheter votre journal du jour en PDF &#8211; les archives et les num\u00e9ros r\u00e9cents, cliquer \u00a0&#8230;..<\/p>\n<p><a href=\"https:\/\/www.lintelligentdabidjan.info\/client\/produit\/n3749-4\/\">https:\/\/www.lintelligentdabidjan.info\/client\/produit\/n3749-4\/<\/a><\/p>\n","protected":false},"excerpt":{"rendered":"<p>L&#8217;association internationale Dehi ( d\u00e9veloppement \u00e9conomique humanitaire international) qui a son si\u00e8ge en France a b\u00e9n\u00e9fici\u00e9 dans le cadre de ses activit\u00e9s humanitaires du soutien des autorit\u00e9s Fran\u00e7aises. Sa pr\u00e9sidente Madame Sabine Seha souhaite un appui du gouvernement ivoirien pour intensifier ses actions. Cr\u00e9\u00e9e depuis 2012, L\u2019association Dehi intervient dans les secteurs de la s\u00e9curit\u00e9 [&hellip;]<\/p>\n","protected":false},"author":3,"featured_media":24603,"comment_status":"closed","ping_status":"closed","sticky":false,"template":"","format":"standard","meta":{"_monsterinsights_skip_tracking":false,"_monsterinsights_sitenote_active":false,"_monsterinsights_sitenote_note":"","_monsterinsights_sitenote_category":0,"footnotes":""},"categories":[2,3],"tags":[],"class_list":["post-24602","post","type-post","status-publish","format-standard","has-post-thumbnail","hentry","category-featured","category-societe"],"_links":{"self":[{"href":"https:\/\/www.lintelligentdabidjan.info\/news\/wp-json\/wp\/v2\/posts\/24602","targetHints":{"allow":["GET"]}}],"collection":[{"href":"https:\/\/www.lintelligentdabidjan.info\/news\/wp-json\/wp\/v2\/posts"}],"about":[{"href":"https:\/\/www.lintelligentdabidjan.info\/news\/wp-json\/wp\/v2\/types\/post"}],"author":[{"embeddable":true,"href":"https:\/\/www.lintelligentdabidjan.info\/news\/wp-json\/wp\/v2\/users\/3"}],"replies":[{"embeddable":true,"href":"https:\/\/www.lintelligentdabidjan.info\/news\/wp-json\/wp\/v2\/comments?post=24602"}],"version-history":[{"count":3,"href":"https:\/\/www.lintelligentdabidjan.info\/news\/wp-json\/wp\/v2\/posts\/24602\/revisions"}],"predecessor-version":[{"id":24857,"href":"https:\/\/www.lintelligentdabidjan.info\/news\/wp-json\/wp\/v2\/posts\/24602\/revisions\/24857"}],"wp:featuredmedia":[{"embeddable":true,"href":"https:\/\/www.lintelligentdabidjan.info\/news\/wp-json\/wp\/v2\/media\/24603"}],"wp:attachment":[{"href":"https:\/\/www.lintelligentdabidjan.info\/news\/wp-json\/wp\/v2\/media?parent=24602"}],"wp:term":[{"taxonomy":"category","embeddable":true,"href":"https:\/\/www.lintelligentdabidjan.info\/news\/wp-json\/wp\/v2\/categories?post=24602"},{"taxonomy":"post_tag","embeddable":true,"href":"https:\/\/www.lintelligentdabidjan.info\/news\/wp-json\/wp\/v2\/tags?post=24602"}],"curies":[{"name":"wp","href":"https:\/\/api.w.org\/{rel}","templated":true}]}}