{"id":24617,"date":"2020-12-25T00:05:36","date_gmt":"2020-12-24T23:05:36","guid":{"rendered":"https:\/\/www.lintelligentdabidjan.info\/news\/?p=24617"},"modified":"2020-12-25T00:06:06","modified_gmt":"2020-12-24T23:06:06","slug":"test-covid-19-cote-divoire-un-voyageur-arrive-jeudi-24-decembre-2020-a-new-york-dabidjan-raconte-sa-galere","status":"publish","type":"post","link":"https:\/\/www.lintelligentdabidjan.info\/news\/test-covid-19-cote-divoire-un-voyageur-arrive-jeudi-24-decembre-2020-a-new-york-dabidjan-raconte-sa-galere\/","title":{"rendered":"Test Covid 19 C\u00f4te d\u2019Ivoire: un voyageur arriv\u00e9 jeudi 24 d\u00e9cembre 2020 \u00e0 New-York d\u2019Abidjan raconte sa gal\u00e8re"},"content":{"rendered":"<p><em><strong>Parti d\u2019Abidjan le mercredi 23 d\u00e9cembre 2020 par le vol Air France du jour , un r\u00e9sident am\u00e9ricain d\u2019origine africaine a t\u00e9moign\u00e9 sur le sort r\u00e9serv\u00e9 \u00e0 son test Covid-19 qu\u2019il a pourtant mis un parcours de combattant \u00e0 obtenir , quelques heures seulement avant son d\u00e9part de la capitale \u00e9conomique ivoirienne Abidjan.<\/strong><\/em><\/p>\n<p>\u00ab Je viens d\u2019arriver tr\u00e8s tr\u00e8s fatigu\u00e9 \u00e0 New York . Je suis arriv\u00e9 sain et sauf, mais je suis tr\u00e8s tr\u00e8s fatigu\u00e9 avec toute une journ\u00e9e \u00e0 courir \u00e0 gauche et \u00e0 droite pour avoir le r\u00e9sultat du Covid 19, le jour m\u00eame de mon d\u00e9part.<\/p>\n<p>Ayant fait mon test lundi 21 d\u00e9cembre 2020, on m\u2019a donn\u00e9 rendez-vous pour retirer le r\u00e9sultat pour le mercredi 23 d\u00e9cembre 2020, \u00e0 8:00. Et l\u00e0 j\u2019ai pass\u00e9 une journ\u00e9e gal\u00e8re mercredi 23 d\u00e9cembre 2020 \u00e0 Abidjan pour \u00e7a, de 8h \u00e0<br \/>\n14h. Presque toute la journ\u00e9e entre Treichville et \u00e0 l\u2019Institut pasteur, au Chu de Cocody !<\/p>\n<p>Beaucoup de voyageurs n\u2019ayant pas recu le resultat du test Covid 19 effectu\u00e9 dans les diff\u00e9rents centres de pr\u00e9l\u00e8vements ont \u00e9t\u00e9 invit\u00e9s \u00e0 se diriger \u00e0 l\u2019Institut Pasteur.<\/p>\n<p>Il y\u2019avait pr\u00e8s de 60 personnes dans ce cas. Ces personnes ont \u00e9t\u00e9 oblig\u00e9es de faire de nouveaux tests pour puisque les r\u00e9sultats n\u2019\u00e9taient pas visibles ni disponibles.<\/p>\n<p>Il faut vraiment que les autorit\u00e9s revoient leur syst\u00e8me de test du Covid 19 !<\/p>\n<p>\u00c0 Abidjan, \u00e0 l\u2019a\u00e9roport, on ne nous a pas demand\u00e9 le test Covid 19.<\/p>\n<p>\u00c0 Paris, on ne nous a pas demand\u00e9 le test Covid 19, alors que m\u00eame si nous \u00e9tions en transit nous sommes quand m\u00eame sortis de l\u2019avion. On nous a juste fait remplir une fiche dans l\u2019avion.<\/p>\n<p>\u00c0 New York, quand tu leur montres ton test , ils ne regardent m\u00eame pas. Ils ont donn\u00e9 juste une fiche \u00e0 remplir pour dire d\u2019aller faire un test d\u2019ici quatre jours .<\/p>\n<p>Le test de Covid 19 , j\u2019ai eu l\u2019impression de l\u2019avoir fait pour rien \u00e0 Abidjan, et surtout de l\u2019avoir fait uniquement pour moi !<\/p>\n<p>On ne nous a m\u00eame pas demand\u00e9 l\u2019attestation pour v\u00e9rifier quoi que ce soit durant tout le d\u00e9part , d\u2019Abidjan \u00e0 New-York via Paris ! \u00bb, a t\u00e9moign\u00e9 Marius ( un nom d\u2019emprunt ), au lendemain d\u2019une alerte faisant \u00e9tat du rejet des attestations Covid 19 \u00e9manant de la C\u00f4te d\u2019Ivoire.<\/p>\n<p><strong><br \/>\nCharles Kouassi<\/strong><\/p>\n<p>Pour acheter votre journal du jour en PDF &#8211; les archives et les num\u00e9ros r\u00e9cents, cliquer \u00a0&#8230;..<\/p>\n<p><a href=\"https:\/\/www.lintelligentdabidjan.info\/client\/produit\/n3749-4\/\">https:\/\/www.lintelligentdabidjan.info\/client\/produit\/n3749-4\/<\/a><\/p>\n","protected":false},"excerpt":{"rendered":"<p>Parti d\u2019Abidjan le mercredi 23 d\u00e9cembre 2020 par le vol Air France du jour , un r\u00e9sident am\u00e9ricain d\u2019origine africaine a t\u00e9moign\u00e9 sur le sort r\u00e9serv\u00e9 \u00e0 son test Covid-19 qu\u2019il a pourtant mis un parcours de combattant \u00e0 obtenir , quelques heures seulement avant son d\u00e9part de la capitale \u00e9conomique ivoirienne Abidjan. \u00ab Je [&hellip;]<\/p>\n","protected":false},"author":3,"featured_media":24618,"comment_status":"closed","ping_status":"closed","sticky":false,"template":"","format":"standard","meta":{"_monsterinsights_skip_tracking":false,"_monsterinsights_sitenote_active":false,"_monsterinsights_sitenote_note":"","_monsterinsights_sitenote_category":0,"footnotes":""},"categories":[2,3],"tags":[77,867,865,866],"class_list":["post-24617","post","type-post","status-publish","format-standard","has-post-thumbnail","hentry","category-featured","category-societe","tag-cote-divoire","tag-new-york-dabidjan","tag-test-covid-19","tag-voyageur"],"_links":{"self":[{"href":"https:\/\/www.lintelligentdabidjan.info\/news\/wp-json\/wp\/v2\/posts\/24617","targetHints":{"allow":["GET"]}}],"collection":[{"href":"https:\/\/www.lintelligentdabidjan.info\/news\/wp-json\/wp\/v2\/posts"}],"about":[{"href":"https:\/\/www.lintelligentdabidjan.info\/news\/wp-json\/wp\/v2\/types\/post"}],"author":[{"embeddable":true,"href":"https:\/\/www.lintelligentdabidjan.info\/news\/wp-json\/wp\/v2\/users\/3"}],"replies":[{"embeddable":true,"href":"https:\/\/www.lintelligentdabidjan.info\/news\/wp-json\/wp\/v2\/comments?post=24617"}],"version-history":[{"count":1,"href":"https:\/\/www.lintelligentdabidjan.info\/news\/wp-json\/wp\/v2\/posts\/24617\/revisions"}],"predecessor-version":[{"id":24619,"href":"https:\/\/www.lintelligentdabidjan.info\/news\/wp-json\/wp\/v2\/posts\/24617\/revisions\/24619"}],"wp:featuredmedia":[{"embeddable":true,"href":"https:\/\/www.lintelligentdabidjan.info\/news\/wp-json\/wp\/v2\/media\/24618"}],"wp:attachment":[{"href":"https:\/\/www.lintelligentdabidjan.info\/news\/wp-json\/wp\/v2\/media?parent=24617"}],"wp:term":[{"taxonomy":"category","embeddable":true,"href":"https:\/\/www.lintelligentdabidjan.info\/news\/wp-json\/wp\/v2\/categories?post=24617"},{"taxonomy":"post_tag","embeddable":true,"href":"https:\/\/www.lintelligentdabidjan.info\/news\/wp-json\/wp\/v2\/tags?post=24617"}],"curies":[{"name":"wp","href":"https:\/\/api.w.org\/{rel}","templated":true}]}}