{"id":24620,"date":"2020-12-25T00:16:23","date_gmt":"2020-12-24T23:16:23","guid":{"rendered":"https:\/\/www.lintelligentdabidjan.info\/news\/?p=24620"},"modified":"2020-12-25T00:45:43","modified_gmt":"2020-12-24T23:45:43","slug":"cote-divoire-la-fif-prete-pour-la-bataille-au-tas-contre-la-normalisation-fifaetiasse","status":"publish","type":"post","link":"https:\/\/www.lintelligentdabidjan.info\/news\/cote-divoire-la-fif-prete-pour-la-bataille-au-tas-contre-la-normalisation-fifaetiasse\/","title":{"rendered":"C\u00f4te d\u2019Ivoire : la FIF pr\u00eate pour la bataille au TAS contre la normalisation FIFA(Etiass\u00e9)"},"content":{"rendered":"<p><em><strong>La mise en place par la FIFA d&#8217;un comit\u00e9 de normalisation pour g\u00e9rer la F\u00e9d\u00e9ration Ivoirienne de Football, et reprendre le processus \u00e9lectoral n&#8217;est pas accept\u00e9e par l&#8217;instance fa\u00eeti\u00e8re du football ivoirien. <\/strong><\/em><\/p>\n<p>\u00ab Nous avons d\u00e9cid\u00e9 de saisir le TAS. Nous estimons que rien ne tient. Le TAS va trancher \u00bb, a d\u00e9clar\u00e9 Sam Etiass\u00e9, directeur ex\u00e9cutif de la FIF joint au t\u00e9l\u00e9phone jeudi 24 d\u00e9cembre 2020, \u00e0 l\u2019issue d\u2019une r\u00e9union du comit\u00e9 ex\u00e9cutif .<\/p>\n<p>Dans la gestion du processus \u00e9lectoral, la maison de verre avait toujours mis en avant le respect de ses textes et de ceux de la FIFA.<\/p>\n<p><strong><br \/>\nAnge K<\/strong><\/p>\n<p>Pour acheter votre journal du jour en PDF &#8211; les archives et les num\u00e9ros r\u00e9cents, cliquer \u00a0&#8230;..<\/p>\n<p><a href=\"https:\/\/www.lintelligentdabidjan.info\/client\/produit\/n3749-4\/\">https:\/\/www.lintelligentdabidjan.info\/client\/produit\/n3749-4\/<\/a><\/p>\n","protected":false},"excerpt":{"rendered":"<p>La mise en place par la FIFA d&#8217;un comit\u00e9 de normalisation pour g\u00e9rer la F\u00e9d\u00e9ration Ivoirienne de Football, et reprendre le processus \u00e9lectoral n&#8217;est pas accept\u00e9e par l&#8217;instance fa\u00eeti\u00e8re du football ivoirien. \u00ab Nous avons d\u00e9cid\u00e9 de saisir le TAS. Nous estimons que rien ne tient. Le TAS va trancher \u00bb, a d\u00e9clar\u00e9 Sam Etiass\u00e9, [&hellip;]<\/p>\n","protected":false},"author":3,"featured_media":24621,"comment_status":"closed","ping_status":"closed","sticky":false,"template":"","format":"standard","meta":{"footnotes":""},"categories":[2,23],"tags":[343,818,825],"class_list":["post-24620","post","type-post","status-publish","format-standard","has-post-thumbnail","hentry","category-featured","category-sport","tag-fif","tag-fifa","tag-tas"],"_links":{"self":[{"href":"https:\/\/www.lintelligentdabidjan.info\/news\/wp-json\/wp\/v2\/posts\/24620","targetHints":{"allow":["GET"]}}],"collection":[{"href":"https:\/\/www.lintelligentdabidjan.info\/news\/wp-json\/wp\/v2\/posts"}],"about":[{"href":"https:\/\/www.lintelligentdabidjan.info\/news\/wp-json\/wp\/v2\/types\/post"}],"author":[{"embeddable":true,"href":"https:\/\/www.lintelligentdabidjan.info\/news\/wp-json\/wp\/v2\/users\/3"}],"replies":[{"embeddable":true,"href":"https:\/\/www.lintelligentdabidjan.info\/news\/wp-json\/wp\/v2\/comments?post=24620"}],"version-history":[{"count":1,"href":"https:\/\/www.lintelligentdabidjan.info\/news\/wp-json\/wp\/v2\/posts\/24620\/revisions"}],"predecessor-version":[{"id":24622,"href":"https:\/\/www.lintelligentdabidjan.info\/news\/wp-json\/wp\/v2\/posts\/24620\/revisions\/24622"}],"wp:featuredmedia":[{"embeddable":true,"href":"https:\/\/www.lintelligentdabidjan.info\/news\/wp-json\/wp\/v2\/media\/24621"}],"wp:attachment":[{"href":"https:\/\/www.lintelligentdabidjan.info\/news\/wp-json\/wp\/v2\/media?parent=24620"}],"wp:term":[{"taxonomy":"category","embeddable":true,"href":"https:\/\/www.lintelligentdabidjan.info\/news\/wp-json\/wp\/v2\/categories?post=24620"},{"taxonomy":"post_tag","embeddable":true,"href":"https:\/\/www.lintelligentdabidjan.info\/news\/wp-json\/wp\/v2\/tags?post=24620"}],"curies":[{"name":"wp","href":"https:\/\/api.w.org\/{rel}","templated":true}]}}