{"id":24627,"date":"2020-12-26T00:40:55","date_gmt":"2020-12-25T23:40:55","guid":{"rendered":"https:\/\/www.lintelligentdabidjan.info\/news\/?p=24627"},"modified":"2020-12-26T00:57:51","modified_gmt":"2020-12-25T23:57:51","slug":"cote-divoire-7-journalistes-distingues-par-luniversite-alassane-ouattara-de-bouake","status":"publish","type":"post","link":"https:\/\/www.lintelligentdabidjan.info\/news\/cote-divoire-7-journalistes-distingues-par-luniversite-alassane-ouattara-de-bouake\/","title":{"rendered":"C\u00f4te d\u2019Ivoire : 7 journalistes distingu\u00e9s par l\u2019Universit\u00e9 Alassane Ouattara de Bouak\u00e9"},"content":{"rendered":"<p><em><strong>Pour leur contribution \u00e0 travers des productions relatives \u00e0 la pr\u00e9servation de l&#8217;image de l&#8217;universit\u00e9 Alassane Ouattara (UAO), 7 journaliste de la presse \u00e9crite, audiovisuelle et en ligne ont \u00e9t\u00e9 prim\u00e9s \u00e0 Bouak\u00e9 le mercredi 23 d\u00e9cembre 2020 \u00e0 la Chaire Unesco de Bio\u00e9thique au Campus 2 de l\u2019\u00e9tablissement universitaire.<\/strong><\/em><\/p>\n<p>Ces hommes de m\u00e9dias ont re\u00e7u leur dipl\u00f4me d&#8217;honneur (parchemin) au cours d&#8217;une c\u00e9r\u00e9monie de remise du Prix de la meilleure visibilit\u00e9 de l&#8217;universit\u00e9 Alassane Ouattara dans la presse \u00e9dition 2020, apr\u00e8s la cr\u00e9ation du prix en 2016.<\/p>\n<p>Selon Professeur Marcelin Lazare Poam\u00e9, pr\u00e9sident de l&#8217;UAO, cette r\u00e9compense aux journalistes est le fruit de leurs productions visant la promotion et la pr\u00e9servation de l&#8217;image de marque de l&#8217;institution acad\u00e9mique. Chaque laur\u00e9at, est reparti avec une enveloppe , un ordinateur, un dipl\u00f4me d&#8217;honneur, un parchemin et des ouvrages scientifiques sur le maintien de la paix. Les laur\u00e9ats ont \u00e9t\u00e9 s\u00e9lectionn\u00e9s par un jury d&#8217;experts dans le domaine du journalisme et du d\u00e9veloppement, sur la base d&#8217;une pr\u00e9s\u00e9lection effectu\u00e9e par le service de la communication de l&#8217;UAO. Dans la cat\u00e9gorie de la presse \u00e9crite, Assal\u00e9 Ti\u00e9moko(\u00c9l\u00e9phant d\u00e9cha\u00een\u00e9) et Emmanuel Kouassi (Fraternit\u00e9 Matin) ont \u00e9t\u00e9 les supers laur\u00e9ats. En presse en ligne, Alexis Gbans\u00e9 (connectionivoirienne) et Robert Kra (Abidjan.net)ont \u00e9t\u00e9 les laur\u00e9ats. Brahima Doumbia(Rti) et Thomas Guessan Bi (Idt) ont \u00e9t\u00e9 prim\u00e9s dans la cat\u00e9gorie audiovisuelle. Parfait Kouassi du Fonds de soutien et d\u00e9veloppement de la presse (Fsdp) a \u00e9galement \u00e9t\u00e9 r\u00e9compens\u00e9.<\/p>\n<p>Au nom du parrain de cette c\u00e9r\u00e9monie, Adama Diawara, ministre de l&#8217;Enseignement Sup\u00e9rieur et de la Recherche Scientifique , le Professeur M\u00e9k\u00e9 Me\u00eft\u00e9, a f\u00e9licit\u00e9 les laur\u00e9ats. Il a indiqu\u00e9 que les journalistes ont un grand r\u00f4le \u00e0 jouer dans l&#8217;av\u00e8nement de l&#8217;Ivoirien nouveau pour peu qu&#8217;ils s&#8217;efforcent de travailler dans le respect des r\u00e8gles qui d\u00e9finissent leur m\u00e9tier.<\/p>\n<p>Au nom des r\u00e9cipiendaires, Thomas Guessan Bi a remerci\u00e9 les initiateurs de prix de la meilleure visibilit\u00e9 de l&#8217;universit\u00e9 Alassane Ouattara dans la presse. Ils ont rassur\u00e9 les responsables de l&#8217;UAO que la presse sera toujours un partenaire de cette universit\u00e9.<\/p>\n<p><strong><br \/>\nAboubacar Al Syddick \u00e0 Bouak\u00e9.<\/strong><\/p>\n<p>Pour acheter votre journal du jour en PDF &#8211; les archives et les num\u00e9ros r\u00e9cents, cliquer \u00a0&#8230;..<\/p>\n<p><a href=\"https:\/\/www.lintelligentdabidjan.info\/client\/produit\/n3749-4\/\">https:\/\/www.lintelligentdabidjan.info\/client\/produit\/n3749-4\/<\/a><\/p>\n","protected":false},"excerpt":{"rendered":"<p>Pour leur contribution \u00e0 travers des productions relatives \u00e0 la pr\u00e9servation de l&#8217;image de l&#8217;universit\u00e9 Alassane Ouattara (UAO), 7 journaliste de la presse \u00e9crite, audiovisuelle et en ligne ont \u00e9t\u00e9 prim\u00e9s \u00e0 Bouak\u00e9 le mercredi 23 d\u00e9cembre 2020 \u00e0 la Chaire Unesco de Bio\u00e9thique au Campus 2 de l\u2019\u00e9tablissement universitaire. Ces hommes de m\u00e9dias ont [&hellip;]<\/p>\n","protected":false},"author":3,"featured_media":24628,"comment_status":"closed","ping_status":"closed","sticky":false,"template":"","format":"standard","meta":{"_monsterinsights_skip_tracking":false,"_monsterinsights_sitenote_active":false,"_monsterinsights_sitenote_note":"","_monsterinsights_sitenote_category":0,"footnotes":""},"categories":[2,3],"tags":[],"class_list":["post-24627","post","type-post","status-publish","format-standard","has-post-thumbnail","hentry","category-featured","category-societe"],"_links":{"self":[{"href":"https:\/\/www.lintelligentdabidjan.info\/news\/wp-json\/wp\/v2\/posts\/24627","targetHints":{"allow":["GET"]}}],"collection":[{"href":"https:\/\/www.lintelligentdabidjan.info\/news\/wp-json\/wp\/v2\/posts"}],"about":[{"href":"https:\/\/www.lintelligentdabidjan.info\/news\/wp-json\/wp\/v2\/types\/post"}],"author":[{"embeddable":true,"href":"https:\/\/www.lintelligentdabidjan.info\/news\/wp-json\/wp\/v2\/users\/3"}],"replies":[{"embeddable":true,"href":"https:\/\/www.lintelligentdabidjan.info\/news\/wp-json\/wp\/v2\/comments?post=24627"}],"version-history":[{"count":3,"href":"https:\/\/www.lintelligentdabidjan.info\/news\/wp-json\/wp\/v2\/posts\/24627\/revisions"}],"predecessor-version":[{"id":24631,"href":"https:\/\/www.lintelligentdabidjan.info\/news\/wp-json\/wp\/v2\/posts\/24627\/revisions\/24631"}],"wp:featuredmedia":[{"embeddable":true,"href":"https:\/\/www.lintelligentdabidjan.info\/news\/wp-json\/wp\/v2\/media\/24628"}],"wp:attachment":[{"href":"https:\/\/www.lintelligentdabidjan.info\/news\/wp-json\/wp\/v2\/media?parent=24627"}],"wp:term":[{"taxonomy":"category","embeddable":true,"href":"https:\/\/www.lintelligentdabidjan.info\/news\/wp-json\/wp\/v2\/categories?post=24627"},{"taxonomy":"post_tag","embeddable":true,"href":"https:\/\/www.lintelligentdabidjan.info\/news\/wp-json\/wp\/v2\/tags?post=24627"}],"curies":[{"name":"wp","href":"https:\/\/api.w.org\/{rel}","templated":true}]}}