{"id":2463,"date":"2017-01-23T15:59:28","date_gmt":"2017-01-23T14:59:28","guid":{"rendered":"http:\/\/www.lintelligentdabidjan.info\/news\/?p=2463"},"modified":"2017-01-23T15:59:28","modified_gmt":"2017-01-23T14:59:28","slug":"daloa-des-cadres-saluent-la-nomination-de-toure-mamadou","status":"publish","type":"post","link":"https:\/\/www.lintelligentdabidjan.info\/news\/daloa-des-cadres-saluent-la-nomination-de-toure-mamadou\/","title":{"rendered":"Daloa: Des cadres saluent la nomination de Tour\u00e9 Mamadou"},"content":{"rendered":"<p>Des cadres de l\u2019Enseignement technique et de la formation professionnelle de la cit\u00e9 des antilopes  avec \u00e0 leur t\u00eate le directeur r\u00e9gional de l\u2019enseignement technique et de la formation professionnelle,  Kon\u00e9 N\u2019golo Adama, ont salu\u00e9  la  nomination de Tour\u00e9 Mamadou comme Secr\u00e9taire d\u2019\u00c9tat charg\u00e9 de l\u2019Enseignement technique et de la Formation professionnelle et d\u00e9montrer  leur  reconnaissance au Pr\u00e9sident Alassane Ouattara et au Premier ministre Amadou Gon Coulibaly.<!--more--><\/p>\n<p> Selon le directeur,  Kon\u00e9 N\u2019golo Adama, il est important que les jeunes soient mieux form\u00e9s afin de r\u00e9sorber le probl\u00e8me du ch\u00f4mage. \u00ab D\u00e9sormais,  nous allons avoir une oreille attentive \u00e0 vos pr\u00e9occupations, car nous avons des ambitions pour les jeunes de cette r\u00e9gion. \u00bb s\u2019est-il r\u00e9joui.<br \/>\nSaluant les initiatives de l\u2019ancien ministre Paul Koffi Koffi pour la redynamisation de l\u2019enseignement technique et de la formation professionnelle,  le directeur a rappel\u00e9    plusieurs projets de construction d\u2019\u00e9tablissements notamment,  la construction  d\u2019un coll\u00e8ge d\u2019enseignement technique \u00e0 Issia et d\u2019un lyc\u00e9e technique professionnel \u00e0 Bribouo.  Par ailleurs,  il a souhait\u00e9 la construction de plusieurs centres de formation professionnelle afin de donner la chance \u00e0 tous les jeunes de suivre une formation qualifiante et de qualit\u00e9. En plus du manque d\u2019infrastructures, il a d\u00e9clar\u00e9 que les fili\u00e8res sont insuffisantes,  c\u2019est pourquoi,  dira-t-il, il faut aller au-del\u00e0 des fili\u00e8res classiques  en introduisant des fili\u00e8res industrielles  avant de rench\u00e9rir que \u00ab ces fili\u00e8res industrielles permettront aux apprenants, une fois form\u00e9s,  de s&#8217;attaquer avec s\u00e9r\u00e9nit\u00e9 au monde de l\u2019emploi et ainsi  contribuer \u00e0 r\u00e9duire consid\u00e9rablement le ch\u00f4mage des jeunes. \u00bb<br \/>\nPour le directeur du centre de formation professionnelle de Daloa, Coulibaly Lacina, Daloa est pauvre en formation professionnelle. \u00ab Nous disposons de 4 fili\u00e8res industrielles \u00e0 savoir la ma\u00e7onnerie, la menuiserie, la construction m\u00e9tallique et l\u2019\u00e9lectricit\u00e9 d\u2019\u00e9quipement (\u2026)  Nous travaillons avec des \u00e9quipements assez vieux qui datent des ann\u00e9es ind\u00e9pendantes \u00bb a-t-il d\u00e9plor\u00e9.<br \/>\nPar ailleurs,  il a annonc\u00e9 que plusieurs chantiers de r\u00e9habilitation des \u00e9coles de formation professionnelle  sont en cours,  rappelant  que son centre a \u00e9t\u00e9 retenu pour b\u00e9n\u00e9ficier de cette  r\u00e9habilitation, D\u2019o\u00f9 son soutien au secr\u00e9taire d\u2019\u00c9tat : \u00ab nous prions le bon Dieu afin qu\u2019il donne la force au secr\u00e9taire d\u2019\u00c9tat charg\u00e9 de l\u2019enseignement technique et de la formation professionnelle,  Tour\u00e9 Mamadou, pour  qu\u2019il  conduise ces chantiers \u00e0 leur terme \u00bb.<br \/>\nKouadio Konan J\u00e9r\u00f4me, directeur du Cbcg Daloa et Kon\u00e9 Mahamadou Fangagne, directeur du groupe CGE ont  rappel\u00e9 que cette nomination apportera de l\u2019espoir  \u00e0 la jeunesse de Daloa  afin que celle-ci    tourne d\u00e9finitivement le dos \u00e0 l\u2019immigration clandestine.<br \/>\n   BP Correspondant<\/p>\n","protected":false},"excerpt":{"rendered":"<p>Des cadres de l\u2019Enseignement technique et de la formation professionnelle de la cit\u00e9 des antilopes avec \u00e0 leur t\u00eate le directeur r\u00e9gional de l\u2019enseignement technique et de la formation professionnelle, Kon\u00e9 N\u2019golo Adama, ont salu\u00e9 la nomination de Tour\u00e9 Mamadou comme Secr\u00e9taire d\u2019\u00c9tat charg\u00e9 de l\u2019Enseignement technique et de la Formation professionnelle et d\u00e9montrer leur [&hellip;]<\/p>\n","protected":false},"author":2,"featured_media":2464,"comment_status":"closed","ping_status":"closed","sticky":false,"template":"","format":"standard","meta":{"_monsterinsights_skip_tracking":false,"_monsterinsights_sitenote_active":false,"_monsterinsights_sitenote_note":"","_monsterinsights_sitenote_category":0,"footnotes":""},"categories":[1],"tags":[],"class_list":["post-2463","post","type-post","status-publish","format-standard","has-post-thumbnail","hentry","category-actualites"],"_links":{"self":[{"href":"https:\/\/www.lintelligentdabidjan.info\/news\/wp-json\/wp\/v2\/posts\/2463","targetHints":{"allow":["GET"]}}],"collection":[{"href":"https:\/\/www.lintelligentdabidjan.info\/news\/wp-json\/wp\/v2\/posts"}],"about":[{"href":"https:\/\/www.lintelligentdabidjan.info\/news\/wp-json\/wp\/v2\/types\/post"}],"author":[{"embeddable":true,"href":"https:\/\/www.lintelligentdabidjan.info\/news\/wp-json\/wp\/v2\/users\/2"}],"replies":[{"embeddable":true,"href":"https:\/\/www.lintelligentdabidjan.info\/news\/wp-json\/wp\/v2\/comments?post=2463"}],"version-history":[{"count":1,"href":"https:\/\/www.lintelligentdabidjan.info\/news\/wp-json\/wp\/v2\/posts\/2463\/revisions"}],"predecessor-version":[{"id":2465,"href":"https:\/\/www.lintelligentdabidjan.info\/news\/wp-json\/wp\/v2\/posts\/2463\/revisions\/2465"}],"wp:featuredmedia":[{"embeddable":true,"href":"https:\/\/www.lintelligentdabidjan.info\/news\/wp-json\/wp\/v2\/media\/2464"}],"wp:attachment":[{"href":"https:\/\/www.lintelligentdabidjan.info\/news\/wp-json\/wp\/v2\/media?parent=2463"}],"wp:term":[{"taxonomy":"category","embeddable":true,"href":"https:\/\/www.lintelligentdabidjan.info\/news\/wp-json\/wp\/v2\/categories?post=2463"},{"taxonomy":"post_tag","embeddable":true,"href":"https:\/\/www.lintelligentdabidjan.info\/news\/wp-json\/wp\/v2\/tags?post=2463"}],"curies":[{"name":"wp","href":"https:\/\/api.w.org\/{rel}","templated":true}]}}