{"id":24659,"date":"2020-12-28T20:03:12","date_gmt":"2020-12-28T19:03:12","guid":{"rendered":"https:\/\/www.lintelligentdabidjan.info\/news\/?p=24659"},"modified":"2020-12-28T21:09:23","modified_gmt":"2020-12-28T20:09:23","slug":"un-special-de-lintelligent-dabidjan-disponible-le-31-decembre-2020-en-cadeau-de-fin-dannee-cote-divoire-media","status":"publish","type":"post","link":"https:\/\/www.lintelligentdabidjan.info\/news\/un-special-de-lintelligent-dabidjan-disponible-le-31-decembre-2020-en-cadeau-de-fin-dannee-cote-divoire-media\/","title":{"rendered":"Un Sp\u00e9cial de L\u2019intelligent d\u2019Abidjan disponible le 31 d\u00e9cembre 2020 en cadeau de fin d\u2019ann\u00e9e (C\u00f4te d\u2019Ivoire, m\u00e9dia)"},"content":{"rendered":"<p><em><strong>100 pages en couleurs , des images d\u2019une ann\u00e9e riche en \u00e9v\u00e9nements en C\u00f4te d\u2019Ivoire, des analyses et d\u00e9cryptages, des interviews dans un magazine venu au prix exceptionnel de 5000 Fcfa l\u2019exemplaire, voici le bijou \u00e9ditorial que propose L\u2019intelligent d\u2019Abidjan \u00e0 ses lecteurs, partenaires et annonceurs en cette fin d\u2019ann\u00e9e 2020, avec un tirage initial exceptionnel de 10 mille exemplaires. Une vraie p\u00e9pite qui peut \u00eatre offerte comme cadeau de fin d\u2019ann\u00e9e par les uns et les autres, \u00e0 leurs proches, collaborateurs, et amis en contribuant ainsi \u00e0 promouvoir la libert\u00e9 de la presse. <\/strong><\/em><br \/>\nR\u00e9alis\u00e9 par la r\u00e9daction du<br \/>\n\u00abquotidien dont vous avez r\u00eav\u00e9\u00bb avec des contributions ext\u00e9rieures avec pour titre principal \u00ab C\u2019EST PARTI POUR LE PREMIER MANDAT PR\u00c9SIDENTIEL DE LA TROISI\u00c8ME R\u00c9PUBLIQUE \u00bb, le sp\u00e9cial est compos\u00e9 de quatre grandes parties : la prestation de serment du Pr\u00e9sident de la R\u00e9publique le 14 d\u00e9cembre 2020, l\u2019hommage \u00e0 au d\u00e9funt Premier ministre Amadou Gon Coulibay, l\u2019apr\u00e8s 100 premiers jours du Premier ministre Hamed Bakayoko \u00e0 la Primature, et les perspectives de l\u2019environnement socio politicienne avec la reprise du dialogue politicienne.<\/p>\n<p>Ci-dessous le sommaire int\u00e9gral qui d\u00e9voile en exclusivit\u00e9 le contenu du sp\u00e9cial. Un num\u00e9ro exceptionnel \u00e0 ne pas manquer, en guise de cadeau inhabituel pour terminer 2020 et d\u00e9marrer 2021, tout en restant au c\u0153ur de l\u2019essentiel de l\u2019actualit\u00e9 en C\u00f4te d\u2019Ivoire.<\/p>\n<p>Vente en kiosque et en ligne \u00e0 partir du 31 d\u00e9cembre 2020 !<\/p>\n<p>R\u00e9servez d\u00e9j\u00e0 vos exemplaires !<\/p>\n<p>Contacts :<br \/>\n+225 22 45 85 25<br \/>\n+225 07 43 41 25<br \/>\ninfosintelligent@yahoo.fr<\/p>\n<p><strong>[ SOMMAIRE ] <\/strong><\/p>\n<p>9 \u00c9DITORIAL<br \/>\nAlassane Ouattara : la vision du temps long confront\u00e9e aux r\u00e9alit\u00e9s du temps court<\/p>\n<p>10-11<br \/>\nDocument &#8211; Tr\u00e9sor public de C\u00f4te d\u2019Ivoire : une administration qui inspire confiance<\/p>\n<p><strong>INVESTITURE DU PR\u00c9SIDENT DE LA R\u00c9PUBLIQUE ET RETOUR SUR LA CANDIDATURE ET LA CAMPAGNE<\/strong><\/p>\n<p><img loading=\"lazy\" decoding=\"async\" class=\"alignnone size-medium wp-image-24664\" src=\"https:\/\/www.lintelligentdabidjan.info\/news\/wp-content\/uploads\/2020\/12\/allocution-300x200.jpg\" alt=\"allocution\" width=\"300\" height=\"200\" srcset=\"https:\/\/www.lintelligentdabidjan.info\/news\/wp-content\/uploads\/2020\/12\/allocution-300x200.jpg 300w, https:\/\/www.lintelligentdabidjan.info\/news\/wp-content\/uploads\/2020\/12\/allocution-768x512.jpg 768w, https:\/\/www.lintelligentdabidjan.info\/news\/wp-content\/uploads\/2020\/12\/allocution-696x464.jpg 696w, https:\/\/www.lintelligentdabidjan.info\/news\/wp-content\/uploads\/2020\/12\/allocution-630x420.jpg 630w, https:\/\/www.lintelligentdabidjan.info\/news\/wp-content\/uploads\/2020\/12\/allocution.jpg 810w\" sizes=\"auto, (max-width: 300px) 100vw, 300px\" \/><\/p>\n<p>12<br \/>\nPrestation de serment du Pr\u00e9sident de la R\u00e9publique, lundi 14 d\u00e9cembre 2020 :<br \/>\nC\u2019est parti pour le premier mandat de la troisi\u00e8me R\u00e9publique<\/p>\n<p>13-15<br \/>\nPrestation de serment du Pr\u00e9sident de la R\u00e9publique, lundi 14 d\u00e9cembre 2020 :<br \/>\nL\u2019int\u00e9gralit\u00e9 de l\u2019allocution du Pr\u00e9sident du Conseil Constitutionnel, Mamadou Kon\u00e9<\/p>\n<p>16-19<br \/>\nAlassane Ouattara, apr\u00e8s sa prestation de serment : \u201cConstruire avec tous mes Compatriotes, sans exclusive, une C\u00f4te d\u2019Ivoire plus solidaire, pour un avenir meilleur pour tous les Ivoiriens\u201d<\/p>\n<p>20<br \/>\nPrestation de serment du Pr\u00e9sident Alassane Ouattara : Pourquoi Ouattara appelle Rock Christian Kabor\u00e9, neveu(Alpha Barry)<\/p>\n<p>-Annulation des frais Coges : Anne Ouloto salue la d\u00e9cision du Pr\u00e9sident Ouattara<\/p>\n<p>21<br \/>\nPrestation de serment du Pr\u00e9sident Alassane Ouattara : Siriki Sangar\u00e9, fier d\u2019avoir accord\u00e9 ce mandat au pr\u00e9sident Alassane Ouattara<\/p>\n<p>-R\u00e9actions de Mamadou Tour\u00e9 et Sidi Tour\u00e9<\/p>\n<p>22<br \/>\nPropos de Assahor\u00e9 Konan Jacques, DG du Tr\u00e9sor et de la Comptabilit\u00e9 Publique :<br \/>\n\u201c\u0152uvrons tous pour la paix, pr\u00e9alable au d\u00e9veloppement\u201d<\/p>\n<p>24-25<br \/>\nLe faux d\u00e9bat contre constitutionnalit\u00e9 de la <a href=\"https:\/\/www.lintelligentdabidjan.info\/news\/investiture-dalassane-ouattara-adama-bictogo-au-rhdp-cest-a-nous-jeunes-femmes-et-la-majorite-des-ivoiriens-de-porter-cette-candidature\/\" target=\"_blank\">candidature <\/a>du Pr\u00e9sident Alassane Ouattara<\/p>\n<p>26-27<br \/>\nInterview &#8211; Denis Charles Kouassi, Directeur G\u00e9n\u00e9ral de l\u2019IPS-CNPS : \u201c\u00e0 partir de 2012, la CNPS a pos\u00e9 les bases d\u2019un d\u00e9veloppement durable&#8230;\u201d<\/p>\n<p>28-29<br \/>\nEntretien Abdrahamane T. Bert\u00e9, Directeur G\u00e9n\u00e9ral de l\u2019IPS-CGRAE<br \/>\nSon regard sur la Cgrae, le nouveau mandat du Pr\u00e9sident de la R\u00e9publique Alassane Ouattara, la disparition du Premier ministre Amadou Gon Coulibaly et les premiers pas du Premier ministre Hamed Bakayoko&#8230;<\/p>\n<p>30-32<br \/>\nDe l\u2019\u00e9ligibilit\u00e9 du Pr\u00e9sident de la R\u00e9publique Alassane Ouattara<\/p>\n<p>33<br \/>\nD\u00e9cision du Pr\u00e9sident Alassane Ouattara de briguer un autre mandat : ce que Adama Bictogo, Kakou Guikahu\u00e9 et Assoa Adou ont dit sur Rfi<\/p>\n<p>34<br \/>\nD\u00e9cision du Pr\u00e9sident Alassane Ouattara de briguer un autre mandat : ce qu&#8217;en pensent Bema Fofana (Rhdp), Kamagat\u00e9 Brahima (Pdci) et D\u00e9sir\u00e9e Douati (soci\u00e9t\u00e9 civile)<\/p>\n<p>35-36<br \/>\nInterview Sidi Tiemoko Tour\u00e9, ministre de la communication et des m\u00e9dias, Porte-parole du gouvernement : \u201cChaque Ivoirien est libre d\u2019interpr\u00e9ter la constitution et il reviendra au Conseil Constitutionnel de trancher\u201d<\/p>\n<p>-Le socle des convictions<\/p>\n<p>37-38<br \/>\nAlassane Ouattara aux manifestants : \u201cCeux qui voudront s\u2019engager dans la violence, auront de mes nouvelles\u201d<\/p>\n<p>-Alassane Ouattara aux militants et sympathisants : \u201cVotre mobilisation d\u2019aujourd\u2019hui me conforte dans ma d\u00e9cision d\u2019\u00eatre votre candidat\u201d<\/p>\n<p>39<br \/>\nPr\u00e9sidentielle 2020 Apr\u00e8s le d\u00e9p\u00f4t de sa candidature \u00e0 la CEI, Alassane Ouattara :<br \/>\n\u201cNous nous soumettrons au verdict de nos concitoyens\u201d<\/p>\n<p><img loading=\"lazy\" decoding=\"async\" class=\"alignnone size-medium wp-image-24667\" src=\"https:\/\/www.lintelligentdabidjan.info\/news\/wp-content\/uploads\/2020\/12\/inves-300x200.jpg\" alt=\"inves\" width=\"300\" height=\"200\" srcset=\"https:\/\/www.lintelligentdabidjan.info\/news\/wp-content\/uploads\/2020\/12\/inves-300x200.jpg 300w, https:\/\/www.lintelligentdabidjan.info\/news\/wp-content\/uploads\/2020\/12\/inves-768x512.jpg 768w, https:\/\/www.lintelligentdabidjan.info\/news\/wp-content\/uploads\/2020\/12\/inves-696x464.jpg 696w, https:\/\/www.lintelligentdabidjan.info\/news\/wp-content\/uploads\/2020\/12\/inves-630x420.jpg 630w, https:\/\/www.lintelligentdabidjan.info\/news\/wp-content\/uploads\/2020\/12\/inves.jpg 810w\" sizes=\"auto, (max-width: 300px) 100vw, 300px\" \/><\/p>\n<p>40-41<br \/>\nREFLEXION DE CHRISTIAN GAMBOTTI :<br \/>\nVers de nouvelles orientations \u00e9conomiques et sociales<\/p>\n<p><strong>HOMMAGE AU PREMIER MINISTRE AMADOU GON COULIBALY<\/strong><\/p>\n<p>42-43<br \/>\nHommage \u00e0 l\u2019ex Premier Ministre AGC : Amadou Gon Coulibaly, H\u00e9ros National !<\/p>\n<p>44-45<br \/>\nHommage \u00e0 l\u2019ex Premier Ministre AGC : Ouattara annonce le d\u00e9c\u00e8s de son \u00abfils\u00bb Gon Coulibaly : ce que l\u2019on sait de ses derniers instants<\/p>\n<p>-Hommage au Premier ministre Amadou Gon Coulibaly<\/p>\n<p>46<br \/>\nPropos de Alassane Ouattara et Henri Konan B\u00e9di\u00e9:<\/p>\n<p>47<br \/>\nD\u00e9c\u00e9d\u00e9 mercredi 8 juillet 2020 : Qui \u00e9tait Amadou Gon Coulibaly ?<\/p>\n<p>48-49<br \/>\nDes personnalit\u00e9s et leaders d\u2019opinion r\u00e9agissent&#8230;<\/p>\n<p>50-51<br \/>\nDes partis politiques et des artistes r\u00e9agissent&#8230;<\/p>\n<p>52-54<br \/>\nHommage \u00e0 Amadou Gon Coulibaly : ce que Ouattara, Hamed Bakayoko, Adjoumani, Ouloto, Goudou&#8230; avaient dit de Amadou Gon Coulibaly<\/p>\n<p><strong>-D\u2019autres r\u00e9actions&#8230;<\/strong><\/p>\n<p><img loading=\"lazy\" decoding=\"async\" class=\"alignnone size-medium wp-image-24668\" src=\"https:\/\/www.lintelligentdabidjan.info\/news\/wp-content\/uploads\/2020\/12\/ahomo-200x300.jpg\" alt=\"ahomo\" width=\"200\" height=\"300\" srcset=\"https:\/\/www.lintelligentdabidjan.info\/news\/wp-content\/uploads\/2020\/12\/ahomo-200x300.jpg 200w, https:\/\/www.lintelligentdabidjan.info\/news\/wp-content\/uploads\/2020\/12\/ahomo-280x420.jpg 280w, https:\/\/www.lintelligentdabidjan.info\/news\/wp-content\/uploads\/2020\/12\/ahomo.jpg 526w\" sizes=\"auto, (max-width: 200px) 100vw, 200px\" \/><\/p>\n<p>55-56<br \/>\nHommages rendus de son vivant (ou \u00ab\u00e0 titre costume\u00bb) \u00e0 Amadou Gon Coulibaly : le que Amadou Soumahoro, Beugr\u00e9 Mamb\u00e9, Danho Paulin, Aka Aou\u00e9l\u00e9, Mme Ehui&#8230; avaient dit au conseil politique du 12 mars 2020<\/p>\n<p>58-59<br \/>\nP\u00e8lerinage hommage \u00e0 AGC \u00e0 Korhogo : Adama Bictogo d\u00e9voile les enjeux et les dessous<\/p>\n<p>-P\u00e8lerinage hommage \u00e0 AGC \u00e0 Korhogo :<br \/>\nAmadou Kon\u00e9 explique pourquoi les cadres, \u00e9lus et populations n\u2019ont pas touch\u00e9 sa tombe<\/p>\n<p>60<br \/>\nP\u00e8lerinage hommage \u00e0 AGC \u00e0 Korhogo &#8211; Mamadou Tour\u00e9: \u201cAmadou Gon Coulibaly a permis \u00e0 Dj\u00e9ni Kobena de cr\u00e9er le RDR\u201d<\/p>\n<p>61<br \/>\nP\u00e8lerinage \u00e0 Korhogo &#8211; Moussa Sanogo, ministre du Budget et du Portefeuille de l\u2019\u00c9tat: \u201cL\u2019un des plus grands myst\u00e8res de ma vie, c\u2019est le choix port\u00e9 sur moi sur proposition du Premier Ministre Amadou Gon Coulibaly Coulibaly\u201d<\/p>\n<p>-P\u00e8lerinage \u00e0 Korhogo : les infrastructures Can 2023 (stade, complexe de villas, cit\u00e9 d\u2019h\u00e9bergement, h\u00f4tel) baptis\u00e9es du nom de Amadou Gon Coulibaly<\/p>\n<p>62-63<br \/>\nREFLEXION DE CHRISTIAN GAMBOTTI :<br \/>\nL\u2019\u00e9cart entre le pays politique et le pays r\u00e9el : les erreurs \u00e0 ne pas commettre, ni pour Ouattara, ni pour l\u2019opposition<\/p>\n<p><strong>SUR LES TRACES DU PREMIER MINISTRE HAMED BAKAYOKO<\/strong><\/p>\n<p>64-65<br \/>\nSur les traces du Premier Ministre, Ministre de la D\u00e9fense, chef du gouvernement :<br \/>\nHamed Bakayoko, dipl\u00f4m\u00e9 de l\u2019Ecole Alassane Ouattara<\/p>\n<p>66-69<br \/>\nSur les traces du Premier Ministre, Ministre de la D\u00e9fense, chef du gouvernement :<br \/>\nles actions pos\u00e9es par Hamed Bakayoko au cours des 100 premiers pass\u00e9s \u00e0 la t\u00eate du gouvernement<\/p>\n<p>70-71<br \/>\nDanho Paulin, Ministre des Sports : \u201cLe succ\u00e8s de la p\u00e9rennit\u00e9 dans la lutte contre la covid 19, montre la r\u00e9silience de celui qui a \u00e9t\u00e9 nomm\u00e9 Premier Ministre \u00e0 la suite du Premier Ministre Amadou Gon Coulibaly\u201d<\/p>\n<p>72-73<br \/>\nMariatou Kon\u00e9 (Ministre de la Solidarit\u00e9, de la Coh\u00e9sion Sociale et de la Lutte contre la<br \/>\nPauvret\u00e9): \u201cJe voudrais saisit \u00e0 nouveau cette opportunit\u00e9 pour f\u00e9liciter le Pr\u00e9sident Alassane Ouattara pour sa brillante victoire\u2019\u2019<\/p>\n<p>74-75<br \/>\nInterview- Pascal Kouakou Abinan, ministre de l\u2019Emploi et de la Protection sociale:<br \/>\n\u201cCe que je pense des 100 premiers jours \u00e0 la Primature du premier ministre Hamed Bakayoko\u201d<\/p>\n<p>76-77<br \/>\n100 premiers jours du Premier Ministre Hamed Bakayoko &#8211; Professeur Justin Koffi, Directeur G\u00e9n\u00e9ral de l\u2019ARRE : \u201cLe Premier ministre est en voie de trouver une solution d\u00e9finitive \u00e0 la question du financement du Syst\u00e8me de R\u00e9c\u00e9piss\u00e9s d\u2019Entreposage (SRE)&#8230; \u2019\u2019<\/p>\n<p>78-79<br \/>\nAdjaratou Traor\u00e9 (D\u00e9put\u00e9 de Koumassi) :\u201cJe suis particuli\u00e8rement heureuse que le peuple ait r\u00e9it\u00e9r\u00e9 sa confiance au Pr\u00e9sident de la R\u00e9publique, Alassane Ouattara, le 31 octobre 2020\u201d<\/p>\n<p>80-91<br \/>\nSur les traces du Premier Ministre, ministre de la D\u00e9fense, chef du gouvernement Hamed Bakayoko : Des populations r\u00e9agissent \u00e0 l\u2019occasion des 100 premiers jours \u00e0 la Primature<\/p>\n<p><strong>L\u2019OPPOSITION, POLITIQUE ET ACTUALIT\u00c9<\/strong><\/p>\n<p>92-93<br \/>\nC\u00f4te d\u2019Ivoire : l\u2019opposition a-t-elle dit son dernier mot en attendant 2025?<\/p>\n<p>94<br \/>\n<a href=\"https:\/\/www.lintelligentdabidjan.info\/news\/analyse-le-president-alassane-ouattara-doit-il-choisir-son-vice-president-avant-la-prestation-de-serment-guibessongui-ndatien-severin-docteur-en-droit\/\" target=\"_blank\">Dialogue <\/a>politique en C\u00f4te d\u2019Ivoire &#8211; Le Premier ministre, Hamed Bakayoko: \u201cLe gouvernement fera tout ce qui est humainement possible pour faire avancer les choses\u201d<\/p>\n<p>-Pdci-Rda, Fpi, Eds(&#8230;) pr\u00e9sents avec le Rhdp \u00e0 la reprise du dialogue politique<\/p>\n<p>95<br \/>\nPropos des repr\u00e9sentants du PDCI, EDS et RHDP<\/p>\n<p>96<br \/>\nF\u00e9d\u00e9ration ivoirienne de Football : retour sur l\u2019h\u00e9ritage laiss\u00e9 par Augustin Sidy Diallo rappel\u00e9 \u00e0 Dieu le 21 novembre 2020<\/p>\n<p>98<br \/>\nREFLEXION DE CHRISTIAN GAMBOTTI<br \/>\nVaincre la fatalit\u00e9 des fractures ethniques : <a href=\"https:\/\/www.afrikipresse.fr\/investiture-de-ouattara-voici-les-7-engagements-du-prochain-quinquennat-cote-divoire\/\" target=\"_blank\">Ouattara<\/a> ou le r\u00eave d\u2019un destin \u00e0 la Mandela<\/p>\n<p><strong>La r\u00e9daction<\/strong><\/p>\n","protected":false},"excerpt":{"rendered":"<p>100 pages en couleurs , des images d\u2019une ann\u00e9e riche en \u00e9v\u00e9nements en C\u00f4te d\u2019Ivoire, des analyses et d\u00e9cryptages, des interviews dans un magazine venu au prix exceptionnel de 5000 Fcfa l\u2019exemplaire, voici le bijou \u00e9ditorial que propose L\u2019intelligent d\u2019Abidjan \u00e0 ses lecteurs, partenaires et annonceurs en cette fin d\u2019ann\u00e9e 2020, avec un tirage initial [&hellip;]<\/p>\n","protected":false},"author":3,"featured_media":24660,"comment_status":"closed","ping_status":"closed","sticky":false,"template":"","format":"standard","meta":{"_monsterinsights_skip_tracking":false,"_monsterinsights_sitenote_active":false,"_monsterinsights_sitenote_note":"","_monsterinsights_sitenote_category":0,"footnotes":""},"categories":[2,3],"tags":[77,823,877,139,144],"class_list":["post-24659","post","type-post","status-publish","format-standard","has-post-thumbnail","hentry","category-featured","category-societe","tag-cote-divoire","tag-eds","tag-media","tag-pdci","tag-rhdp"],"_links":{"self":[{"href":"https:\/\/www.lintelligentdabidjan.info\/news\/wp-json\/wp\/v2\/posts\/24659","targetHints":{"allow":["GET"]}}],"collection":[{"href":"https:\/\/www.lintelligentdabidjan.info\/news\/wp-json\/wp\/v2\/posts"}],"about":[{"href":"https:\/\/www.lintelligentdabidjan.info\/news\/wp-json\/wp\/v2\/types\/post"}],"author":[{"embeddable":true,"href":"https:\/\/www.lintelligentdabidjan.info\/news\/wp-json\/wp\/v2\/users\/3"}],"replies":[{"embeddable":true,"href":"https:\/\/www.lintelligentdabidjan.info\/news\/wp-json\/wp\/v2\/comments?post=24659"}],"version-history":[{"count":7,"href":"https:\/\/www.lintelligentdabidjan.info\/news\/wp-json\/wp\/v2\/posts\/24659\/revisions"}],"predecessor-version":[{"id":24670,"href":"https:\/\/www.lintelligentdabidjan.info\/news\/wp-json\/wp\/v2\/posts\/24659\/revisions\/24670"}],"wp:featuredmedia":[{"embeddable":true,"href":"https:\/\/www.lintelligentdabidjan.info\/news\/wp-json\/wp\/v2\/media\/24660"}],"wp:attachment":[{"href":"https:\/\/www.lintelligentdabidjan.info\/news\/wp-json\/wp\/v2\/media?parent=24659"}],"wp:term":[{"taxonomy":"category","embeddable":true,"href":"https:\/\/www.lintelligentdabidjan.info\/news\/wp-json\/wp\/v2\/categories?post=24659"},{"taxonomy":"post_tag","embeddable":true,"href":"https:\/\/www.lintelligentdabidjan.info\/news\/wp-json\/wp\/v2\/tags?post=24659"}],"curies":[{"name":"wp","href":"https:\/\/api.w.org\/{rel}","templated":true}]}}