{"id":24706,"date":"2020-12-29T22:00:57","date_gmt":"2020-12-29T21:00:57","guid":{"rendered":"https:\/\/www.lintelligentdabidjan.info\/news\/?p=24706"},"modified":"2020-12-29T22:19:47","modified_gmt":"2020-12-29T21:19:47","slug":"ayons-pitie-de-la-cote-divoire-et-des-ivoiriens-district-dabidjan-mambedon-de-vivres","status":"publish","type":"post","link":"https:\/\/www.lintelligentdabidjan.info\/news\/ayons-pitie-de-la-cote-divoire-et-des-ivoiriens-district-dabidjan-mambedon-de-vivres\/","title":{"rendered":"Ayons piti\u00e9 de la C\u00f4te d&#8217;Ivoire et des Ivoiriens (District d&#8217;Abidjan, Mamb\u00e9,don de vivres)"},"content":{"rendered":"<p><em><strong>Le ministre gouverneur du district autonome d&#8217;Abidjan, <a href=\"https:\/\/www.lintelligentdabidjan.info\/news\/levee-de-fonds-de-leglise-du-christianisme-celeste-de-cote-divoire-beugre-mambe-aux-ivoiriens-faire-en-sorte-que-tout-ce-qui-peut-nous-unir-soit-notre-preoccupation\/\" target=\"_blank\">Beugr\u00e9 Mamb\u00e9<\/a> a proc\u00e9d\u00e9 au lancement officiel de la remise de vivres aux populations de la capitale \u00e9conomique de C\u00f4te d&#8217;Ivoire, le mardi 29 d\u00e9cembre 2020, au canal aux bois, Abidjan-Treichville, dans le cadre de la politique sociale du gouvernement ivoirien.<\/strong><br \/>\n<\/em><br \/>\nAu cours de cet \u00e9v\u00e9nement, il a r\u00e9it\u00e9r\u00e9 son appel \u00e0 la paix, la coh\u00e9sion sociale et l&#8217;union autour des institutions de la R\u00e9publique.<\/p>\n<p>\u00ab Ayons piti\u00e9 de la C\u00f4te d&#8217;Ivoire et des Ivoiriens en leur \u00e9vitant de nouvelles crises. (&#8230;) Le Pr\u00e9sident \u0153uvre \u00e0 fond pour r\u00e9duire la pauvret\u00e9, le ch\u00f4mage. Il faut l&#8217;y encourager. Il y a un temps pour les incompr\u00e9hensions et un autre temps pour construire le pays. Aujourd&#8217;hui est venu le moment de taire nos diff\u00e9rends pour b\u00e2tir notre pays, en vue d&#8217;envisager un avenir radieux pour nos enfants, petits enfants et arri\u00e8res petits-enfants. C&#8217;est ensemble que nous le r\u00e9ussirons \u00bb, a-t-il indiqu\u00e9. Il a ajout\u00e9 que le prochain quinquennat du Chef de l&#8217;\u00c9tat va accorder une place de choix \u00e0 la question de l&#8217;emploi jeunes, de sorte que d&#8217;ici quelques ann\u00e9es, les kits alimentaires \u00e0 distribuer soient minimes. Car, a-t-il dit, le gouvernement, en liaison avec les collectivit\u00e9s, aura r\u00e9duit de fa\u00e7on consid\u00e9rable le ch\u00f4mage et la pauvret\u00e9. Les b\u00e9n\u00e9ficiaires de ces kits ont salu\u00e9 cette action devenue une coutume depuis 2011 et promis de prendre les dispositions afin que tous ceux qui y ont droit re\u00e7oivent leur part. Ces vivres seront destin\u00e9s aux personnes en situation de handicap, aux habitants des quartiers pr\u00e9caires, aux jeunes d\u00e9scolaris\u00e9s, aux orphelins, aux veuves, aux personnes vuln\u00e9rables du fait du VIH sida. Ils seront \u00e9galement distribu\u00e9s aux 160 villages et campements du <a href=\"https:\/\/www.lintelligentdabidjan.info\/news\/cote-divoire-pourquoi-et-comment-abidjan-ville-lumieres-2020-robert-mambe\/\" target=\"_blank\">District d&#8217;Abidjan<\/a>, aux communes, aux guides religieux. D&#8217;une valeur de 750 millions, ces kits alimentaires sont compos\u00e9s de 300 tonnes de riz, 100 000 litres d&#8217;huile, 150.000 bo\u00eetes de tomates, 100.000 poulets, 200 oeufs, 600 bouteilles de boissons fortes (pour les villages) et 10 tonnes de sel.<br \/>\n<strong><br \/>\nTAB avec IBK (Sercom)<\/strong><\/p>\n<p>Pour acheter votre journal du jour en PDF &#8211; les archives et les num\u00e9ros r\u00e9cents, cliquer \u00a0&#8230;..<\/p>\n<p><a href=\"https:\/\/www.lintelligentdabidjan.info\/client\/produit\/n3749-4\/\">https:\/\/www.lintelligentdabidjan.info\/client\/produit\/n3749-4\/<\/a><\/p>\n","protected":false},"excerpt":{"rendered":"<p>Le ministre gouverneur du district autonome d&#8217;Abidjan, Beugr\u00e9 Mamb\u00e9 a proc\u00e9d\u00e9 au lancement officiel de la remise de vivres aux populations de la capitale \u00e9conomique de C\u00f4te d&#8217;Ivoire, le mardi 29 d\u00e9cembre 2020, au canal aux bois, Abidjan-Treichville, dans le cadre de la politique sociale du gouvernement ivoirien. Au cours de cet \u00e9v\u00e9nement, il a [&hellip;]<\/p>\n","protected":false},"author":3,"featured_media":24707,"comment_status":"closed","ping_status":"closed","sticky":false,"template":"","format":"standard","meta":{"_monsterinsights_skip_tracking":false,"_monsterinsights_sitenote_active":false,"_monsterinsights_sitenote_note":"","_monsterinsights_sitenote_category":0,"footnotes":""},"categories":[2,3],"tags":[77,896,898,895,897],"class_list":["post-24706","post","type-post","status-publish","format-standard","has-post-thumbnail","hentry","category-featured","category-societe","tag-cote-divoire","tag-district-dabidjan","tag-don-de-vivres","tag-ivoiriens","tag-mambe"],"_links":{"self":[{"href":"https:\/\/www.lintelligentdabidjan.info\/news\/wp-json\/wp\/v2\/posts\/24706","targetHints":{"allow":["GET"]}}],"collection":[{"href":"https:\/\/www.lintelligentdabidjan.info\/news\/wp-json\/wp\/v2\/posts"}],"about":[{"href":"https:\/\/www.lintelligentdabidjan.info\/news\/wp-json\/wp\/v2\/types\/post"}],"author":[{"embeddable":true,"href":"https:\/\/www.lintelligentdabidjan.info\/news\/wp-json\/wp\/v2\/users\/3"}],"replies":[{"embeddable":true,"href":"https:\/\/www.lintelligentdabidjan.info\/news\/wp-json\/wp\/v2\/comments?post=24706"}],"version-history":[{"count":3,"href":"https:\/\/www.lintelligentdabidjan.info\/news\/wp-json\/wp\/v2\/posts\/24706\/revisions"}],"predecessor-version":[{"id":24710,"href":"https:\/\/www.lintelligentdabidjan.info\/news\/wp-json\/wp\/v2\/posts\/24706\/revisions\/24710"}],"wp:featuredmedia":[{"embeddable":true,"href":"https:\/\/www.lintelligentdabidjan.info\/news\/wp-json\/wp\/v2\/media\/24707"}],"wp:attachment":[{"href":"https:\/\/www.lintelligentdabidjan.info\/news\/wp-json\/wp\/v2\/media?parent=24706"}],"wp:term":[{"taxonomy":"category","embeddable":true,"href":"https:\/\/www.lintelligentdabidjan.info\/news\/wp-json\/wp\/v2\/categories?post=24706"},{"taxonomy":"post_tag","embeddable":true,"href":"https:\/\/www.lintelligentdabidjan.info\/news\/wp-json\/wp\/v2\/tags?post=24706"}],"curies":[{"name":"wp","href":"https:\/\/api.w.org\/{rel}","templated":true}]}}