{"id":24713,"date":"2020-12-30T10:21:44","date_gmt":"2020-12-30T09:21:44","guid":{"rendered":"https:\/\/www.lintelligentdabidjan.info\/news\/?p=24713"},"modified":"2020-12-30T10:26:43","modified_gmt":"2020-12-30T09:26:43","slug":"cote-divoireaffi-sans-regrets-ni-remords-durant-son-audition-a-la-dst-ouattara-cnt-boycott-actif-desobeissance-civile","status":"publish","type":"post","link":"https:\/\/www.lintelligentdabidjan.info\/news\/cote-divoireaffi-sans-regrets-ni-remords-durant-son-audition-a-la-dst-ouattara-cnt-boycott-actif-desobeissance-civile\/","title":{"rendered":"C\u00f4te d\u2019Ivoire:Affi sans regrets ni remords durant son audition \u00e0 la Dst (Ouattara Cnt boycott actif d\u00e9sob\u00e9issance civile)"},"content":{"rendered":"<p><em><strong>Au moment o\u00f9 Pascal Affi N\u2019Guessan, pr\u00e9sident du Fpi, \u00e9tait incessamment annonc\u00e9 le mercredi 30 d\u00e9cembre 2020 pour \u00eatre devant un juge, des <a href=\"https:\/\/www.lintelligentdabidjan.info\/news\/bedie-a-t-il-agi-avec-premeditation-pour-echapper-a-la-justice-au-detriment-de-guikahue-et-affi-cote-divoirecntgbagbosoroouattaraghana\/\" target=\"_blank\">langues <\/a>se sont davantage d\u00e9li\u00e9es sur ce qu\u2019il a dit lors de son audition par la police le 7 novembre 2020. <\/strong><\/em><\/p>\n<p>Lors de son interrogatoire Pascal Affi N\u2019Guessan a r\u00e9v\u00e9l\u00e9 avoir financ\u00e9 \u00e0 hauteur de 20 millions Fcfa les op\u00e9rations de d\u00e9sob\u00e9issance civile, et de boycott de l\u2019\u00e9lection pr\u00e9sidentielle du 31 octobre 2020, sans pouvoir se prononcer sur la contribution financi\u00e8re des autres leaders politiques, notamment le Pr\u00e9sident du Pdci Henri Konan B\u00e9di\u00e9.<\/p>\n<p>La zone d\u2019Abidjan, les r\u00e9gions de l\u2019Est, du Centre-Est (Bongouanou, Morounou, N\u2019Zi et Iffou), la r\u00e9gion du Goh, et du Guemon ( Bangolo et Du\u00e9kou\u00e9 particuli\u00e8rement), ont \u00e9t\u00e9 les b\u00e9n\u00e9ficiaires de ces 20 millions de Fcfa destin\u00e9s, selon lui, aux communications t\u00e9l\u00e9phoniques, \u00e0 la restauration et \u00e0 quelques d\u00e9placements des militants dans le cadre de la d\u00e9sob\u00e9issance civile.<\/p>\n<p>Rejetant toute responsabilit\u00e9 dans les \u00e9v\u00e9nements survenus, le natif de Bongouanou qui a r\u00e9v\u00e9l\u00e9 \u00eatre fils unique de sa m\u00e8re et de son p\u00e8re dont il tient deux demi fr\u00e8res, a accus\u00e9 le Rhdp : \u00ab Ce ne sont pas les manifestations pacifiques qui ont engendr\u00e9 la destruction de biens publics et priv\u00e9s, des morts, des bless\u00e9s, des troubles \u00e0 l\u2019ordre public et des affrontements intercommunautaires.<\/p>\n<p>Tous ces faits sont imputables aux miliciens du RHDP qui ont chaque fois attaqu\u00e9s les manifestants pacifiques et aux mains nues. C\u2019est pour cette raison, que le grand nombre de victimes se compte dans les rangs des militants de <a href=\"https:\/\/www.lintelligentdabidjan.info\/news\/le-candidat-affi-nguessan-porte-parole-de-la-plateforme-de-la-desobeissance-civile-apres-le-31-octobre-les-ivoiriens-doivent-se-donner-un-gouvernement-de-transition\/\" target=\"_blank\">l\u2019opposition<\/a>.<\/p>\n<p>Si le RHDP nous avait laiss\u00e9 manifester pacifiquement, il n\u2019aurait eu ni violence, ni morts, ni d\u00e9g\u00e2ts mat\u00e9riels.<\/p>\n<p>Nous n\u2019avons donc aucune responsabilit\u00e9 dans les violences qui sont survenues. Au contraire, nous en sommes les victimes \u00bb.<\/p>\n<p>Faisant le portrait-robot de ce qu\u2019il qualifie de milicien du RHDP, Affi N\u2019Guessan a expliqu\u00e9 que le milicien du RHDP est dans 80\u00b0\/\u00b0 des cas, un ex rebelle qui n\u2019a pas b\u00e9n\u00e9fici\u00e9 du programme de r\u00e9insertion d\u2019une part , et d\u2019autre part des \u00ab loubards \u00bb dans 20\u00b0\/\u00b0.<\/p>\n<p>Le milicien du RHDP op\u00e8re selon Pascal Affi N\u2019Guessan , \u00e0 visage d\u00e9couvert en groupe ; \u00e0 pieds, \u00e0 moto, quelquefois dans des pick-ups, arm\u00e9es de gourdins, de machettes ou d\u2019arme \u00e0 feu.<\/p>\n<p>\u00ab Il marche d\u2019un air martial, s\u00fbr de lui adoss\u00e9 \u00e0 l\u2019impunit\u00e9 dont il sait jouir du fait de son appartenance au RHDP \u00bb, a soutenu le Pr\u00e9sident du Fpi.<\/p>\n<p>Dans l\u2019attente de la suite de la proc\u00e9dure en vue d\u2019un proc\u00e8s \u00e9ventuellement, <a href=\"https:\/\/www.lintelligentdabidjan.info\/news\/boycott-actif-affi-nous-sommes-candidats-nous-maintenons-notre-candidature\/\" target=\"_blank\">Pascal Affi N\u2019Guessan<\/a> pourrait b\u00e9n\u00e9ficier d\u2019une mise en libert\u00e9 provisoire, selon des recommandations rendues publiques le mardi 29 d\u00e9cembre 2020 du dialogue national entre le pouvoir et l\u2019opposition, m\u00eame si les participants \u00e0 ce dialogue national ont mis l\u2019accent sur la lutte contre l&#8217;impunit\u00e9 en politique.<\/p>\n<p><strong><br \/>\nCharles Kouassi <\/strong><\/p>\n<p>Pour acheter votre journal du jour en PDF &#8211; les archives et les num\u00e9ros r\u00e9cents, cliquer \u00a0&#8230;..<\/p>\n<p><a href=\"https:\/\/www.lintelligentdabidjan.info\/client\/produit\/n3749-4\/\">https:\/\/www.lintelligentdabidjan.info\/client\/produit\/n3749-4\/<\/a><\/p>\n","protected":false},"excerpt":{"rendered":"<p>Au moment o\u00f9 Pascal Affi N\u2019Guessan, pr\u00e9sident du Fpi, \u00e9tait incessamment annonc\u00e9 le mercredi 30 d\u00e9cembre 2020 pour \u00eatre devant un juge, des langues se sont davantage d\u00e9li\u00e9es sur ce qu\u2019il a dit lors de son audition par la police le 7 novembre 2020. Lors de son interrogatoire Pascal Affi N\u2019Guessan a r\u00e9v\u00e9l\u00e9 avoir financ\u00e9 [&hellip;]<\/p>\n","protected":false},"author":3,"featured_media":24714,"comment_status":"closed","ping_status":"closed","sticky":false,"template":"","format":"standard","meta":{"_monsterinsights_skip_tracking":false,"_monsterinsights_sitenote_active":false,"_monsterinsights_sitenote_note":"","_monsterinsights_sitenote_category":0,"footnotes":""},"categories":[2,17],"tags":[794,899,77,686,45,34,144],"class_list":["post-24713","post","type-post","status-publish","format-standard","has-post-thumbnail","hentry","category-featured","category-politique","tag-affi","tag-cnt","tag-cote-divoire","tag-desobeissance-civile","tag-fpi","tag-ouattara","tag-rhdp"],"_links":{"self":[{"href":"https:\/\/www.lintelligentdabidjan.info\/news\/wp-json\/wp\/v2\/posts\/24713","targetHints":{"allow":["GET"]}}],"collection":[{"href":"https:\/\/www.lintelligentdabidjan.info\/news\/wp-json\/wp\/v2\/posts"}],"about":[{"href":"https:\/\/www.lintelligentdabidjan.info\/news\/wp-json\/wp\/v2\/types\/post"}],"author":[{"embeddable":true,"href":"https:\/\/www.lintelligentdabidjan.info\/news\/wp-json\/wp\/v2\/users\/3"}],"replies":[{"embeddable":true,"href":"https:\/\/www.lintelligentdabidjan.info\/news\/wp-json\/wp\/v2\/comments?post=24713"}],"version-history":[{"count":5,"href":"https:\/\/www.lintelligentdabidjan.info\/news\/wp-json\/wp\/v2\/posts\/24713\/revisions"}],"predecessor-version":[{"id":24719,"href":"https:\/\/www.lintelligentdabidjan.info\/news\/wp-json\/wp\/v2\/posts\/24713\/revisions\/24719"}],"wp:featuredmedia":[{"embeddable":true,"href":"https:\/\/www.lintelligentdabidjan.info\/news\/wp-json\/wp\/v2\/media\/24714"}],"wp:attachment":[{"href":"https:\/\/www.lintelligentdabidjan.info\/news\/wp-json\/wp\/v2\/media?parent=24713"}],"wp:term":[{"taxonomy":"category","embeddable":true,"href":"https:\/\/www.lintelligentdabidjan.info\/news\/wp-json\/wp\/v2\/categories?post=24713"},{"taxonomy":"post_tag","embeddable":true,"href":"https:\/\/www.lintelligentdabidjan.info\/news\/wp-json\/wp\/v2\/tags?post=24713"}],"curies":[{"name":"wp","href":"https:\/\/api.w.org\/{rel}","templated":true}]}}