{"id":24723,"date":"2020-12-30T16:39:46","date_gmt":"2020-12-30T15:39:46","guid":{"rendered":"https:\/\/www.lintelligentdabidjan.info\/news\/?p=24723"},"modified":"2020-12-30T16:47:41","modified_gmt":"2020-12-30T15:47:41","slug":"cote-divoire-le-president-bedie-et-moi-sommes-convenus-de-reprendre-le-dialogue-ouattara-conseil-des-ministres","status":"publish","type":"post","link":"https:\/\/www.lintelligentdabidjan.info\/news\/cote-divoire-le-president-bedie-et-moi-sommes-convenus-de-reprendre-le-dialogue-ouattara-conseil-des-ministres\/","title":{"rendered":"C\u00f4te d\u2019Ivoire : Le Pr\u00e9sident B\u00e9di\u00e9 et moi (\u2026) sommes convenus de reprendre le dialogue (Ouattara Conseil des ministres)"},"content":{"rendered":"<p><em><strong>Le mercredi 30 d\u00e9cembre 2020, \u00e0 l\u2019ouverture du Conseil des ministres au Palais de la Pr\u00e9sidence de la R\u00e9publique \u00e0 Abidjan-Plateau, le Pr\u00e9sident de la R\u00e9publique Alassane Ouattara s\u2019est prononc\u00e9 sur les conclusions du <a href=\"https:\/\/www.lintelligentdabidjan.info\/news\/ouattara-la-vision-du-temps-long-confrontee-aux-realites-du-temps-court-editorial-alafespecial-lintelligent-dabidjan-cote-divoire\/\" target=\"_blank\">dialogue<\/a> politique et a assur\u00e9 de la reprise imminente du dialogue entre le pr\u00e9sident Henri Konan B\u00e9di\u00e9 et lui.<\/strong><\/em><\/p>\n<p>\u00ab Le Pr\u00e9sident Bedie et moi nous sommes parl\u00e9s \u00e0 plusieurs occasions ces derniers temps et nous sommes convenus de reprendre le dialogue bilat\u00e9rale dans les prochains jours certainement dans la deuxi\u00e8me quinzaine du mois de janvier. Ceci permettra d\u2019\u00e9voquer un certain nombre de points en suspends, et de montrer \u00e0 nos concitoyens que nous sommes sur la voie de la consolidation de la <a href=\"https:\/\/www.lintelligentdabidjan.info\/news\/cote-divoire-ouattara-a-souvent-mis-en-avant-les-premiers-ministres-pour-le-dialogue-politique\/\" target=\"_blank\">paix<\/a> pour notre pays. Nous voulons un pays en paix et compte tenu des progr\u00e8s qui sont r\u00e9alis\u00e9s avec la paix, nous irons encore plus vite \u00bb, a dit le Chef de l\u2019\u00c9tat.<\/p>\n<p><strong><br \/>\nJHK<\/strong><\/p>\n<p>Pour acheter votre journal du jour en PDF &#8211; les archives et les num\u00e9ros r\u00e9cents, cliquer \u00a0&#8230;..<\/p>\n<p>&nbsp;<\/p>\n<p><a href=\"https:\/\/www.lintelligentdabidjan.info\/client\/produit\/n3749-4\/\">https:\/\/www.lintelligentdabidjan.info\/client\/produit\/n3749-4\/<\/a><\/p>\n","protected":false},"excerpt":{"rendered":"<p>Le mercredi 30 d\u00e9cembre 2020, \u00e0 l\u2019ouverture du Conseil des ministres au Palais de la Pr\u00e9sidence de la R\u00e9publique \u00e0 Abidjan-Plateau, le Pr\u00e9sident de la R\u00e9publique Alassane Ouattara s\u2019est prononc\u00e9 sur les conclusions du dialogue politique et a assur\u00e9 de la reprise imminente du dialogue entre le pr\u00e9sident Henri Konan B\u00e9di\u00e9 et lui. \u00ab Le [&hellip;]<\/p>\n","protected":false},"author":3,"featured_media":24724,"comment_status":"closed","ping_status":"closed","sticky":false,"template":"","format":"standard","meta":{"_monsterinsights_skip_tracking":false,"_monsterinsights_sitenote_active":false,"_monsterinsights_sitenote_note":"","_monsterinsights_sitenote_category":0,"footnotes":""},"categories":[2,17],"tags":[35,77,900,34],"class_list":["post-24723","post","type-post","status-publish","format-standard","has-post-thumbnail","hentry","category-featured","category-politique","tag-bedie","tag-cote-divoire","tag-dialogue","tag-ouattara"],"_links":{"self":[{"href":"https:\/\/www.lintelligentdabidjan.info\/news\/wp-json\/wp\/v2\/posts\/24723","targetHints":{"allow":["GET"]}}],"collection":[{"href":"https:\/\/www.lintelligentdabidjan.info\/news\/wp-json\/wp\/v2\/posts"}],"about":[{"href":"https:\/\/www.lintelligentdabidjan.info\/news\/wp-json\/wp\/v2\/types\/post"}],"author":[{"embeddable":true,"href":"https:\/\/www.lintelligentdabidjan.info\/news\/wp-json\/wp\/v2\/users\/3"}],"replies":[{"embeddable":true,"href":"https:\/\/www.lintelligentdabidjan.info\/news\/wp-json\/wp\/v2\/comments?post=24723"}],"version-history":[{"count":2,"href":"https:\/\/www.lintelligentdabidjan.info\/news\/wp-json\/wp\/v2\/posts\/24723\/revisions"}],"predecessor-version":[{"id":24726,"href":"https:\/\/www.lintelligentdabidjan.info\/news\/wp-json\/wp\/v2\/posts\/24723\/revisions\/24726"}],"wp:featuredmedia":[{"embeddable":true,"href":"https:\/\/www.lintelligentdabidjan.info\/news\/wp-json\/wp\/v2\/media\/24724"}],"wp:attachment":[{"href":"https:\/\/www.lintelligentdabidjan.info\/news\/wp-json\/wp\/v2\/media?parent=24723"}],"wp:term":[{"taxonomy":"category","embeddable":true,"href":"https:\/\/www.lintelligentdabidjan.info\/news\/wp-json\/wp\/v2\/categories?post=24723"},{"taxonomy":"post_tag","embeddable":true,"href":"https:\/\/www.lintelligentdabidjan.info\/news\/wp-json\/wp\/v2\/tags?post=24723"}],"curies":[{"name":"wp","href":"https:\/\/api.w.org\/{rel}","templated":true}]}}