{"id":24727,"date":"2020-12-30T17:12:09","date_gmt":"2020-12-30T16:12:09","guid":{"rendered":"https:\/\/www.lintelligentdabidjan.info\/news\/?p=24727"},"modified":"2020-12-30T17:12:44","modified_gmt":"2020-12-30T16:12:44","slug":"ouattara-on-ne-peut-tout-regler-en-un-seul-jour-cote-divoire-dialogue-politique","status":"publish","type":"post","link":"https:\/\/www.lintelligentdabidjan.info\/news\/ouattara-on-ne-peut-tout-regler-en-un-seul-jour-cote-divoire-dialogue-politique\/","title":{"rendered":"Ouattara : on ne peut tout r\u00e9gler en un seul jour (C\u00f4te d\u2019Ivoire, dialogue politique)"},"content":{"rendered":"<p><em><strong>F\u00e9licitant le Premier ministre , les membres du gouvernement et les partis politiques dont le dialogue a abouti \u00e0 un accord endoss\u00e9 par le gouvernement lors du conseil des ministres du jour , le chef de l\u2019\u00e9tat, Alassane <a href=\"https:\/\/www.lintelligentdabidjan.info\/news\/cote-divoire-le-president-bedie-et-moi-sommes-convenus-de-reprendre-le-dialogue-ouattara-conseil-des-ministres\/\" target=\"_blank\">Ouattara<\/a> a annonc\u00e9 une rencontre avec Henri Konan B\u00e9di\u00e9, en janvier 2021, et assur\u00e9 que le dialogue se poursuivra, avec l\u2019engagement que le gouvernement fera sa part dans les mesures \u00e0 prendre.<\/strong><\/em><\/p>\n<p>\u00ab Je voudrais, avant de commencer le Conseil des ministres, f\u00e9liciter le Premier ministre (Hamed Bakayoko. Ndlr) pour l\u2019accord obtenu avec les partis de l\u2019opposition, pour aller aux \u00e9lections l\u00e9gislatives au mois de Mars, lors du dialogue politique engag\u00e9 \u00e0 ma demande ainsi que le ministre de l\u2019int\u00e9rieur et de la s\u00e9curit\u00e9. Je f\u00e9licite tous les participants aussi bien les membres du gouvernement que les repr\u00e9sentants des partis politiques et de la soci\u00e9t\u00e9 civile. Je crois que c\u2019est un pas important. On ne peut pas tout r\u00e9gler en un seul jour, mais, le fait qu\u2019il y ait eu un accord pour aller aux \u00e9lections l\u00e9gislatives dans le courant du mois de mars, (!d\u2019ailleurs nous allons pouvoir fixer la date aujourd\u2019hui avec les propositions qui nous \u00e9t\u00e9 faites par la CEI), est un \u00e9l\u00e9ment tr\u00e8s important d\u2019avoir des \u00e9lections inclusives et je note que tous les partis politiques ont indiqu\u00e9 leur souhait de participer \u00e0 ces \u00e9lections, ce qui nous permettra de voir le vrai paysage politique de notre pays apr\u00e8s plus de 10 ans d\u2019absences de certains partis politiques, et je suis personnellement engag\u00e9 \u00e0 faire en sorte que les mesures d\u2019apaisements puissent \u00eatre prises mais dans le cadre de la loi bien \u00e9videmment.<\/p>\n<p>Le premier Ministre et le Ministre de la Justice ont d\u00e9j\u00e0 fait des propositions, ceci \u00e9tant bien sur, c\u2019est des dossiers qui sont entre les mains de la justice et je souhaite que tout le monde tienne compte de notre volont\u00e9 d\u2019apaisement et de reprise du dialogue apr\u00e8s les \u00e9lections l\u00e9gislatives \u00bb, a affirm\u00e9 le Pr\u00e9sident <a href=\"https:\/\/www.lintelligentdabidjan.info\/news\/ouattara-la-vision-du-temps-long-confrontee-aux-realites-du-temps-court-editorial-alafespecial-lintelligent-dabidjan-cote-divoire\/\" target=\"_blank\">Alassane Ouattara<\/a>.<\/p>\n<p><strong><br \/>\nJ-H Koffo<\/strong><\/p>\n<p>Pour acheter votre journal du jour en PDF &#8211; les archives et les num\u00e9ros r\u00e9cents, cliquer \u00a0&#8230;..<\/p>\n<p><a href=\"https:\/\/www.lintelligentdabidjan.info\/client\/produit\/n3749-4\/\">\u00a0https:\/\/www.lintelligentdabidjan.info\/client\/produit\/n3749-4\/<\/a><\/p>\n<p>&nbsp;<\/p>\n<p>&nbsp;<\/p>\n","protected":false},"excerpt":{"rendered":"<p>F\u00e9licitant le Premier ministre , les membres du gouvernement et les partis politiques dont le dialogue a abouti \u00e0 un accord endoss\u00e9 par le gouvernement lors du conseil des ministres du jour , le chef de l\u2019\u00e9tat, Alassane Ouattara a annonc\u00e9 une rencontre avec Henri Konan B\u00e9di\u00e9, en janvier 2021, et assur\u00e9 que le dialogue [&hellip;]<\/p>\n","protected":false},"author":3,"featured_media":24728,"comment_status":"closed","ping_status":"closed","sticky":false,"template":"","format":"standard","meta":{"_monsterinsights_skip_tracking":false,"_monsterinsights_sitenote_active":false,"_monsterinsights_sitenote_note":"","_monsterinsights_sitenote_category":0,"footnotes":""},"categories":[2,17],"tags":[35,77,849,34],"class_list":["post-24727","post","type-post","status-publish","format-standard","has-post-thumbnail","hentry","category-featured","category-politique","tag-bedie","tag-cote-divoire","tag-dialogue-politique","tag-ouattara"],"_links":{"self":[{"href":"https:\/\/www.lintelligentdabidjan.info\/news\/wp-json\/wp\/v2\/posts\/24727","targetHints":{"allow":["GET"]}}],"collection":[{"href":"https:\/\/www.lintelligentdabidjan.info\/news\/wp-json\/wp\/v2\/posts"}],"about":[{"href":"https:\/\/www.lintelligentdabidjan.info\/news\/wp-json\/wp\/v2\/types\/post"}],"author":[{"embeddable":true,"href":"https:\/\/www.lintelligentdabidjan.info\/news\/wp-json\/wp\/v2\/users\/3"}],"replies":[{"embeddable":true,"href":"https:\/\/www.lintelligentdabidjan.info\/news\/wp-json\/wp\/v2\/comments?post=24727"}],"version-history":[{"count":1,"href":"https:\/\/www.lintelligentdabidjan.info\/news\/wp-json\/wp\/v2\/posts\/24727\/revisions"}],"predecessor-version":[{"id":24729,"href":"https:\/\/www.lintelligentdabidjan.info\/news\/wp-json\/wp\/v2\/posts\/24727\/revisions\/24729"}],"wp:featuredmedia":[{"embeddable":true,"href":"https:\/\/www.lintelligentdabidjan.info\/news\/wp-json\/wp\/v2\/media\/24728"}],"wp:attachment":[{"href":"https:\/\/www.lintelligentdabidjan.info\/news\/wp-json\/wp\/v2\/media?parent=24727"}],"wp:term":[{"taxonomy":"category","embeddable":true,"href":"https:\/\/www.lintelligentdabidjan.info\/news\/wp-json\/wp\/v2\/categories?post=24727"},{"taxonomy":"post_tag","embeddable":true,"href":"https:\/\/www.lintelligentdabidjan.info\/news\/wp-json\/wp\/v2\/tags?post=24727"}],"curies":[{"name":"wp","href":"https:\/\/api.w.org\/{rel}","templated":true}]}}