{"id":24738,"date":"2020-12-31T23:41:46","date_gmt":"2020-12-31T22:41:46","guid":{"rendered":"https:\/\/www.lintelligentdabidjan.info\/news\/?p=24738"},"modified":"2020-12-31T23:48:25","modified_gmt":"2020-12-31T22:48:25","slug":"cote-divoire-la-justice-fera-son-travail-et-la-loi-sera-appliquee-dans-toute-sa-rigueur-ouattara-message-nouvel-an","status":"publish","type":"post","link":"https:\/\/www.lintelligentdabidjan.info\/news\/cote-divoire-la-justice-fera-son-travail-et-la-loi-sera-appliquee-dans-toute-sa-rigueur-ouattara-message-nouvel-an\/","title":{"rendered":"C\u00f4te d\u2019Ivoire : la justice fera son travail et la loi sera appliqu\u00e9e dans toute sa rigueur (Ouattara, message nouvel an)"},"content":{"rendered":"<p><em><strong>Le jeudi 31 d\u00e9cembre 2020, \u00e0 l&#8217;occasion de son traditionnel message de fin d&#8217;ann\u00e9e \u00e0 la Nation, le Pr\u00e9sident de la R\u00e9publique de C\u00f4te d&#8217;Ivoire, Alassane Ouattara, a annonc\u00e9 avoir sign\u00e9 un d\u00e9cret accordant une gr\u00e2ce collective \u00e0 environ 2000 condamn\u00e9s pour des infractions mineures. <\/strong><\/em><\/p>\n<p>Le Pr\u00e9sident Alassane Ouattara s&#8217;est r\u00e9joui de la mise en libert\u00e9 sous contr\u00f4le judiciaire de certains inculp\u00e9s d\u00e9tenus \u00e0 titre pr\u00e9ventif dans le cadre des proc\u00e9dures judiciaires ouvertes pour complot et atteinte \u00e0 l&#8217;autorit\u00e9 de l&#8217;\u00c9tat commis \u00e0 l&#8217;occasion de l&#8217;\u00e9lection pr\u00e9sidentielle du 31 octobre 2020, tout en assurant qu\u2019il ne s\u2019agit pas d\u2019une prime \u00e0 l\u2019impunit\u00e9 : \u00ab Bien \u00e9videmment, la justice fera son travail afin que les responsabilit\u00e9s soient situ\u00e9es et la loi sera appliqu\u00e9e dans toute sa rigueur \u00bb. <\/p>\n<p>\u00ab Mes chers compatriotes, je suis confiant qu&#8217;avec l&#8217;implication de tous, ce grand chantier de la r\u00e9conciliation sera conduit avec succ\u00e8s. Pour ma part, je ne menagerai aucun effort pour garantir la paix et la stabilit\u00e9 \u00e0 nos concitoyens. Nous devons continuer sans rel\u00e2che, \u00e0 rassembler toutes les filles et tous les fils de notre pays, \u00e0 intensifier toutes nos actions en faveur du pardon et de la concorde nationale, dans la justice et le respect des droits et devoirs de chacun \u00bb, a poursuivi Alassane Ouattara. <\/p>\n<p>Se r\u00e9jouissant de la bonne gestion de la pand\u00e9mie \u00e0 coronavirus 2019, le chef de l\u2019\u00c9tat ivoirien a n\u00e9anmoins fait des recommandations en vue du renforcement du respect des mesures barri\u00e8res. <\/p>\n<p>\u00c0 cet effet, il a dit : \u00ab J\u2019invite, cependant, l\u2019ensemble des populations \u00e0 maintenir une vigilance \u00e0 tous les niveaux et \u00e0 continuer de respecter les mesures barri\u00e8res, notamment le lavage r\u00e9gulier des mains, le port obligatoire du masque dans les lieux publics et les transports en commun, et la distanciation physique.<\/p>\n<p>En effet, l\u2019on note \u00e0 travers le monde, notamment dans la sous-r\u00e9gion, une recrudescence de la pand\u00e9mie due \u00e0 une deuxi\u00e8me vague de contamination depuis le d\u00e9but du mois de novembre 2020.<br \/>\nC\u2019est pourquoi, dans la poursuite de nos efforts pour lutter contre cette pand\u00e9mie, le Conseil des Ministres a d\u00e9cid\u00e9 de la vaccination, \u00e0 titre gracieux, du personnel en premi\u00e8re ligne dans la lutte contre cette maladie, \u00e0 savoir le personnel de sant\u00e9, les Forces de D\u00e9fense et de S\u00e9curit\u00e9 et les enseignants. <\/p>\n<p>Une deuxi\u00e8me vague de vaccination concernera les personnes \u00e2g\u00e9es de plus de 50 ans, les personnes avec des pathologies chroniques et les voyageurs internationaux. Ce sont environ 5 millions de personnes, soit 20% de la population ivoirienne, qui sont cibl\u00e9es par cette vaccination pr\u00e9vue pour d\u00e9buter en avril 2021.<\/p>\n<p>Cette crise nous interpelle aussi sur la n\u00e9cessit\u00e9 d\u2019intensifier notre programme de d\u00e9veloppement de notre syst\u00e8me de sant\u00e9. L\u2019accent sera, notamment, mis sur la g\u00e9n\u00e9ralisation de la Couverture Maladie Universelle, la mise en place de plateaux techniques de haut niveau, l\u2019am\u00e9lioration de la qualit\u00e9 des prestations ainsi que la simplification et une rigueur accrue dans la gestion financi\u00e8re des h\u00f4pitaux \u00bb. <\/p>\n<p><strong>TAB avec IBK<\/strong><\/p>\n","protected":false},"excerpt":{"rendered":"<p>Le jeudi 31 d\u00e9cembre 2020, \u00e0 l&#8217;occasion de son traditionnel message de fin d&#8217;ann\u00e9e \u00e0 la Nation, le Pr\u00e9sident de la R\u00e9publique de C\u00f4te d&#8217;Ivoire, Alassane Ouattara, a annonc\u00e9 avoir sign\u00e9 un d\u00e9cret accordant une gr\u00e2ce collective \u00e0 environ 2000 condamn\u00e9s pour des infractions mineures. Le Pr\u00e9sident Alassane Ouattara s&#8217;est r\u00e9joui de la mise en [&hellip;]<\/p>\n","protected":false},"author":3,"featured_media":24739,"comment_status":"closed","ping_status":"closed","sticky":false,"template":"","format":"standard","meta":{"_monsterinsights_skip_tracking":false,"_monsterinsights_sitenote_active":false,"_monsterinsights_sitenote_note":"","_monsterinsights_sitenote_category":0,"footnotes":""},"categories":[2,17],"tags":[77,901,34],"class_list":["post-24738","post","type-post","status-publish","format-standard","has-post-thumbnail","hentry","category-featured","category-politique","tag-cote-divoire","tag-nation","tag-ouattara"],"_links":{"self":[{"href":"https:\/\/www.lintelligentdabidjan.info\/news\/wp-json\/wp\/v2\/posts\/24738","targetHints":{"allow":["GET"]}}],"collection":[{"href":"https:\/\/www.lintelligentdabidjan.info\/news\/wp-json\/wp\/v2\/posts"}],"about":[{"href":"https:\/\/www.lintelligentdabidjan.info\/news\/wp-json\/wp\/v2\/types\/post"}],"author":[{"embeddable":true,"href":"https:\/\/www.lintelligentdabidjan.info\/news\/wp-json\/wp\/v2\/users\/3"}],"replies":[{"embeddable":true,"href":"https:\/\/www.lintelligentdabidjan.info\/news\/wp-json\/wp\/v2\/comments?post=24738"}],"version-history":[{"count":1,"href":"https:\/\/www.lintelligentdabidjan.info\/news\/wp-json\/wp\/v2\/posts\/24738\/revisions"}],"predecessor-version":[{"id":24740,"href":"https:\/\/www.lintelligentdabidjan.info\/news\/wp-json\/wp\/v2\/posts\/24738\/revisions\/24740"}],"wp:featuredmedia":[{"embeddable":true,"href":"https:\/\/www.lintelligentdabidjan.info\/news\/wp-json\/wp\/v2\/media\/24739"}],"wp:attachment":[{"href":"https:\/\/www.lintelligentdabidjan.info\/news\/wp-json\/wp\/v2\/media?parent=24738"}],"wp:term":[{"taxonomy":"category","embeddable":true,"href":"https:\/\/www.lintelligentdabidjan.info\/news\/wp-json\/wp\/v2\/categories?post=24738"},{"taxonomy":"post_tag","embeddable":true,"href":"https:\/\/www.lintelligentdabidjan.info\/news\/wp-json\/wp\/v2\/tags?post=24738"}],"curies":[{"name":"wp","href":"https:\/\/api.w.org\/{rel}","templated":true}]}}