{"id":24746,"date":"2021-01-04T11:32:24","date_gmt":"2021-01-04T10:32:24","guid":{"rendered":"https:\/\/www.lintelligentdabidjan.info\/news\/?p=24746"},"modified":"2021-01-04T11:43:13","modified_gmt":"2021-01-04T10:43:13","slug":"nouvel-an-seth-koko-salue-le-dialogue-politique-et-sadresse-au-president-ouattara-et-a-la-classe-politique","status":"publish","type":"post","link":"https:\/\/www.lintelligentdabidjan.info\/news\/nouvel-an-seth-koko-salue-le-dialogue-politique-et-sadresse-au-president-ouattara-et-a-la-classe-politique\/","title":{"rendered":"Nouvel an : Seth Koko salue le dialogue politique et s\u2019adresse au Pr\u00e9sident Ouattara et \u00e0 la classe politique"},"content":{"rendered":"<p><em><strong>Ivoiriens, ivoiriennes, fr\u00e8res et s\u0153urs, l&#8217;ann\u00e9e 2020 vient de se terminer. <\/strong><\/em><\/p>\n<p>Cette ann\u00e9e pr\u00e9dite comme ann\u00e9e de l&#8217;espoir \u00e9tait aussi programm\u00e9e pour \u00eatre celle de l&#8217;\u00e9mergence, du renouvellement de la classe politique ivoirienne, de la preuve de la maturit\u00e9 politique de notre nation, \u00e0 travers l&#8217;organisation d&#8217;une \u00e9lection pr\u00e9sidentielle d\u00e9mocratique et cr\u00e9dible.<\/p>\n<p>2020 devait aussi certifier l\u2019aboutissement du programme de r\u00e9conciliation nationale dont le <a href=\"https:\/\/www.lintelligentdabidjan.info\/news\/cote-divoire-lex-conseiller-diplomatique-des-coalitions-autour-de-bedie-seth-kokofelicite-le-president-ouattara-et-reconnait-sa-legitimite\/\" target=\"_blank\">gouvernement <\/a>a eu la charge ces dix derni\u00e8res ann\u00e9es. Aussi, nous nous attendions \u00e0 la r\u00e9ussite d\u2019un passage de t\u00e9moin dans l\u2019union et la paix des filles et fils de ce pays.<\/p>\n<p>Malheureusement, 2020 \u00e9t\u00e9 une ann\u00e9e d&#8217;amertume pour notre pays, \u00e0 l&#8217;image de 2011. Elle a d\u00e9marr\u00e9 avec cette pand\u00e9mie de covid19 qui non seulement a \u00e9puis\u00e9 la population, mais a ruin\u00e9 nos espoirs de croissance \u00e9conomique et autres, avant de se terminer par une \u00e9lection pr\u00e9sidentielle qui a mis en p\u00e9ril les acquis d\u00e9mocratiques de ces derni\u00e8res ann\u00e9es, et une fois de plus d\u00e9chir\u00e9 le tissu social du pays.<\/p>\n<p>Apr\u00e8s douze mois de crise \u00e9conomique, de pression sanitaire et politique, la C\u00f4te d&#8217;Ivoire n\u2019a aujourd\u2019hui de solution que de s\u2019accrocher \u00e0 ce nouveau dialogue politique entam\u00e9 le 21 d\u00e9cembre dernier qui non seulement a permis la signature d&#8217;un accord gouvernement-opposition pour les l\u00e9gislatives, mais qui devrait se poursuivre afin de r\u00e9pondre \u00e0 toutes les pr\u00e9occupations li\u00e9es \u00e0 une r\u00e9conciliation vraie et durable selon le Chef de l\u2019Etat.<\/p>\n<p>C&#8217;est l&#8217;occasion de f\u00e9liciter le Chef de l&#8217;\u00c9tat qui lors de son adresse \u00e0 la Nation a insist\u00e9 sur sa volont\u00e9 \u00e0 faire de 2021 l&#8217;ann\u00e9e de la croissance inclusive et de la r\u00e9conciliation vraie.<\/p>\n<p>Je salue et encourage cette volont\u00e9 du Chef de l\u2019Etat, qui si elle se traduit en actes concrets \u00e0 l&#8217;exemple de la lib\u00e9ration de l\u2019ex-premier ministre Pascal Affi Nguessan pourrait lui permettre de r\u00e9ellement atteindre ces objectifs pour le bonheur des ivoiriens.<\/p>\n<p>Je f\u00e9licite \u00e9galement le Pr\u00e9sident Henri Konan B\u00e9di\u00e9 pour avoir pris cette courageuse et sage d\u00e9cision de privil\u00e9gier la voie du dialogue avec le gouvernement et avec son fr\u00e8re Alassane Ouattara.<\/p>\n<p>J&#8217;appelle de tous mes v\u0153ux que ce dialogue direct entre les deux hommes d&#8217;Etat aboutisse enfin au retour dans un d\u00e9lai raisonnable en terre ivoirienne, du Pr\u00e9sident Laurent Gbagbo avec \u00e0 l\u2019appui une loi d&#8217;amnistie g\u00e9n\u00e9rale permettant de facto le retour de tous les exil\u00e9s et la lib\u00e9ration des prisonniers politiques et militaires des crises de 2011 et 2020.<\/p>\n<p>Bien entendu, il appartiendra \u00e0 la justice de situer les priorit\u00e9s.<\/p>\n<p>Nous convenons avec le Pr\u00e9sident de la R\u00e9publique que l&#8217;ann\u00e9e 2021 doit \u00eatre celle du pardon et de la r\u00e9conciliation afin que le pays puisse r\u00e9ellement prendre son envol vers un d\u00e9veloppement harmonieux.<\/p>\n<p>Je souhaite une bonne et heureuse ann\u00e9e \u00e0 tous les membres et sympathisants de L&#8217;ALTERNATIVE-CI qui constituent cette force silencieuse et \u00e9cout\u00e9e qu&#8217;est notre Mouvement politique. Gr\u00e2ce \u00e0 vous, L\u2019ALTERNATIVE-CI est aujourd&#8217;hui respect\u00e9, suit son chemin tout en constituant un espoir pour l&#8217;avenir. Notez que 2021 sera l&#8217;ann\u00e9e de l\u2019expansion nationale de notre <a href=\"https:\/\/www.lintelligentdabidjan.info\/news\/seth-koko-recu-par-olusegun-obasanjo-ex-president-du-nigeria\/\" target=\"_blank\">Mouvement<\/a>.<\/p>\n<p>Je ne pourrais terminer sans souhaiter un joyeux anniversaire \u00e0 tous les Ivoiriens natifs du 1er janvier avec \u00e0 leur t\u00eate le Pr\u00e9sident Alassane Ouattara et le ministre Charles Bl\u00e9 Goud\u00e9 pour ne citer que ceux-l\u00e0.<\/p>\n<p>Que 2021 soit l&#8217;ann\u00e9e du grand dialogue et du pardon des filles et fils de C\u00f4te d\u2019Ivoire. Cela est possible si nous y mettons chacune et chacun de l&#8217;humilit\u00e9 et de l&#8217;amour.<\/p>\n<p>Bonne et heureuse ann\u00e9e \u00e0 toutes et \u00e0 tous.<\/p>\n<p>Dieu b\u00e9nisse la C\u00f4te d&#8217;Ivoire.<br \/>\n<strong><br \/>\nSeth Koko,<br \/>\nPr\u00e9sident du Mouvement L&#8217;ALTERNATIVE-CI<br \/>\nEx-candidat d\u00e9clar\u00e9 \u00e0 la pr\u00e9sidentielle d\u2019octobre 2020<br \/>\nEx-repr\u00e9sentant diplomatique de la coalition de l\u2019opposition<\/strong><\/p>\n<p>Pour acheter votre journal du jour en PDF &#8211; les archives et les num\u00e9ros r\u00e9cents, cliquer \u00a0&#8230;..<\/p>\n<p><a href=\"https:\/\/www.lintelligentdabidjan.info\/client\/produit\/n3749-4\/\">https:\/\/www.lintelligentdabidjan.info\/client\/produit\/n3749-4\/<\/a><\/p>\n<p>&nbsp;<\/p>\n","protected":false},"excerpt":{"rendered":"<p>Ivoiriens, ivoiriennes, fr\u00e8res et s\u0153urs, l&#8217;ann\u00e9e 2020 vient de se terminer. Cette ann\u00e9e pr\u00e9dite comme ann\u00e9e de l&#8217;espoir \u00e9tait aussi programm\u00e9e pour \u00eatre celle de l&#8217;\u00e9mergence, du renouvellement de la classe politique ivoirienne, de la preuve de la maturit\u00e9 politique de notre nation, \u00e0 travers l&#8217;organisation d&#8217;une \u00e9lection pr\u00e9sidentielle d\u00e9mocratique et cr\u00e9dible. 2020 devait aussi [&hellip;]<\/p>\n","protected":false},"author":3,"featured_media":24748,"comment_status":"closed","ping_status":"closed","sticky":false,"template":"","format":"standard","meta":{"_monsterinsights_skip_tracking":false,"_monsterinsights_sitenote_active":false,"_monsterinsights_sitenote_note":"","_monsterinsights_sitenote_category":0,"footnotes":""},"categories":[2,17,3],"tags":[77,849,779],"class_list":["post-24746","post","type-post","status-publish","format-standard","has-post-thumbnail","hentry","category-featured","category-politique","category-societe","tag-cote-divoire","tag-dialogue-politique","tag-seth-koko"],"_links":{"self":[{"href":"https:\/\/www.lintelligentdabidjan.info\/news\/wp-json\/wp\/v2\/posts\/24746","targetHints":{"allow":["GET"]}}],"collection":[{"href":"https:\/\/www.lintelligentdabidjan.info\/news\/wp-json\/wp\/v2\/posts"}],"about":[{"href":"https:\/\/www.lintelligentdabidjan.info\/news\/wp-json\/wp\/v2\/types\/post"}],"author":[{"embeddable":true,"href":"https:\/\/www.lintelligentdabidjan.info\/news\/wp-json\/wp\/v2\/users\/3"}],"replies":[{"embeddable":true,"href":"https:\/\/www.lintelligentdabidjan.info\/news\/wp-json\/wp\/v2\/comments?post=24746"}],"version-history":[{"count":3,"href":"https:\/\/www.lintelligentdabidjan.info\/news\/wp-json\/wp\/v2\/posts\/24746\/revisions"}],"predecessor-version":[{"id":24750,"href":"https:\/\/www.lintelligentdabidjan.info\/news\/wp-json\/wp\/v2\/posts\/24746\/revisions\/24750"}],"wp:featuredmedia":[{"embeddable":true,"href":"https:\/\/www.lintelligentdabidjan.info\/news\/wp-json\/wp\/v2\/media\/24748"}],"wp:attachment":[{"href":"https:\/\/www.lintelligentdabidjan.info\/news\/wp-json\/wp\/v2\/media?parent=24746"}],"wp:term":[{"taxonomy":"category","embeddable":true,"href":"https:\/\/www.lintelligentdabidjan.info\/news\/wp-json\/wp\/v2\/categories?post=24746"},{"taxonomy":"post_tag","embeddable":true,"href":"https:\/\/www.lintelligentdabidjan.info\/news\/wp-json\/wp\/v2\/tags?post=24746"}],"curies":[{"name":"wp","href":"https:\/\/api.w.org\/{rel}","templated":true}]}}