{"id":24851,"date":"2021-01-15T21:53:03","date_gmt":"2021-01-15T20:53:03","guid":{"rendered":"https:\/\/www.lintelligentdabidjan.info\/news\/?p=24851"},"modified":"2021-01-15T21:57:48","modified_gmt":"2021-01-15T20:57:48","slug":"cote-divoire-aucun-developpement-sans-se-deplacer-et-ni-transporter-la-marchandise-amadou-kone","status":"publish","type":"post","link":"https:\/\/www.lintelligentdabidjan.info\/news\/cote-divoire-aucun-developpement-sans-se-deplacer-et-ni-transporter-la-marchandise-amadou-kone\/","title":{"rendered":"C\u00f4te d\u2019Ivoire : aucun d\u00e9veloppement sans se d\u00e9placer et ni transporter la marchandise (Amadou Kon\u00e9)"},"content":{"rendered":"<p><em><strong>Suite aux troubles de l&#8217;\u00e9lection pr\u00e9sidentielle du 31 octobre 2020 qui ont attrist\u00e9 les transporteurs ivoiriens, le ministre des Transports, Amadou Kon\u00e9 a rencontr\u00e9 les acteurs du secteur, le jeudi 14 janvier 2021 dans les locaux du Haut Conseil du Patronat des Entreprises de Transport Routier (Hcpetr-Ci), pour leur exprimer le r\u00e9confort et la compassion du Chef de l&#8217;\u00c9tat Alassane Ouattara et du Gouvernement.<\/strong><\/em><\/p>\n<p>\u00c0 cette occasion, le ministre <a href=\"https:\/\/www.lintelligentdabidjan.info\/news\/hommage-a-lex-pm-agc-a-korhogo-amadou-kone-explique-pourquoi-les-cadres-elus-et-populations-nont-pas-touche-sa-tombe\/\" target=\"_blank\">Amadou Kon\u00e9<\/a> a salu\u00e9 le sang-froid et l&#8217;esprit r\u00e9publicain observ\u00e9s par les transporteurs durant toute la p\u00e9riode des troubles li\u00e9s au mot d&#8217;ordre de &#8220;d\u00e9sob\u00e9issance civile&#8221; lanc\u00e9 par des partis politiques de l&#8217;opposition lors de la pr\u00e9sidentielle d&#8217;octobre 2020.<\/p>\n<p>\u00ab Sachez que le Pr\u00e9sident de la R\u00e9publique et le gouvernement ont pris bonne note de ce que vous avez v\u00e9cu. Sans ce maillon que vous constituez, il n\u2019y a pas d\u2019\u00e9conomie et de d\u00e9veloppement social. Car, il n\u2019y a aucun d\u00e9veloppement sans la possibilit\u00e9 de se d\u00e9placer et de transporter de la marchandise. C&#8217;est donc dire que l&#8217;embellie qu&#8217;enregistre notre pays depuis une d\u00e9cennie est en grande partie due au travail fait par les acteurs des transports. Mon ambition, c\u2019est de faire en sorte que nous ayons une chambre consulaire \u00e0 l\u2019image de la chambre des m\u00e9tiers ou de la chambre de commerce, que l\u2019\u00c9tat pourra soutenir davantage pour faciliter la professionnalisation et la modernisation du secteur \u00bb, a-t-il dit.<\/p>\n<p>Heureux de cette visite de la tutelle, Camara Aboudramane, pr\u00e9sident du Hcpetr-Ci, a remerci\u00e9 le Pr\u00e9sident de la R\u00e9publique ainsi que le Gouvernement,au nom de ses pairs pour l\u2019attention particuli\u00e8re accord\u00e9e \u00e0 leur secteur. Ils se sont engag\u00e9s \u00e0 \u0153uvrer en partenariat avec le gouvernement, afin de contribuer \u00e0 la satisfaction des populations.<\/p>\n<p>Pour aider le secteur \u00e0 faire face \u00e0 la r\u00e9surgence de la maladie \u00e0 coronavirus, Amadou Kon\u00e9, a remis la veille, plus de 275 mille masques aux acteurs, et les a invit\u00e9s \u00e0 l&#8217;observance des mesures <a href=\"https:\/\/www.lintelligentdabidjan.info\/news\/amadou-kone-ministre-des-transports-grace-au-bon-dieu-et-grace-a-vous-tout-se-passera-bien-et-vous-serez-le-president-de-la-republique-pour-conduire-le-navire-ivoire\/\" target=\"_blank\">barri\u00e8res<\/a> de lutte contre la Covid-19.<\/p>\n<p><strong>MO avec KN(Sercom)<\/strong><\/p>\n<p>Pour acheter votre journal du jour en PDF &#8211; les archives et les num\u00e9ros r\u00e9cents, cliquer \u00a0&#8230;..<\/p>\n<p>&nbsp;<\/p>\n<p>&nbsp;<\/p>\n<p><a href=\"https:\/\/www.lintelligentdabidjan.info\/client\/produit\/n3749-4\/\">https:\/\/www.lintelligentdabidjan.info\/client\/produit\/n3749-4\/<\/a><\/p>\n","protected":false},"excerpt":{"rendered":"<p>Suite aux troubles de l&#8217;\u00e9lection pr\u00e9sidentielle du 31 octobre 2020 qui ont attrist\u00e9 les transporteurs ivoiriens, le ministre des Transports, Amadou Kon\u00e9 a rencontr\u00e9 les acteurs du secteur, le jeudi 14 janvier 2021 dans les locaux du Haut Conseil du Patronat des Entreprises de Transport Routier (Hcpetr-Ci), pour leur exprimer le r\u00e9confort et la compassion [&hellip;]<\/p>\n","protected":false},"author":3,"featured_media":24852,"comment_status":"closed","ping_status":"closed","sticky":false,"template":"","format":"standard","meta":{"_monsterinsights_skip_tracking":false,"_monsterinsights_sitenote_active":false,"_monsterinsights_sitenote_note":"","_monsterinsights_sitenote_category":0,"footnotes":""},"categories":[2,17,3],"tags":[473,77,937],"class_list":["post-24851","post","type-post","status-publish","format-standard","has-post-thumbnail","hentry","category-featured","category-politique","category-societe","tag-amadou-kone","tag-cote-divoire","tag-hcpetr-ci"],"_links":{"self":[{"href":"https:\/\/www.lintelligentdabidjan.info\/news\/wp-json\/wp\/v2\/posts\/24851","targetHints":{"allow":["GET"]}}],"collection":[{"href":"https:\/\/www.lintelligentdabidjan.info\/news\/wp-json\/wp\/v2\/posts"}],"about":[{"href":"https:\/\/www.lintelligentdabidjan.info\/news\/wp-json\/wp\/v2\/types\/post"}],"author":[{"embeddable":true,"href":"https:\/\/www.lintelligentdabidjan.info\/news\/wp-json\/wp\/v2\/users\/3"}],"replies":[{"embeddable":true,"href":"https:\/\/www.lintelligentdabidjan.info\/news\/wp-json\/wp\/v2\/comments?post=24851"}],"version-history":[{"count":3,"href":"https:\/\/www.lintelligentdabidjan.info\/news\/wp-json\/wp\/v2\/posts\/24851\/revisions"}],"predecessor-version":[{"id":24855,"href":"https:\/\/www.lintelligentdabidjan.info\/news\/wp-json\/wp\/v2\/posts\/24851\/revisions\/24855"}],"wp:featuredmedia":[{"embeddable":true,"href":"https:\/\/www.lintelligentdabidjan.info\/news\/wp-json\/wp\/v2\/media\/24852"}],"wp:attachment":[{"href":"https:\/\/www.lintelligentdabidjan.info\/news\/wp-json\/wp\/v2\/media?parent=24851"}],"wp:term":[{"taxonomy":"category","embeddable":true,"href":"https:\/\/www.lintelligentdabidjan.info\/news\/wp-json\/wp\/v2\/categories?post=24851"},{"taxonomy":"post_tag","embeddable":true,"href":"https:\/\/www.lintelligentdabidjan.info\/news\/wp-json\/wp\/v2\/tags?post=24851"}],"curies":[{"name":"wp","href":"https:\/\/api.w.org\/{rel}","templated":true}]}}