{"id":24889,"date":"2021-01-19T20:43:04","date_gmt":"2021-01-19T19:43:04","guid":{"rendered":"https:\/\/www.lintelligentdabidjan.info\/news\/?p=24889"},"modified":"2021-01-19T20:52:37","modified_gmt":"2021-01-19T19:52:37","slug":"cote-divoire-djedje-mady-dement-avoir-retire-sa-candidature-gauzepdci","status":"publish","type":"post","link":"https:\/\/www.lintelligentdabidjan.info\/news\/cote-divoire-djedje-mady-dement-avoir-retire-sa-candidature-gauzepdci\/","title":{"rendered":"C\u00f4te d\u2019Ivoire : Dj\u00e9dj\u00e9 Mady d\u00e9ment avoir retir\u00e9 sa candidature (Gauze,Pdci)"},"content":{"rendered":"<p><em><strong>Au lendemain du d\u00e9p\u00f4t de sa candidature au si\u00e8ge de la commission \u00e9lectorale ind\u00e9pendante (CEI), en qualit\u00e9 de candidat ind\u00e9pendant aux l\u00e9gislatives du 06 mars 2021 dans la circonscription de Sa\u00efoua-Nahio, une source proche du Vice-pr\u00e9sident du PDCI-RDA avait annonc\u00e9 qu&#8217;il avait d\u00e9cid\u00e9 de retirer sa candidature.<\/strong><\/em><\/p>\n<p>Joint au t\u00e9l\u00e9phone ce mardi 19 janvier 2021 aux environs de 18 heures, Alphonse <a href=\"https:\/\/www.lintelligentdabidjan.info\/news\/municipale-a-daloa-pr-alphonse-djedje-mady-aux-populations-il-y-a-des-premices-qui-montrent-que-cest-me-kossougro-qui-est-le-mieux-place-pour-diriger-daloa\/\" target=\"_blank\">Dj\u00e9dj\u00e9 Mady<\/a> a d\u00e9menti l&#8217;information.<\/p>\n<p>&#8221; Je n&#8217;ai pas retir\u00e9 ma candidature. Demandez \u00e0 celui qui vous a donn\u00e9 l&#8217;information la raison d&#8217;une telle d\u00e9cision &#8221; , a-t-il l\u00e2ch\u00e9 avant de nous raccrocher au nez , alors que le d\u00e9put\u00e9 J\u00e9r\u00f4me Gauze qui est proche de lui avait r\u00e9v\u00e9l\u00e9 <a href=\"https:\/\/www.lintelligentdabidjan.info\/news\/haut-sassandra-apres-la-designation-de-djedje-mady-comme-candidat-par-le-pdci-leopoldine-coffie-maintient-sa-candidature\/\" target=\"_blank\">l\u2019information<\/a> contraire, et que des sources proches du pr\u00e9sident B\u00e9di\u00e9 annon\u00e7aient la conclusion d\u2019un accord.<\/p>\n<p><strong>TAB<\/strong><\/p>\n<p>Pour acheter votre journal du jour en PDF &#8211; les archives et les num\u00e9ros r\u00e9cents, cliquer \u00a0&#8230;..<\/p>\n<p>&nbsp;<\/p>\n<p>&nbsp;<\/p>\n<p><a href=\"https:\/\/www.lintelligentdabidjan.info\/client\/produit\/n3749-4\/\">https:\/\/www.lintelligentdabidjan.info\/client\/produit\/n3749-4\/<\/a><\/p>\n","protected":false},"excerpt":{"rendered":"<p>Au lendemain du d\u00e9p\u00f4t de sa candidature au si\u00e8ge de la commission \u00e9lectorale ind\u00e9pendante (CEI), en qualit\u00e9 de candidat ind\u00e9pendant aux l\u00e9gislatives du 06 mars 2021 dans la circonscription de Sa\u00efoua-Nahio, une source proche du Vice-pr\u00e9sident du PDCI-RDA avait annonc\u00e9 qu&#8217;il avait d\u00e9cid\u00e9 de retirer sa candidature. Joint au t\u00e9l\u00e9phone ce mardi 19 janvier 2021 [&hellip;]<\/p>\n","protected":false},"author":3,"featured_media":24890,"comment_status":"closed","ping_status":"closed","sticky":false,"template":"","format":"standard","meta":{"_monsterinsights_skip_tracking":false,"_monsterinsights_sitenote_active":false,"_monsterinsights_sitenote_note":"","_monsterinsights_sitenote_category":0,"footnotes":""},"categories":[2,17],"tags":[77,949,950,139],"class_list":["post-24889","post","type-post","status-publish","format-standard","has-post-thumbnail","hentry","category-featured","category-politique","tag-cote-divoire","tag-djedje-mady","tag-gauze","tag-pdci"],"_links":{"self":[{"href":"https:\/\/www.lintelligentdabidjan.info\/news\/wp-json\/wp\/v2\/posts\/24889","targetHints":{"allow":["GET"]}}],"collection":[{"href":"https:\/\/www.lintelligentdabidjan.info\/news\/wp-json\/wp\/v2\/posts"}],"about":[{"href":"https:\/\/www.lintelligentdabidjan.info\/news\/wp-json\/wp\/v2\/types\/post"}],"author":[{"embeddable":true,"href":"https:\/\/www.lintelligentdabidjan.info\/news\/wp-json\/wp\/v2\/users\/3"}],"replies":[{"embeddable":true,"href":"https:\/\/www.lintelligentdabidjan.info\/news\/wp-json\/wp\/v2\/comments?post=24889"}],"version-history":[{"count":5,"href":"https:\/\/www.lintelligentdabidjan.info\/news\/wp-json\/wp\/v2\/posts\/24889\/revisions"}],"predecessor-version":[{"id":24895,"href":"https:\/\/www.lintelligentdabidjan.info\/news\/wp-json\/wp\/v2\/posts\/24889\/revisions\/24895"}],"wp:featuredmedia":[{"embeddable":true,"href":"https:\/\/www.lintelligentdabidjan.info\/news\/wp-json\/wp\/v2\/media\/24890"}],"wp:attachment":[{"href":"https:\/\/www.lintelligentdabidjan.info\/news\/wp-json\/wp\/v2\/media?parent=24889"}],"wp:term":[{"taxonomy":"category","embeddable":true,"href":"https:\/\/www.lintelligentdabidjan.info\/news\/wp-json\/wp\/v2\/categories?post=24889"},{"taxonomy":"post_tag","embeddable":true,"href":"https:\/\/www.lintelligentdabidjan.info\/news\/wp-json\/wp\/v2\/tags?post=24889"}],"curies":[{"name":"wp","href":"https:\/\/api.w.org\/{rel}","templated":true}]}}