{"id":24925,"date":"2021-01-20T23:40:34","date_gmt":"2021-01-20T22:40:34","guid":{"rendered":"https:\/\/www.lintelligentdabidjan.info\/news\/?p=24925"},"modified":"2021-01-20T23:40:59","modified_gmt":"2021-01-20T22:40:59","slug":"contribution-cote-divoire-le-coup-foire-de-ternir-limage-du-president-alassane-ouattara","status":"publish","type":"post","link":"https:\/\/www.lintelligentdabidjan.info\/news\/contribution-cote-divoire-le-coup-foire-de-ternir-limage-du-president-alassane-ouattara\/","title":{"rendered":"Contribution-  C\u00f4te d\u2019Ivoire : le coup foir\u00e9 de ternir l\u2019image du Pr\u00e9sident Alassane Ouattara"},"content":{"rendered":"<p><em><strong>L\u2019ann\u00e9e 2020 aura \u00e9t\u00e9 marqu\u00e9e en C\u00f4te d\u2019Ivoire par des regards bien souvent erron\u00e9s sur la marche du pays. Des m\u00e9dias, organisations non gouvernementales, politiques ou leaders d\u2019opinion, d\u2019ici ou d\u2019ailleurs, avaient cru trouver en l\u2019\u00e9lection pr\u00e9sidentielle du 31 octobre 2020 une excellente fen\u00eatre d\u2019opportunit\u00e9 pour s\u2019adonner \u00e0 un exercice p\u00e9rilleux : celui de ternir l\u2019image du pays et surtout celle de son Pr\u00e9sident Alassane Ouattara. Ils ont utilis\u00e9 toutes sortes de superlatifs n\u00e9gatifs et donn\u00e9 dans les surench\u00e8res les plus ahurissantes contre le pays et ses dirigeants. Mais, ce fut peine perdue.<\/strong><\/em><\/p>\n<p>En fait, pour qui conna\u00eet r\u00e9ellement le poids de la C\u00f4te d\u2019Ivoire, avec le d\u00e9veloppement socio-\u00e9conomique intervenu de 2011 \u00e0 2020, pour qui a une connaissance r\u00e9elle de cet Homme d\u2019Etat, ce technocrate chevronn\u00e9, ce politique au leadership consomm\u00e9 du nom d\u2019Alassane Ouattara, cette op\u00e9ration ne pouvait que foirer. Lamentablement. Et ce fut bien le cas.<\/p>\n<p>Les Ivoiriens ne reprochent \u00e0 aucune organisation de porter un jugement sur la plus forte \u00e9conomie de l\u2019Union Economique et Mon\u00e9taire Ouest-Africaine (UEMOA), le pays le plus riche de l\u2019Afrique de l\u2019Ouest, l\u2019un des dix pays \u00e0 la plus forte croissance \u00e9conomique au monde.<\/p>\n<p>On ne reproche non plus \u00e0 personne d\u2019\u00eatre critique sur l\u2019action publique d\u2019Alassane Ouattara, l\u2019un des leaders les plus brillants, comp\u00e9tents, charismatiques et m\u00e9diatis\u00e9s en Afrique et dans le monde. Alassane Ouattara, un gouvernant que tout pays africain, europ\u00e9en, ou am\u00e9ricain aurait aim\u00e9 avoir \u00e0 sa t\u00eate.<\/p>\n<p>Ce que les Ivoiriens, soucieux de vivre dans la paix et la stabilit\u00e9, n\u2019acceptent pas, c\u2019est de voir des m\u00e9dias ou institutions de d\u00e9fense de ceci ou de cela, entreprendre des actions de sabotage, pour ternir l\u2019image de leur pays, pour diaboliser un leader de la stature de Ouattara.<\/p>\n<p>Un Pr\u00e9sident qui a tant donn\u00e9 \u00e0 son pays, aux Ivoiriens, en si peu de temps, depuis son arriv\u00e9e au pouvoir en 2011. Cet expert en d\u00e9veloppement visionnaire qui a sorti la C\u00f4te d\u2019Ivoire de l\u2019\u00e9tat socio-\u00e9conomique d\u00e9sastreux dans lequel ses pr\u00e9d\u00e9cesseurs l\u2019avaient plong\u00e9 depuis le d\u00e9c\u00e8s en 1993 du Pr\u00e9sident F\u00e9lix Houphou\u00ebt-Boigny.<\/p>\n<p>Ceux-ci n\u2019avaient pas l\u2019exp\u00e9rience, la technicit\u00e9 et l\u2019expertise n\u00e9cessaires pour asseoir une stabilit\u00e9 politique, am\u00e9liorer les conditions de vie des populations et doter le pays d\u2019infrastructures n\u00e9cessaires pour relancer l\u2019\u00e9conomie, tirer la croissance et cr\u00e9er de la richesse.<\/p>\n<p>Depuis l\u2019arriv\u00e9e de Ouattara aux affaires, le pays conna\u00eet un progr\u00e8s socio-\u00e9conomique sans pr\u00e9c\u00e9dent, avec des performances in\u00e9gal\u00e9es, \u00e0 faire p\u00e2lir de grands pays europ\u00e9ens, am\u00e9ricains ou asiatiques. Ses politiques ont permis d\u2019am\u00e9liorer le revenu des populations et de donner un acc\u00e8s plus important aux services sociaux de sant\u00e9, d\u2019eau potable, d\u2019\u00e9ducation, d\u2019\u00e9lectricit\u00e9, etc.<\/p>\n<p>Les regards, \u00e0 travers des prismes d\u00e9formants, qu\u2019on a pu lire, voir ou entendre au sujet de la C\u00f4te d\u2019Ivoire, \u00e9taient trop synchronis\u00e9s avec les positions de certains politiques locaux pour ne pas \u00eatre une op\u00e9ration concert\u00e9e de d\u00e9stabilisation.<\/p>\n<p>L\u2019objectif de la mission \u00e9tait clair : salir absolument l\u2019image du pays et surtout saper la r\u00e9putation de classe mondiale d\u2019Alassane Ouattara. L\u2019op\u00e9ration avait, du reste, commenc\u00e9 pour certains bien longtemps avant l\u2019\u00e9lection pr\u00e9sidentielle d\u2019octobre 2020.<\/p>\n<p>D\u2019o\u00f9 la volont\u00e9 farouche des Ivoiriens, qui avaient d\u00e9couvert le pot aux roses, de s\u2019opposer \u00e0 leur plan, de le faire \u00e9chouer d\u00e9mocratiquement par le truchement des urnes, en allant voter massivement malgr\u00e9 les obstructions en tout genre.<\/p>\n<p>Dans l\u2019attaque en r\u00e8gle contre le pays et l\u2019op\u00e9ration de diabolisation du Pr\u00e9sident Ouattara, ils avaient tabl\u00e9 sur les ethnies et les religions, croyant, par cette courte \u00e9chelle, faciliter leur mission. A l\u2019analyse, la majorit\u00e9 des Ivoiriens, sous Alassane Ouattara, ne sont plus dans les petits calculs d\u2019\u00ab ivoirit\u00e9 \u00bb, de religion, de nationalisme bouffon ou de patriotisme folklorique. Ils sont si fiers de leur m\u00e9tissage, ce m\u00e9lange entre les populations, les religions et les groupes linguistiques.<\/p>\n<p>En outre, que ce soit en milieu rural ou urbain, il y a un changement de paradigme. Les populations ont d\u00e9sormais pour leitmotiv le d\u00e9veloppement socio-\u00e9conomique, la modernisation du pays, la cr\u00e9ation d\u2019emplois, l\u2019achat des produits agricoles \u00e0 des prix d\u00e9cents\u2026<\/p>\n<p>C\u2019est vrai, quelques illumin\u00e9s, pour la plupart des adolescents d\u00e9s\u0153uvr\u00e9s, ont pu succomber en octobre 2020 \u00e0 des posts et rumeurs v\u00e9hicul\u00e9s sur les r\u00e9seaux sociaux, le temps d\u2019une \u00e9lection, mais cela ne pouvait et ne saurait plus prosp\u00e9rer durablement en C\u00f4te d\u2019Ivoire. Tous les r\u00e9gimes qui se sont adonn\u00e9s \u00e0 l\u2019exercice de jouer les ethnies les unes contre les autres, depuis le d\u00e9c\u00e8s du Pr\u00e9sident F\u00e9lix Houphou\u00ebt-Boigny, y ont tous laiss\u00e9 des plumes. Il devrait en \u00eatre ainsi, aujourd\u2019hui et demain, dans ce pays de brassage.<\/p>\n<p>On le voit donc, les acteurs de l\u2019op\u00e9ration foir\u00e9e se sont tromp\u00e9s de pays et d\u2019\u00e9poque. Les Ivoiriens ont certes connu des p\u00e9riodes difficiles, n\u2019ayant souvent pas \u00e9t\u00e9 loin du fond de l\u2019ab\u00eeme, comme en 2010-2011 ; mais, dans l\u2019ensemble, ils ont tourn\u00e9 la page et demeurent, malgr\u00e9 les manipulations politiques, dans la dynamique s\u00e9culaire de maintenir ce qui a toujours fait le charme de ce pays : le melting-pot, le patchwork ou le N\u2019Zassa.<\/p>\n<p>Dans leur op\u00e9ration mal ficel\u00e9e, ces m\u00e9dias, personnalit\u00e9s ou institutions, avaient \u00e9galement sous-estim\u00e9 la dimension intrins\u00e8que de l\u2019homme Ouattara. Ouattara, l\u2019ancien Premier Ministre de F\u00e9lix Houphou\u00ebt-Boigny, l\u2019ancien Gouverneur de le Banque Centrale des Etats de l\u2019Afrique de l\u2019Ouest (BCEAO) et l\u2019ancien Directeur G\u00e9n\u00e9ral Adjoint du Fonds Mon\u00e9taire International (FMI). Un profil tout \u00e0 l\u2019oppos\u00e9 de celui d\u2019un gouvernant de paille, populiste, sans coffre, sans substance\u2026<\/p>\n<p>Ils l\u2019auront appris \u00e0 leurs d\u00e9pens. C\u2019est un fait : Ouattara, du fait de son background, son exp\u00e9rience et ses r\u00e9sultats dans la gestion des affaires de son pays et m\u00eame de l\u2019Afrique, fait la fiert\u00e9 des Ivoiriens et des Africains. Toute tentative de ternir son image et celle de son pays, sous sa gouvernance, est d\u2019avance vou\u00e9e \u00e0 l\u2019\u00e9chec.<\/p>\n<p><strong>Bakary SANOGO<\/strong><\/p>\n<p><strong>Journaliste, Expert en Communication<\/strong><br \/>\n<strong> Directeur du Centre d\u2019Information et de Communication Gouvernementale (CICG) Abidjan, C\u00f4te d\u2019Ivoire<\/strong><\/p>\n<p>&nbsp;<\/p>\n<p>Pour acheter votre journal du jour en PDF &#8211; les archives et les num\u00e9ros r\u00e9cents, cliquer \u00a0&#8230;..<\/p>\n<p><a href=\"https:\/\/www.lintelligentdabidjan.info\/client\/produit\/n3749-4\/\">https:\/\/www.lintelligentdabidjan.info\/client\/produit\/n3749-4\/<\/a><\/p>\n","protected":false},"excerpt":{"rendered":"<p>L\u2019ann\u00e9e 2020 aura \u00e9t\u00e9 marqu\u00e9e en C\u00f4te d\u2019Ivoire par des regards bien souvent erron\u00e9s sur la marche du pays. Des m\u00e9dias, organisations non gouvernementales, politiques ou leaders d\u2019opinion, d\u2019ici ou d\u2019ailleurs, avaient cru trouver en l\u2019\u00e9lection pr\u00e9sidentielle du 31 octobre 2020 une excellente fen\u00eatre d\u2019opportunit\u00e9 pour s\u2019adonner \u00e0 un exercice p\u00e9rilleux : celui de ternir [&hellip;]<\/p>\n","protected":false},"author":3,"featured_media":24926,"comment_status":"closed","ping_status":"closed","sticky":false,"template":"","format":"standard","meta":{"_monsterinsights_skip_tracking":false,"_monsterinsights_sitenote_active":false,"_monsterinsights_sitenote_note":"","_monsterinsights_sitenote_category":0,"footnotes":""},"categories":[2,17,3],"tags":[39,77,956],"class_list":["post-24925","post","type-post","status-publish","format-standard","has-post-thumbnail","hentry","category-featured","category-politique","category-societe","tag-alassane-ouattara","tag-cote-divoire","tag-le-coup-foire"],"_links":{"self":[{"href":"https:\/\/www.lintelligentdabidjan.info\/news\/wp-json\/wp\/v2\/posts\/24925","targetHints":{"allow":["GET"]}}],"collection":[{"href":"https:\/\/www.lintelligentdabidjan.info\/news\/wp-json\/wp\/v2\/posts"}],"about":[{"href":"https:\/\/www.lintelligentdabidjan.info\/news\/wp-json\/wp\/v2\/types\/post"}],"author":[{"embeddable":true,"href":"https:\/\/www.lintelligentdabidjan.info\/news\/wp-json\/wp\/v2\/users\/3"}],"replies":[{"embeddable":true,"href":"https:\/\/www.lintelligentdabidjan.info\/news\/wp-json\/wp\/v2\/comments?post=24925"}],"version-history":[{"count":1,"href":"https:\/\/www.lintelligentdabidjan.info\/news\/wp-json\/wp\/v2\/posts\/24925\/revisions"}],"predecessor-version":[{"id":24927,"href":"https:\/\/www.lintelligentdabidjan.info\/news\/wp-json\/wp\/v2\/posts\/24925\/revisions\/24927"}],"wp:featuredmedia":[{"embeddable":true,"href":"https:\/\/www.lintelligentdabidjan.info\/news\/wp-json\/wp\/v2\/media\/24926"}],"wp:attachment":[{"href":"https:\/\/www.lintelligentdabidjan.info\/news\/wp-json\/wp\/v2\/media?parent=24925"}],"wp:term":[{"taxonomy":"category","embeddable":true,"href":"https:\/\/www.lintelligentdabidjan.info\/news\/wp-json\/wp\/v2\/categories?post=24925"},{"taxonomy":"post_tag","embeddable":true,"href":"https:\/\/www.lintelligentdabidjan.info\/news\/wp-json\/wp\/v2\/tags?post=24925"}],"curies":[{"name":"wp","href":"https:\/\/api.w.org\/{rel}","templated":true}]}}