{"id":24934,"date":"2021-01-22T00:09:53","date_gmt":"2021-01-21T23:09:53","guid":{"rendered":"https:\/\/www.lintelligentdabidjan.info\/news\/?p=24934"},"modified":"2021-01-22T00:09:53","modified_gmt":"2021-01-21T23:09:53","slug":"manuella-ollo-pourquoi-le-label-des-consommateurs-africains","status":"publish","type":"post","link":"https:\/\/www.lintelligentdabidjan.info\/news\/manuella-ollo-pourquoi-le-label-des-consommateurs-africains\/","title":{"rendered":"Manuella Ollo : \u201cPourquoi le label des consommateurs africains\u201d"},"content":{"rendered":"<p><em><strong>Le label des consommateurs africains et le minist\u00e8re du Commerce et de l\u2019Industrie ont anim\u00e9 une conf\u00e9rence de presse le jeudi 21 janvier 2021 \u00e0 Abidjan-Plateau pour lancer la 6\u00e8me \u00e9dition du label qualit\u00e9 2021. <\/strong><\/em><\/p>\n<p>\u00c0 cette occasion, la commissaire g\u00e9n\u00e9ral du label des consommateurs africains, Manuella Ollo a indiqu\u00e9 que le label des consommateurs africains a pour objectif de recommander les produits et services de qualit\u00e9 au consommateur, et d\u2019apporter aux entreprises qui font de la qualit\u00e9 un de leurs leitmotivs, un avantage comp\u00e9titif sur le territoire national et \u00e0 l\u2019international. Manuella Ollo a fait savoir que le label des consommateurs africains est une feuille de route qui indique aux entreprises comment elles doivent se comporter, et ce qu&#8217;elles doivent am\u00e9liorer en termes de qualit\u00e9 des produits et services. \u00ab C&#8217;est un concept qui aura bient\u00f4t six ans et cela d\u00e9montre que les consommateurs, le gouvernement et les entreprises ont compris l&#8217;importance de ce label qui les r\u00e9concilie avec les consommateurs \u00bb, a-t-elle pr\u00e9cis\u00e9. Koizan Aim\u00e9e, Directeur g\u00e9n\u00e9ral au minist\u00e8re du commerce et de l\u2019industrie a indiqu\u00e9 que le label des consommateurs permet de prot\u00e9ger les consommateurs. \u00ab Sur les 5 \u00e9ditions pr\u00e9c\u00e9dentes 200 marques ont \u00e9t\u00e9 labellis\u00e9es. Nous avons pu toucher plus de 50.000 consommateurs, avec plus de 500 entreprises qui ont pu participer jusqu&#8217;\u00e0 ce jour. Contrairement aux \u00c9ditions pr\u00e9c\u00e9dentes, 2021 aura des innovations, et la c\u00e9r\u00e9monie de distinction est pr\u00e9vue pour le 24 juin 2021 \u00bb, a indiqu\u00e9 Oponon St\u00e9phane, Directeur commercial du label des consommateurs africains<\/p>\n<p><strong>M. Isma\u00efla<\/strong><\/p>\n<p>Pour acheter votre journal du jour en PDF &#8211; les archives et les num\u00e9ros r\u00e9cents, cliquer \u00a0&#8230;..<\/p>\n<p>&nbsp;<\/p>\n<p>&nbsp;<\/p>\n<p><a href=\"https:\/\/www.lintelligentdabidjan.info\/client\/produit\/n3749-4\/\">https:\/\/www.lintelligentdabidjan.info\/client\/produit\/n3749-4\/<\/a><\/p>\n","protected":false},"excerpt":{"rendered":"<p>Le label des consommateurs africains et le minist\u00e8re du Commerce et de l\u2019Industrie ont anim\u00e9 une conf\u00e9rence de presse le jeudi 21 janvier 2021 \u00e0 Abidjan-Plateau pour lancer la 6\u00e8me \u00e9dition du label qualit\u00e9 2021. \u00c0 cette occasion, la commissaire g\u00e9n\u00e9ral du label des consommateurs africains, Manuella Ollo a indiqu\u00e9 que le label des consommateurs [&hellip;]<\/p>\n","protected":false},"author":3,"featured_media":24935,"comment_status":"closed","ping_status":"closed","sticky":false,"template":"","format":"standard","meta":{"_monsterinsights_skip_tracking":false,"_monsterinsights_sitenote_active":false,"_monsterinsights_sitenote_note":"","_monsterinsights_sitenote_category":0,"footnotes":""},"categories":[2,3],"tags":[],"class_list":["post-24934","post","type-post","status-publish","format-standard","has-post-thumbnail","hentry","category-featured","category-societe"],"_links":{"self":[{"href":"https:\/\/www.lintelligentdabidjan.info\/news\/wp-json\/wp\/v2\/posts\/24934","targetHints":{"allow":["GET"]}}],"collection":[{"href":"https:\/\/www.lintelligentdabidjan.info\/news\/wp-json\/wp\/v2\/posts"}],"about":[{"href":"https:\/\/www.lintelligentdabidjan.info\/news\/wp-json\/wp\/v2\/types\/post"}],"author":[{"embeddable":true,"href":"https:\/\/www.lintelligentdabidjan.info\/news\/wp-json\/wp\/v2\/users\/3"}],"replies":[{"embeddable":true,"href":"https:\/\/www.lintelligentdabidjan.info\/news\/wp-json\/wp\/v2\/comments?post=24934"}],"version-history":[{"count":1,"href":"https:\/\/www.lintelligentdabidjan.info\/news\/wp-json\/wp\/v2\/posts\/24934\/revisions"}],"predecessor-version":[{"id":24936,"href":"https:\/\/www.lintelligentdabidjan.info\/news\/wp-json\/wp\/v2\/posts\/24934\/revisions\/24936"}],"wp:featuredmedia":[{"embeddable":true,"href":"https:\/\/www.lintelligentdabidjan.info\/news\/wp-json\/wp\/v2\/media\/24935"}],"wp:attachment":[{"href":"https:\/\/www.lintelligentdabidjan.info\/news\/wp-json\/wp\/v2\/media?parent=24934"}],"wp:term":[{"taxonomy":"category","embeddable":true,"href":"https:\/\/www.lintelligentdabidjan.info\/news\/wp-json\/wp\/v2\/categories?post=24934"},{"taxonomy":"post_tag","embeddable":true,"href":"https:\/\/www.lintelligentdabidjan.info\/news\/wp-json\/wp\/v2\/tags?post=24934"}],"curies":[{"name":"wp","href":"https:\/\/api.w.org\/{rel}","templated":true}]}}