{"id":24937,"date":"2021-01-22T00:17:28","date_gmt":"2021-01-21T23:17:28","guid":{"rendered":"https:\/\/www.lintelligentdabidjan.info\/news\/?p=24937"},"modified":"2021-01-22T00:46:16","modified_gmt":"2021-01-21T23:46:16","slug":"sante-le-ministre-aka-aouele-et-le-professeur-meliane-ebagnitche-ndhatz-sanogo-infas-distingues","status":"publish","type":"post","link":"https:\/\/www.lintelligentdabidjan.info\/news\/sante-le-ministre-aka-aouele-et-le-professeur-meliane-ebagnitche-ndhatz-sanogo-infas-distingues\/","title":{"rendered":"Sant\u00e9- Le ministre Aka Aouel\u00e9 et le professeur Meliane Ebagnitch\u00e9 N&#8217;dhatz-Sanogo (Infas) distingu\u00e9s"},"content":{"rendered":"<p><em><strong>La Directrice g\u00e9n\u00e9rale de l&#8217;Institut national de la formation des agents de sant\u00e9 (Infas), Professeur Meliane Ebagnitch\u00e9 N&#8217;dhatz-Sanogo a re\u00e7u le \u2018\u2019Prix de la meilleure administration des agents de la sant\u00e9 de la zone Uemoa 2020\u2019\u2019 le 15 janvier 2021 \u00e0 Abidjan.<\/strong><\/em><\/p>\n<p>Distingu\u00e9e parmi 14 personnalit\u00e9s pour leur investissement au quotidien pour l&#8217;am\u00e9lioration des conditions de vie des populations dans les domaines de la sant\u00e9 et de l&#8217;\u00e9conomie en C\u00f4te d&#8217;Ivoire pour le compte de l&#8217;ann\u00e9e 2020, le &#8221; Professeur Meliane N&#8217;dhatz-Sanogo, a exprim\u00e9 sa reconnaissance \u00e0 l&#8217;initiative de la structure Afriquev\u00e9rit\u00e9 qui vise \u00e0 promouvoir la bonne gouvernance et l&#8217;excellence \u00e0 travers des actions concr\u00e8tes en C\u00f4te d&#8217;Ivoire et en Afrique.<br \/>\n&#8220;C&#8217;est au terme d&#8217;une enqu\u00eate d&#8217;opinion sur les comp\u00e9tences de vos talents et de vos valeurs que vous \u00eates distingu\u00e9es ce soir&#8221;, a dit l&#8217;administrateur g\u00e9n\u00e9ral d&#8217;Afriquev\u00e9rit\u00e9, Fornier Lath Apka.<br \/>\nCette c\u00e9r\u00e9monie de distinction des meilleurs de l&#8217;\u00e9mergence initi\u00e9e par Afriquev\u00e9rit\u00e9 est \u00e0 sa 11\u00e8me \u00e9dition. Au cours de cette c\u00e9r\u00e9monie, le prix &#8220;Super laur\u00e9at meilleur des meilleurs a \u00e9t\u00e9 attribu\u00e9 au Docteur Eug\u00e8ne Aka Aou\u00e9l\u00e9, ministre de la Sant\u00e9 et de l&#8217;Hygi\u00e8ne Publique pour son engagement dans la lutte contre la pand\u00e9mie Covid-19.<\/p>\n<p><strong>Aboubacar Al Syddick<\/strong><\/p>\n<p>Pour acheter votre journal du jour en PDF &#8211; les archives et les num\u00e9ros r\u00e9cents, cliquer \u00a0&#8230;..<\/p>\n<p>&nbsp;<\/p>\n<p>&nbsp;<\/p>\n<p><a href=\"https:\/\/www.lintelligentdabidjan.info\/client\/produit\/n3749-4\/\">https:\/\/www.lintelligentdabidjan.info\/client\/produit\/n3749-4\/<\/a><\/p>\n","protected":false},"excerpt":{"rendered":"<p>La Directrice g\u00e9n\u00e9rale de l&#8217;Institut national de la formation des agents de sant\u00e9 (Infas), Professeur Meliane Ebagnitch\u00e9 N&#8217;dhatz-Sanogo a re\u00e7u le \u2018\u2019Prix de la meilleure administration des agents de la sant\u00e9 de la zone Uemoa 2020\u2019\u2019 le 15 janvier 2021 \u00e0 Abidjan. Distingu\u00e9e parmi 14 personnalit\u00e9s pour leur investissement au quotidien pour l&#8217;am\u00e9lioration des conditions [&hellip;]<\/p>\n","protected":false},"author":3,"featured_media":24946,"comment_status":"closed","ping_status":"closed","sticky":false,"template":"","format":"standard","meta":{"_monsterinsights_skip_tracking":false,"_monsterinsights_sitenote_active":false,"_monsterinsights_sitenote_note":"","_monsterinsights_sitenote_category":0,"footnotes":""},"categories":[2,3],"tags":[],"class_list":["post-24937","post","type-post","status-publish","format-standard","has-post-thumbnail","hentry","category-featured","category-societe"],"_links":{"self":[{"href":"https:\/\/www.lintelligentdabidjan.info\/news\/wp-json\/wp\/v2\/posts\/24937","targetHints":{"allow":["GET"]}}],"collection":[{"href":"https:\/\/www.lintelligentdabidjan.info\/news\/wp-json\/wp\/v2\/posts"}],"about":[{"href":"https:\/\/www.lintelligentdabidjan.info\/news\/wp-json\/wp\/v2\/types\/post"}],"author":[{"embeddable":true,"href":"https:\/\/www.lintelligentdabidjan.info\/news\/wp-json\/wp\/v2\/users\/3"}],"replies":[{"embeddable":true,"href":"https:\/\/www.lintelligentdabidjan.info\/news\/wp-json\/wp\/v2\/comments?post=24937"}],"version-history":[{"count":1,"href":"https:\/\/www.lintelligentdabidjan.info\/news\/wp-json\/wp\/v2\/posts\/24937\/revisions"}],"predecessor-version":[{"id":24939,"href":"https:\/\/www.lintelligentdabidjan.info\/news\/wp-json\/wp\/v2\/posts\/24937\/revisions\/24939"}],"wp:featuredmedia":[{"embeddable":true,"href":"https:\/\/www.lintelligentdabidjan.info\/news\/wp-json\/wp\/v2\/media\/24946"}],"wp:attachment":[{"href":"https:\/\/www.lintelligentdabidjan.info\/news\/wp-json\/wp\/v2\/media?parent=24937"}],"wp:term":[{"taxonomy":"category","embeddable":true,"href":"https:\/\/www.lintelligentdabidjan.info\/news\/wp-json\/wp\/v2\/categories?post=24937"},{"taxonomy":"post_tag","embeddable":true,"href":"https:\/\/www.lintelligentdabidjan.info\/news\/wp-json\/wp\/v2\/tags?post=24937"}],"curies":[{"name":"wp","href":"https:\/\/api.w.org\/{rel}","templated":true}]}}