{"id":24940,"date":"2021-01-22T00:30:01","date_gmt":"2021-01-21T23:30:01","guid":{"rendered":"https:\/\/www.lintelligentdabidjan.info\/news\/?p=24940"},"modified":"2021-01-22T00:30:24","modified_gmt":"2021-01-21T23:30:24","slug":"sidi-toure-ministre-de-la-communication-et-des-medias-le-fondement-de-la-presse-cest-la-liberte","status":"publish","type":"post","link":"https:\/\/www.lintelligentdabidjan.info\/news\/sidi-toure-ministre-de-la-communication-et-des-medias-le-fondement-de-la-presse-cest-la-liberte\/","title":{"rendered":"Sidi Tour\u00e9, ministre de la Communication et des M\u00e9dias :   \u00abLe fondement de la presse, c&#8217;est la libert\u00e9\u00bb"},"content":{"rendered":"<p><em><strong>Le jeudi 21 janvier 2021, le ministre de la Communication et des M\u00e9dias, Sidi Ti\u00e9moko Tour\u00e9, a rencontr\u00e9 les organisations professionnelles du secteur et les structures sous tutelle, \u00e0 l&#8217;Istc Polytechnique Abidjan-Cocody, pour dresser le bilan de l&#8217;ann\u00e9e \u00e9coul\u00e9e et les perspectives de la nouvelle ann\u00e9e 2021.<\/strong><\/em><\/p>\n<p>\u00c0 cette occasion, le ministre Sidi Ti\u00e9moko Tour\u00e9, a annonc\u00e9 les pr\u00e9visions dans le secteur pour l&#8217;ann\u00e9e 2021 : \u00ab2019 \u00e9tait la premi\u00e8re ann\u00e9e de la mise en \u0153uvre de la Politique nationale de Communication et des m\u00e9dias (Ponacom), notre cadre de r\u00e9f\u00e9rence pour nos projets de transformation du secteur. 2020 devait tenir toutes les promesses. \u00c0 la fin, nos pronostics et pr\u00e9visions se sont av\u00e9r\u00e9s injustes, l&#8217;ann\u00e9e a \u00e9t\u00e9 plus difficile que pr\u00e9vue. Au niveau du secteur audiovisuel, on note avec satisfaction l&#8217;extension du r\u00e9seau TNT qui couvre d\u00e9sormais 70% des populations, avec en perspective une promesse d&#8217;ach\u00e8vement de construction du r\u00e9seau en 2021. On a \u00e0 ce propos, le d\u00e9marrage effectif de la diffusion, au cours de 2020 de trois (03) nouvelles cha\u00eenes de la TNT portant l&#8217;ensemble \u00e0 six (06) sur les sept (07) attendues. Nous entrevoyons au cours de cette ann\u00e9e une meilleure structuration de la pi\u00e8ce manquante de l&#8217;environnement audiovisuel, \u00e0 savoir un syst\u00e8me de mesures d&#8217;audiences des cha\u00eenes. Ce syst\u00e8me permettra de faire \u00e9merger une saine comp\u00e9tition et renforcera votre besoin permanent de toujours bien faire votre travail&gt;&gt;. Le ministre a \u00e9galement r\u00e9pondu \u00e0 certaines dol\u00e9ances pos\u00e9es par le pr\u00e9sident du Groupement des \u00e9diteurs de presse de C\u00f4te d&#8217;Ivoire (Gepci), Lassana Zohor\u00e9. &lt;&lt; Au niveau de la presse et les nouveaux m\u00e9dias, nous voulons tous, une presse libre parce que le fondement de la presse, c&#8217;est la libert\u00e9. Toutes les initiatives du gouvernement visent \u00e0 vous garantir cela. D&#8217;ailleurs, vous noterez avec moi que depuis une d\u00e9cennie, notre pays conquiert des points dans le classement de Reporter sans fronti\u00e8res. En 2011, la C\u00f4te d&#8217;Ivoire occupait la 159\u00e8me place sur 179 pays. En 2018, elle occupait la 82\u00e8me place du classement mondial. En 2019, elle a gagn\u00e9 11 places et \u00e9tait \u00e0 71 \u00e8me. En 2020, elle monte 3 marches pour \u00eatre \u00e0 la 78 \u00e8me place. Nous avons compris que la qu\u00eate de cette libert\u00e9 est permanente. C&#8217;est afin que nous garantissions cette progression permanente, que le gouvernement a d\u00e9cid\u00e9 d&#8217;accro\u00eetre annuellement ses appuis \u00e0 la presse. L&#8217;aide \u00e0 la presse l&#8217;ann\u00e9e derni\u00e8re \u00e9tait \u00e0 1,50 milliard Francs CFA contre 1,30 milliard en 2019, et 790 millions de francs CFA en 2018. La question de la distribution de la presse est aujourd&#8217;hui presque r\u00e9solue par la prise en main des associ\u00e9s de la soci\u00e9t\u00e9 \u00c9dipresse. (&#8230;) Nous restons attentifs \u00e0 votre demande de soutien \u00e0 l&#8217;impression. L&#8217;\u00c9tat est pr\u00eat \u00e0 vous accompagner mais l&#8217;\u00c9tat, dans sa posture de garant de la l\u00e9galit\u00e9, ne peut qu&#8217;exiger le respect des normes et sa conformit\u00e9. L&#8217;\u00c9tat attend de vous que vous soyez en r\u00e8gle notamment en application des normes salariales en assurant la s\u00e9curit\u00e9 sociale de vos collaborateurs. Afin de vous aider \u00e0 vous inscrire dans une d\u00e9marche conventionnelle de bonne gouvernance, gage d&#8217;une saine gestion de vos entreprises, je vous sugg\u00e8re l&#8217;id\u00e9e de la mise place d&#8217;un Centre de gestion agr\u00e9\u00e9 (Cga) sp\u00e9cifique \u00e0 votre secteur par vous\u00bb. Comme pr\u00e9vision, Sidi Tour\u00e9 a annonc\u00e9 une r\u00e9forme du Fonds de soutien et de d\u00e9veloppement de la presse (Fsdp) afin d&#8217;\u00e9largir son champ d&#8217;intervention pour la prise en compte des autres m\u00e9dias.<br \/>\n<strong><br \/>\nMO avec KN<\/strong><\/p>\n<p>Pour acheter votre journal du jour en PDF &#8211; les archives et les num\u00e9ros r\u00e9cents, cliquer \u00a0&#8230;..<\/p>\n<p><a href=\"https:\/\/www.lintelligentdabidjan.info\/client\/produit\/n3749-4\/\">https:\/\/www.lintelligentdabidjan.info\/client\/produit\/n3749-4\/<\/a><\/p>\n","protected":false},"excerpt":{"rendered":"<p>Le jeudi 21 janvier 2021, le ministre de la Communication et des M\u00e9dias, Sidi Ti\u00e9moko Tour\u00e9, a rencontr\u00e9 les organisations professionnelles du secteur et les structures sous tutelle, \u00e0 l&#8217;Istc Polytechnique Abidjan-Cocody, pour dresser le bilan de l&#8217;ann\u00e9e \u00e9coul\u00e9e et les perspectives de la nouvelle ann\u00e9e 2021. \u00c0 cette occasion, le ministre Sidi Ti\u00e9moko Tour\u00e9, [&hellip;]<\/p>\n","protected":false},"author":3,"featured_media":24941,"comment_status":"closed","ping_status":"closed","sticky":false,"template":"","format":"standard","meta":{"_monsterinsights_skip_tracking":false,"_monsterinsights_sitenote_active":false,"_monsterinsights_sitenote_note":"","_monsterinsights_sitenote_category":0,"footnotes":""},"categories":[2,3],"tags":[],"class_list":["post-24940","post","type-post","status-publish","format-standard","has-post-thumbnail","hentry","category-featured","category-societe"],"_links":{"self":[{"href":"https:\/\/www.lintelligentdabidjan.info\/news\/wp-json\/wp\/v2\/posts\/24940","targetHints":{"allow":["GET"]}}],"collection":[{"href":"https:\/\/www.lintelligentdabidjan.info\/news\/wp-json\/wp\/v2\/posts"}],"about":[{"href":"https:\/\/www.lintelligentdabidjan.info\/news\/wp-json\/wp\/v2\/types\/post"}],"author":[{"embeddable":true,"href":"https:\/\/www.lintelligentdabidjan.info\/news\/wp-json\/wp\/v2\/users\/3"}],"replies":[{"embeddable":true,"href":"https:\/\/www.lintelligentdabidjan.info\/news\/wp-json\/wp\/v2\/comments?post=24940"}],"version-history":[{"count":1,"href":"https:\/\/www.lintelligentdabidjan.info\/news\/wp-json\/wp\/v2\/posts\/24940\/revisions"}],"predecessor-version":[{"id":24942,"href":"https:\/\/www.lintelligentdabidjan.info\/news\/wp-json\/wp\/v2\/posts\/24940\/revisions\/24942"}],"wp:featuredmedia":[{"embeddable":true,"href":"https:\/\/www.lintelligentdabidjan.info\/news\/wp-json\/wp\/v2\/media\/24941"}],"wp:attachment":[{"href":"https:\/\/www.lintelligentdabidjan.info\/news\/wp-json\/wp\/v2\/media?parent=24940"}],"wp:term":[{"taxonomy":"category","embeddable":true,"href":"https:\/\/www.lintelligentdabidjan.info\/news\/wp-json\/wp\/v2\/categories?post=24940"},{"taxonomy":"post_tag","embeddable":true,"href":"https:\/\/www.lintelligentdabidjan.info\/news\/wp-json\/wp\/v2\/tags?post=24940"}],"curies":[{"name":"wp","href":"https:\/\/api.w.org\/{rel}","templated":true}]}}